{"id":331733,"date":"2025-08-20T14:15:12","date_gmt":"2025-08-20T14:15:12","guid":{"rendered":"https:\/\/www.europesays.com\/fr\/331733\/"},"modified":"2025-08-20T14:15:12","modified_gmt":"2025-08-20T14:15:12","slug":"us-open-anna-ivanovic-novak-sait-ce-quil-fait-je-le-pense-vraiment-il-est-encore-fort-mentalement-et-en-pleine-forme-physique","status":"publish","type":"post","link":"https:\/\/www.europesays.com\/fr\/331733\/","title":{"rendered":"US Open > Anna Ivanovic : \u00ab\u00a0Novak sait ce qu&rsquo;il fait, je le pense vraiment. Il est encore fort mentalement et en pleine forme physique\u00a0\u00bb"},"content":{"rendered":"<p>L\u2019ancienne cham\u00adpionne serbe est tr\u00e8s opti\u00admiste concer\u00adnant Novak \u00e0 cet Us Open. Pour elle, les voyants sont au vert malgr\u00e9 le manque de pr\u00e9pa\u00adra\u00adtion. Elle s\u2019est exprim\u00e9e aupr\u00e8s du m\u00e9dia<strong><a href=\"https:\/\/sporty.com\/news\/video\/does-ana-ivanovic-think-novak-djokovic-can-win-the-us-open\/p28x0gahfq8t1b4c1zkgnyeqm\" data-wpel-link=\"external\" target=\"_blank\" rel=\"nofollow external noopener\"> Sporty.<\/a><\/strong><\/p>\n<p><strong>\u00ab\u202fNovak sait ce qu\u2019il fait, je le pense vrai\u00adment. Il est vrai\u00adment excep\u00adtionnel. J\u2019ai parl\u00e9 de son \u00e2ge, mais il n\u2019est pas si vieux que \u00e7a. Il est encore fort menta\u00adle\u00adment et en pleine forme physique. C\u2019est un gros effort physique. Novak r\u00e9duit le nombre de tour\u00adnois auxquels il parti\u00adcipe, ce qui est tout \u00e0 fait logique. Cependant, dans les phases finales du tournoi, ces efforts peuvent s\u2019av\u00e9rer n\u00e9ces\u00adsaires, tout comme la condi\u00adtion physique acquise au fil des matchs. Je pense que sa r\u00e9cu\u00adp\u00e9\u00adra\u00adtion apr\u00e8s les matchs, sa forme physique et son mental sont toujours l\u00e0. Je le vois clai\u00adre\u00adment aller loin en tournoi\u202f\u00bb<\/strong><\/p>\n<p class=\"post-published-date\" style=\"color: silver; font-size: 75%; text-align: left;\">Publi\u00e9 le mercredi 20 ao\u00fbt 2025 \u00e0 13:13<\/p>\n","protected":false},"excerpt":{"rendered":"L\u2019ancienne cham\u00adpionne serbe est tr\u00e8s opti\u00admiste concer\u00adnant Novak \u00e0 cet Us Open. Pour elle, les voyants sont au&hellip;\n","protected":false},"author":2,"featured_media":331734,"comment_status":"","ping_status":"","sticky":false,"template":"","format":"standard","meta":{"footnotes":""},"categories":[1415],"tags":[105,1011,27,60,1467],"class_list":{"0":"post-331733","1":"post","2":"type-post","3":"status-publish","4":"format-standard","5":"has-post-thumbnail","7":"category-tennis","8":"tag-djokovic","9":"tag-fr","10":"tag-france","11":"tag-sports","12":"tag-tennis"},"share_on_mastodon":{"url":"https:\/\/pubeurope.com\/@fr\/115061517381027234","error":""},"_links":{"self":[{"href":"https:\/\/www.europesays.com\/fr\/wp-json\/wp\/v2\/posts\/331733","targetHints":{"allow":["GET"]}}],"collection":[{"href":"https:\/\/www.europesays.com\/fr\/wp-json\/wp\/v2\/posts"}],"about":[{"href":"https:\/\/www.europesays.com\/fr\/wp-json\/wp\/v2\/types\/post"}],"author":[{"embeddable":true,"href":"https:\/\/www.europesays.com\/fr\/wp-json\/wp\/v2\/users\/2"}],"replies":[{"embeddable":true,"href":"https:\/\/www.europesays.com\/fr\/wp-json\/wp\/v2\/comments?post=331733"}],"version-history":[{"count":0,"href":"https:\/\/www.europesays.com\/fr\/wp-json\/wp\/v2\/posts\/331733\/revisions"}],"wp:featuredmedia":[{"embeddable":true,"href":"https:\/\/www.europesays.com\/fr\/wp-json\/wp\/v2\/media\/331734"}],"wp:attachment":[{"href":"https:\/\/www.europesays.com\/fr\/wp-json\/wp\/v2\/media?parent=331733"}],"wp:term":[{"taxonomy":"category","embeddable":true,"href":"https:\/\/www.europesays.com\/fr\/wp-json\/wp\/v2\/categories?post=331733"},{"taxonomy":"post_tag","embeddable":true,"href":"https:\/\/www.europesays.com\/fr\/wp-json\/wp\/v2\/tags?post=331733"}],"curies":[{"name":"wp","href":"https:\/\/api.w.org\/{rel}","templated":true}]}}