{"id":331737,"date":"2025-08-20T14:18:14","date_gmt":"2025-08-20T14:18:14","guid":{"rendered":"https:\/\/www.europesays.com\/fr\/331737\/"},"modified":"2025-08-20T14:18:14","modified_gmt":"2025-08-20T14:18:14","slug":"comment-le-grand-innovateur-rob-marshall-sinscrit-dans-les-succes-de-mclaren","status":"publish","type":"post","link":"https:\/\/www.europesays.com\/fr\/331737\/","title":{"rendered":"Comment le \u00ab\u00a0grand innovateur\u00a0\u00bb Rob Marshall s&rsquo;inscrit dans les succ\u00e8s de McLaren"},"content":{"rendered":"<p><a href=\"https:\/\/fr.motorsport.com\/team\/mclaren\/609\/\" target=\"_blank\" rel=\"noopener\">McLaren<\/a> \u00e9tait en pleine ascension au cours de la seconde moiti\u00e9 de la saison 2023 de F1, mais l&rsquo;arriv\u00e9e de Rob Marshall au sein de son \u00e9quipe technique en janvier 2024, au poste de chef designer, est largement consid\u00e9r\u00e9e comme un facteur cl\u00e9 dans la poursuite des progr\u00e8s de l&rsquo;\u00e9curie.<\/p>\n<p>Marshall, qui a \u00e9t\u00e9 recrut\u00e9 chez <a href=\"https:\/\/fr.motorsport.com\/team\/red-bull\/553\/\" target=\"_blank\" rel=\"noopener\">Red Bull<\/a> apr\u00e8s ses nombreux succ\u00e8s en 2022 et 2023, a particip\u00e9 au d\u00e9veloppement de la MCL38 de 2024 en cours de saison avant de jouer un r\u00f4le plus important dans la conception de la MCL39 de cette ann\u00e9e, actuellement et largement en t\u00eate <a href=\"https:\/\/fr.motorsport.com\/f1\/standings\/2025\/\" target=\"_self\" rel=\"noopener\">des deux championnats<\/a>.<\/p>\n<p>L&rsquo;approche du Britannique a \u00e9t\u00e9 salu\u00e9e par l&rsquo;ancien directeur technique d&rsquo;<a href=\"https:\/\/fr.motorsport.com\/team\/aston-martin\/806\/\" target=\"_blank\" rel=\"noopener\">Aston Martin<\/a>, Dan Fallows, qui a travaill\u00e9 avec Marshall chez Red Bull avant de rejoindre l&rsquo;\u00e9curie de Silverstone.<\/p>\n<p>Intervenant dans le podcast \u00ab\u00a0James Allen on F1\u00a0\u00bb, Fallows a soulign\u00e9 les points forts de Marshall et a sugg\u00e9r\u00e9 que sa capacit\u00e9 \u00e0 jouer le r\u00f4le d&rsquo;interm\u00e9diaire pour s&rsquo;assurer que les d\u00e9partements charg\u00e9s de la dynamique du v\u00e9hicule et de l&rsquo;a\u00e9rodynamique soient sur la m\u00eame longueur d&rsquo;onde \u00e9tait probablement un facteur d\u00e9terminant dans le succ\u00e8s de McLaren.<\/p>\n<p>Il a ajout\u00e9 que l&rsquo;approche de McLaren en mati\u00e8re de design de la suspension de sa MCL39, qui se caract\u00e9rise par un placement des bras visant des propri\u00e9t\u00e9s anti-plong\u00e9e, avait probablement \u00e9t\u00e9 influenc\u00e9e par Marshall.<\/p>\n<p>\u00ab\u00a0Nous l&rsquo;appelions &lsquo;Oncle Rob&rsquo;, c&rsquo;est un type adorable\u00a0\u00bb, a expliqu\u00e9 Fallows. \u00ab\u00a0Je pense que cela fait probablement partie de son influence \u00e0 bien des \u00e9gards. C&rsquo;est quelqu&rsquo;un qui sait rassembler les gens. Il est sans artifice et ne fait pas de politique.\u00a0\u00bb<\/p>\n<p>   <img decoding=\"async\" draggable=\"false\" src=\"https:\/\/www.europesays.com\/fr\/wp-content\/uploads\/2025\/08\/rob-marshall-sebastian-vettel--1.jpg\" alt=\"Rob Marshall, tout \u00e0 gauche, aux c\u00f4t\u00e9s de Sebastian Vettel, Adrian Newey, Mark Webber et Christian Horner lors du lancement de la Red Bull de 2009.\" width=\"1200\" height=\"800\" loading=\"lazy\"\/> <\/p>\n<p class=\"title\">Rob Marshall, tout \u00e0 gauche, aux c\u00f4t\u00e9s de Sebastian Vettel, Adrian Newey, Mark Webber et Christian Horner lors du lancement de la Red Bull de 2009.<\/p>\n<p class=\"photographer\">Photo de: Andrew Ferraro \/ Motorsport Images<\/p>\n<p>\u00ab\u00a0Parfois, en particulier avec cette r\u00e9glementation, o\u00f9 il est tr\u00e8s important de pouvoir faire le lien entre l&rsquo;a\u00e9rodynamique et la dynamique du v\u00e9hicule, il est essentiel que la suspension fonctionne correctement avec l&rsquo;a\u00e9rodynamique. C&rsquo;est quelqu&rsquo;un qui peut aider \u00e0 combler le foss\u00e9 entre les d\u00e9partements.\u00a0\u00bb<\/p>\n<p>\u00ab\u00a0Je ne sais pas comment ils travaillaient avant, mais c&rsquo;est clairement quelqu&rsquo;un qui en est capable. Mais c&rsquo;est aussi un grand innovateur. Donc, s&rsquo;ils rencontrent des probl\u00e8mes particuliers, notamment sur le plan m\u00e9canique, c&rsquo;est quelqu&rsquo;un qui est tr\u00e8s dou\u00e9 pour trouver des solutions cr\u00e9atives.\u00a0\u00bb<\/p>\n<p>\u00ab\u00a0Je pense que nous avons vu des innovations int\u00e9ressantes de leur part sur la suspension, par exemple. Je ne dis pas que c&rsquo;est n\u00e9cessairement lui, mais cela porte clairement sa marque. Je pense qu&rsquo;il est capable de faire cela et aussi d&rsquo;\u00eatre cette figure de proue, quelqu&rsquo;un \u00e0 qui on peut parler. C&rsquo;est tr\u00e8s utile dans une \u00e9quipe qui est particuli\u00e8rement sous pression. Je pense qu&rsquo;il a probablement eu un impact.\u00a0\u00bb<\/p>\n<p>McLaren a un plan<\/p>\n<p>Expliquant en quoi McLaren s&rsquo;\u00e9tait d\u00e9marqu\u00e9e selon lui, Fallows a soulign\u00e9 que l&rsquo;approche de l&rsquo;\u00e9quipe en mati\u00e8re de d\u00e9veloppement \u00e9tait coh\u00e9rente avec un plan global d&rsquo;\u00e9volution. Plut\u00f4t que de rechercher des gains imm\u00e9diats, McLaren a opt\u00e9 pour une d\u00e9marche prudente consistant \u00e0 produire des \u00e9volutions, \u00e0 les tester en essais libres avant de les int\u00e9grer compl\u00e8tement \u00e0 la voiture.<\/p>\n<p>Cela a \u00e9t\u00e9 particuli\u00e8rement visible au cours des deux derni\u00e8res saisons. Par exemple, McLaren a pr\u00e9sent\u00e9 un nouvel aileron avant lors du Grand Prix du Canada, mais ne l&rsquo;a utilis\u00e9 qu&rsquo;en essais pour recueillir des donn\u00e9es avant de d\u00e9cider de l&rsquo;installer sur la voiture en Autriche.<\/p>\n<p>\u00ab\u00a0Depuis qu&rsquo;ils ont fait un bond en avant en termes de performances en 2023, ce qui m&rsquo;impressionne, c&rsquo;est que certaines de leurs \u00e9volutions ne sont pas tr\u00e8s visibles, mais qu&rsquo;ils ont clairement un plan\u00a0\u00bb, explique Fallows.<\/p>\n<p>   <img decoding=\"async\" draggable=\"false\" src=\"https:\/\/www.europesays.com\/fr\/wp-content\/uploads\/2025\/08\/jonathan-wheatley-team-manager.jpg\" alt=\"Jonathan Wheatley, Rob Marshall et David Coulthard.\" width=\"1200\" height=\"800\" loading=\"lazy\"\/> <\/p>\n<p class=\"title\">Jonathan Wheatley, Rob Marshall et David Coulthard.<\/p>\n<p class=\"photographer\">Photo de: Mark Sutton \/ Motorsport Images<\/p>\n<p>\u00ab\u00a0Ils s&rsquo;y sont tenus, ils ont d\u00e9fini une philosophie pour am\u00e9liorer la voiture, ils ont progressivement peaufin\u00e9 les d\u00e9tails et sont devenus de plus en plus rapides. Je sais par exp\u00e9rience, comme tout le monde dans le paddock, que ces r\u00e8glements sont tr\u00e8s complexes et qu&rsquo;il est tr\u00e8s difficile d&rsquo;avoir des performances fiables et de savoir si ce que l&rsquo;on installe sur la voiture va fonctionner. Mais ils semblent y parvenir.\u00a0\u00bb<\/p>\n<p>\u00ab\u00a0C&rsquo;est probablement ce qui m&rsquo;a le plus impressionn\u00e9. Le fait qu&rsquo;ils soient clients [moteur] actuellement est sans doute moins pertinent\u00a0; le moteur <a href=\"https:\/\/fr.motorsport.com\/team\/mercedes\/611\/\" target=\"_blank\" rel=\"noopener\">Mercedes<\/a> est tr\u00e8s bon, mais je pense que la plupart des moteurs sont, \u00e0 ce stade de la r\u00e9glementation, assez performants et r\u00e9guliers.\u00a0\u00bb<\/p>\n<p>\u00ab\u00a0Ils fabriquent leurs propres bo\u00eetes de vitesses. Ils font suffisamment de travail sur la voiture pour pouvoir faire la diff\u00e9rence. Je pense que c&rsquo;est exactement ce qu&rsquo;ils ont fait. Ils ont simplement r\u00e9ussi \u00e0 int\u00e9grer ces am\u00e9liorations \u00e0 la voiture de mani\u00e8re coh\u00e9rente. Elles fonctionnent de fa\u00e7on fiable et ils ont r\u00e9ussi \u00e0 garder une longueur d&rsquo;avance sur tous leurs concurrents.\u00a0\u00bb<\/p>\n<p>Lire aussi :<\/p>\n<p>Dans cet article<\/p>\n<p>Soyez le premier inform\u00e9 et souscrivez aux alertes mails pour recevoir les infos en temps r\u00e9el<\/p>\n<p>    S&rsquo;abonner aux alertes de news<\/p>\n","protected":false},"excerpt":{"rendered":"McLaren \u00e9tait en pleine ascension au cours de la seconde moiti\u00e9 de la saison 2023 de F1, mais&hellip;\n","protected":false},"author":2,"featured_media":331738,"comment_status":"","ping_status":"","sticky":false,"template":"","format":"standard","meta":{"footnotes":""},"categories":[1412],"tags":[46901,1451,1452,1453,1454,1455,1011,27,2243,4475,2241,46902,60],"class_list":{"0":"post-331737","1":"post","2":"type-post","3":"status-publish","4":"format-standard","5":"has-post-thumbnail","7":"category-f1","8":"tag-comment-le-grand-innovateur-rob-marshall-sinscrit-dans-les-succu00e8s-de-mclaren","9":"tag-f1","10":"tag-formula-1","11":"tag-formula1","12":"tag-formule-1","13":"tag-formule1","14":"tag-fr","15":"tag-france","16":"tag-lando-norris","17":"tag-mclaren","18":"tag-oscar-piastri","19":"tag-rob-marshall","20":"tag-sports"},"share_on_mastodon":{"url":"https:\/\/pubeurope.com\/@fr\/115061529295819669","error":""},"_links":{"self":[{"href":"https:\/\/www.europesays.com\/fr\/wp-json\/wp\/v2\/posts\/331737","targetHints":{"allow":["GET"]}}],"collection":[{"href":"https:\/\/www.europesays.com\/fr\/wp-json\/wp\/v2\/posts"}],"about":[{"href":"https:\/\/www.europesays.com\/fr\/wp-json\/wp\/v2\/types\/post"}],"author":[{"embeddable":true,"href":"https:\/\/www.europesays.com\/fr\/wp-json\/wp\/v2\/users\/2"}],"replies":[{"embeddable":true,"href":"https:\/\/www.europesays.com\/fr\/wp-json\/wp\/v2\/comments?post=331737"}],"version-history":[{"count":0,"href":"https:\/\/www.europesays.com\/fr\/wp-json\/wp\/v2\/posts\/331737\/revisions"}],"wp:featuredmedia":[{"embeddable":true,"href":"https:\/\/www.europesays.com\/fr\/wp-json\/wp\/v2\/media\/331738"}],"wp:attachment":[{"href":"https:\/\/www.europesays.com\/fr\/wp-json\/wp\/v2\/media?parent=331737"}],"wp:term":[{"taxonomy":"category","embeddable":true,"href":"https:\/\/www.europesays.com\/fr\/wp-json\/wp\/v2\/categories?post=331737"},{"taxonomy":"post_tag","embeddable":true,"href":"https:\/\/www.europesays.com\/fr\/wp-json\/wp\/v2\/tags?post=331737"}],"curies":[{"name":"wp","href":"https:\/\/api.w.org\/{rel}","templated":true}]}}