{"id":331739,"date":"2025-08-20T14:19:13","date_gmt":"2025-08-20T14:19:13","guid":{"rendered":"https:\/\/www.europesays.com\/fr\/331739\/"},"modified":"2025-08-20T14:19:13","modified_gmt":"2025-08-20T14:19:13","slug":"vuelta-tour-despagne-privee-de-max-poole-la-picnic-postnl-compte-sur-casper-van-uden","status":"publish","type":"post","link":"https:\/\/www.europesays.com\/fr\/331739\/","title":{"rendered":"Vuelta. Tour d&rsquo;Espagne &#8211; Priv\u00e9e de Max Poole, la Picnic PostNL compte sur Casper van Uden"},"content":{"rendered":"<p>Dans la foul\u00e9e de l&rsquo;annonce du forfait de derni\u00e8re minute de\u00a0<strong><a href=\"https:\/\/www.cyclismactu.net\/..\/news-vuelta-route-tour-d-espagne-virus-d-epstein-barr-et-mononucleose-max-poole-declare-forfait-89693.html\" target=\"_blank\" rel=\"nofollow noopener\">Max Poole<\/a><\/strong>, victime du\u00a0virus d&rsquo;Epstein-Barr\u00a0avec mononucl\u00e9ose infectieuse, la formation <strong>Picnic PostNL<\/strong> a d\u00e9voil\u00e9 sa s\u00e9lection pour le dernier Grand Tour de la saison, <strong>La Vuelta<\/strong>, qui s&rsquo;\u00e9lance ce samedi de Turin en Italie. Avec seulement quatre succ\u00e8s au compteur en 2025 et toujours \u00e0 la lutte pour le maintien en WorldTour, l&rsquo;\u00e9quipe n\u00e9erlandaise esp\u00e8re bien poursuivre sa bonne s\u00e9rie sur les \u00e9preuves de trois semaines cette ann\u00e9e, avec une victoire d&rsquo;\u00e9tape sur le <strong>Giro<\/strong> puis un excellent <strong>Tour de France<\/strong> dans le sillage d&rsquo;<strong>Oscar Onley<\/strong> (4e). En l&rsquo;absence de son leader annonc\u00e9 pour le g\u00e9n\u00e9ral, les ambitions seront bien \u00e9videmment tourn\u00e9es vers les \u00e9tapes, avec en fer de lance le sprinteur <strong><a href=\"https:\/\/www.cyclismactu.net\/..\/news-tour-d-italie-route-casper-van-uden-s-offre-4e-etape-devant-kooij-et-pedersen-87830.html\" target=\"_blank\" rel=\"nofollow noopener\">Casper van Uden<\/a><\/strong>, qui entend bien prouver que son succ\u00e8s surprise en Italie n&rsquo;\u00e9tait pas le fruit du hasard.<\/p>\n<p>Vid\u00e9o &#8211; Van Uden avait cr\u00e9\u00e9 la surprise sur la 4e \u00e9tape du Giro Lire la suite de l&rsquo;article&#13;<\/p>\n<p>\u00a0<\/p>\n<p>&#13;<br \/>\nUne s\u00e9lection Picnic PostNL comme souvent tr\u00e8s jeune et inexp\u00e9riment\u00e9e&#13;<\/p>\n<p><strong>Chris Hamilton<\/strong> et\u00a0<strong>Kevin Vermaerke<\/strong> seront eux les cartes privil\u00e9gi\u00e9es pour les terrains plus vallonn\u00e9s. Le reste du huit de d\u00e9part fait la part belle \u00e0 la jeunesse, <strong>Patrick Eddy<\/strong> (22 ans),\u00a0<strong>Bjorn Koerdt<\/strong> (21 ans) et\u00a0<strong>Juan Martinez<\/strong> (20 ans) participant \u00e0 leur tout premier Grand Tour en carri\u00e8re. Plus exp\u00e9riment\u00e9s,\u00a0<strong>Gijs Leemreize<\/strong> et\u00a0<strong>Timo Roosen<\/strong> auront pour principal r\u00f4le d&rsquo;encadrer ces jeunes pousses et de servir de capitaines de route pour ces trois semaines \u00e0 venir.<\/p>\n","protected":false},"excerpt":{"rendered":"Dans la foul\u00e9e de l&rsquo;annonce du forfait de derni\u00e8re minute de\u00a0Max Poole, victime du\u00a0virus d&rsquo;Epstein-Barr\u00a0avec mononucl\u00e9ose infectieuse, la&hellip;\n","protected":false},"author":2,"featured_media":331740,"comment_status":"","ping_status":"","sticky":false,"template":"","format":"standard","meta":{"footnotes":""},"categories":[1411],"tags":[1154,207,1011,27,209,60,3318,208],"class_list":{"0":"post-331739","1":"post","2":"type-post","3":"status-publish","4":"format-standard","5":"has-post-thumbnail","7":"category-cyclisme","8":"tag-cycling","9":"tag-cyclisme","10":"tag-fr","11":"tag-france","12":"tag-route","13":"tag-sports","14":"tag-tour-d","15":"tag-velo"},"share_on_mastodon":{"url":"https:\/\/pubeurope.com\/@fr\/115061533119303124","error":""},"_links":{"self":[{"href":"https:\/\/www.europesays.com\/fr\/wp-json\/wp\/v2\/posts\/331739","targetHints":{"allow":["GET"]}}],"collection":[{"href":"https:\/\/www.europesays.com\/fr\/wp-json\/wp\/v2\/posts"}],"about":[{"href":"https:\/\/www.europesays.com\/fr\/wp-json\/wp\/v2\/types\/post"}],"author":[{"embeddable":true,"href":"https:\/\/www.europesays.com\/fr\/wp-json\/wp\/v2\/users\/2"}],"replies":[{"embeddable":true,"href":"https:\/\/www.europesays.com\/fr\/wp-json\/wp\/v2\/comments?post=331739"}],"version-history":[{"count":0,"href":"https:\/\/www.europesays.com\/fr\/wp-json\/wp\/v2\/posts\/331739\/revisions"}],"wp:featuredmedia":[{"embeddable":true,"href":"https:\/\/www.europesays.com\/fr\/wp-json\/wp\/v2\/media\/331740"}],"wp:attachment":[{"href":"https:\/\/www.europesays.com\/fr\/wp-json\/wp\/v2\/media?parent=331739"}],"wp:term":[{"taxonomy":"category","embeddable":true,"href":"https:\/\/www.europesays.com\/fr\/wp-json\/wp\/v2\/categories?post=331739"},{"taxonomy":"post_tag","embeddable":true,"href":"https:\/\/www.europesays.com\/fr\/wp-json\/wp\/v2\/tags?post=331739"}],"curies":[{"name":"wp","href":"https:\/\/api.w.org\/{rel}","templated":true}]}}