{"id":331741,"date":"2025-08-20T14:20:12","date_gmt":"2025-08-20T14:20:12","guid":{"rendered":"https:\/\/www.europesays.com\/fr\/331741\/"},"modified":"2025-08-20T14:20:12","modified_gmt":"2025-08-20T14:20:12","slug":"asensio-a-trouve-un-accord-le-psg-va-recevoir-une-belle-offre","status":"publish","type":"post","link":"https:\/\/www.europesays.com\/fr\/331741\/","title":{"rendered":"Asensio a trouv\u00e9 un accord, le PSG va recevoir une belle offre"},"content":{"rendered":"<p><strong>Marco Asensio, milieu de terrain\/attaquant du Paris Saint-Germain \u00e2g\u00e9 de 29 ans et sous contrat jusqu\u2019en 2026, n\u2019a pas r\u00e9ussi \u00e0 pleinement s\u2019imposer avec le coach Luis Enrique. Alors il a \u00e9t\u00e9 pr\u00eat\u00e9 \u00e0 Aston Villa pour la seconde partie de saison 2024-2025. Le club anglais travaille d\u00e9sormais sur un transfert d\u00e9finitif. Caught Offside affirme qu\u2019il se dessine, alors que l\u2019Espagnol a d\u00e9j\u00e0 donn\u00e9 son accord.<\/strong><\/p>\n<blockquote>\n<p>\u00ab\u00a0Aston Villa aurait b\u00e9n\u00e9fici\u00e9 d\u2019un important coup de pouce pour le retour de Marco Asensio, puisque le meneur de jeu du Paris Saint-Germain a un accord pour un contrat de trois ans.<\/p>\n<p>Aston Villa est sur le point de signer d\u00e9finitivement Marco Asensio en provenance du Paris Saint-Germain, le club de Premier League pr\u00e9parant une offre pouvant atteindre 15 millions d\u2019euros.\u00a0\u00bb<\/p>\n<\/blockquote>\n<p>Une annonce plut\u00f4t cr\u00e9dible, du moins d\u2019autres m\u00e9dias ont d\u00e9j\u00e0 \u00e9voqu\u00e9 la volont\u00e9 d\u2019Aston Villa de faire venir Asensio. Le coach Unai Emery l\u2019appr\u00e9cierait tout particuli\u00e8rement. Rien d\u2019impossible, puisqu\u2019il s\u2019agit d\u2019un joueur talentueux \u00e0 qui il a surtout manqu\u00e9 un peu de r\u00e9gularit\u00e9. Mais il peut y avoir l\u2019espoir de l\u2019aider \u00e0 retrouver de la constance.<\/p>\n<p>Surtout que le prix n\u2019est pas tr\u00e8s \u00e9lev\u00e9, car il n\u2019a plus de place au PSG et il \u00e9tait arriv\u00e9 libre. Ce qui limite la prise de risque. Quant \u00e0 l\u2019Espagnol, c\u2019est une jolie sortie possible et il n\u2019y a pas grand-chose qui se dessine. Attention tout de m\u00eame, l\u2019accord total n\u2019est pas s\u00fbr et le mercato sait surprendre.<\/p>\n<p>\t\t\t\t\t\t\t\t\t\t\t\t\t\t\t\t\t\t\t\t\t\t\t<img loading=\"lazy\" src=\"https:\/\/www.europesays.com\/fr\/wp-content\/uploads\/2025\/04\/ParisFans_Logo.png\" decoding=\"async\" class=\"lazyload\" width=\"240\" height=\"54\" data-eio-rwidth=\"240\" data-eio-rheight=\"54\"\/><\/p>\n","protected":false},"excerpt":{"rendered":"Marco Asensio, milieu de terrain\/attaquant du Paris Saint-Germain \u00e2g\u00e9 de 29 ans et sous contrat jusqu\u2019en 2026, n\u2019a&hellip;\n","protected":false},"author":2,"featured_media":331742,"comment_status":"","ping_status":"","sticky":false,"template":"","format":"standard","meta":{"footnotes":""},"categories":[1410],"tags":[63,1011,27,4136,60,96],"class_list":{"0":"post-331741","1":"post","2":"type-post","3":"status-publish","4":"format-standard","5":"has-post-thumbnail","7":"category-football","8":"tag-football","9":"tag-fr","10":"tag-france","11":"tag-marco-asensio","12":"tag-sports","13":"tag-une"},"share_on_mastodon":{"url":"https:\/\/pubeurope.com\/@fr\/115061537391810940","error":""},"_links":{"self":[{"href":"https:\/\/www.europesays.com\/fr\/wp-json\/wp\/v2\/posts\/331741","targetHints":{"allow":["GET"]}}],"collection":[{"href":"https:\/\/www.europesays.com\/fr\/wp-json\/wp\/v2\/posts"}],"about":[{"href":"https:\/\/www.europesays.com\/fr\/wp-json\/wp\/v2\/types\/post"}],"author":[{"embeddable":true,"href":"https:\/\/www.europesays.com\/fr\/wp-json\/wp\/v2\/users\/2"}],"replies":[{"embeddable":true,"href":"https:\/\/www.europesays.com\/fr\/wp-json\/wp\/v2\/comments?post=331741"}],"version-history":[{"count":0,"href":"https:\/\/www.europesays.com\/fr\/wp-json\/wp\/v2\/posts\/331741\/revisions"}],"wp:featuredmedia":[{"embeddable":true,"href":"https:\/\/www.europesays.com\/fr\/wp-json\/wp\/v2\/media\/331742"}],"wp:attachment":[{"href":"https:\/\/www.europesays.com\/fr\/wp-json\/wp\/v2\/media?parent=331741"}],"wp:term":[{"taxonomy":"category","embeddable":true,"href":"https:\/\/www.europesays.com\/fr\/wp-json\/wp\/v2\/categories?post=331741"},{"taxonomy":"post_tag","embeddable":true,"href":"https:\/\/www.europesays.com\/fr\/wp-json\/wp\/v2\/tags?post=331741"}],"curies":[{"name":"wp","href":"https:\/\/api.w.org\/{rel}","templated":true}]}}