{"id":331743,"date":"2025-08-20T14:21:11","date_gmt":"2025-08-20T14:21:11","guid":{"rendered":"https:\/\/www.europesays.com\/fr\/331743\/"},"modified":"2025-08-20T14:21:11","modified_gmt":"2025-08-20T14:21:11","slug":"elle-devoile-son-refuge-a-valenciennes","status":"publish","type":"post","link":"https:\/\/www.europesays.com\/fr\/331743\/","title":{"rendered":"elle d\u00e9voile son refuge \u00e0 Valenciennes"},"content":{"rendered":"\n<p>Cet \u00e9t\u00e9, le visage du Portrait de la semaine dans Sept \u00e0 Huit est celui d\u2019H\u00e9l\u00e8ne Mannarino. Une mission d\u00e9licate, h\u00e9rit\u00e9e d\u2019Audrey Crespo-Mara, que la journaliste aborde avec la m\u00eame rigueur que depuis ses d\u00e9buts. Elle s\u2019impose aujourd\u2019hui comme l\u2019une des figures montantes de TF1, mais ne cesse de rappeler ce qui l\u2019ancre : une enfance dans le Nord, des attaches familiales solides et un \u00e9quilibre trouv\u00e9 \u00e0 Valenciennes, son refuge loin des studios parisiens.<\/p>\n<p>    Audrey Crespo-Mara et H\u00e9l\u00e8ne Mannarino, une passation en confiance <\/p>\n<p>N\u00e9e \u00e0 Saint-Saulve en 1990, issue d\u2019une fratrie de trois enfants, elle se <strong>passionne tr\u00e8s t\u00f4t pour le journalisme<\/strong>. Adolescente, elle effectue son premier stage \u00e0 La Voix du Nord et fr\u00e9quente d\u00e9j\u00e0 les plateaux t\u00e9l\u00e9. Elle se souvient d\u2019avoir accompagn\u00e9 ses parents dans le public de l\u2019\u00e9mission de Marc-Olivier Fogiel, ou d\u2019avoir regard\u00e9 religieusement le <a href=\"https:\/\/www.lejournaldelamaison.fr\/le-journal-de-la-maison\/reportages-maisons\/maisons-bord-de-mer\/patrick-poivre-darvor-decouvrez-maison-bretagne-475001.html\" rel=\"nofollow noopener\" target=\"_blank\">JT de Patrick Poivre d\u2019Arvor<\/a>. La graine est plant\u00e9e. Quelques ann\u00e9es plus tard, son chemin la m\u00e8ne \u00e0 RTL puis \u00e0 Canal+, o\u00f9 elle apprend son m\u00e9tier <strong>aux c\u00f4t\u00e9s de Jean-Michel Aphati<\/strong>e et Ali Baddou. Elle dira plus tard \u00ab \u00eatre toujours la m\u00eame \u00bb et ajoutera : \u00ab Je me nourris de tout ce que j\u2019ai appris en \u00e9cole de journalisme et sur le terrain. \u00bb, rapporte Ouest-France.<\/p>\n<p>Ces rencontres marquent durablement son parcours. Jean-Michel Aphatie et Ali Baddou sont cit\u00e9s comme des r\u00e9f\u00e9rences, <a href=\"https:\/\/www.lejournaldelamaison.fr\/le-journal-de-la-maison\/reportages-maisons\/maisons-bord-de-mer\/alessandra-sublet-residence-laquelle-lex-animatrice-exilee-sud-france-487017.html\" rel=\"nofollow noopener\" target=\"_blank\">tout comme Alessandra Sublet<\/a>, qui l\u2019a encourag\u00e9e avant de lui passer le relais de C Canteloup. \u00c0\u00a0propos de ses d\u00e9buts, elle insiste : \u00ab Toutes les personnes qui m\u2019ont entour\u00e9e font partie de mes meilleurs souvenirs parce qu\u2019ils m\u2019ont <strong>appris les bonnes valeurs<\/strong> de ce m\u00e9tier de journaliste. Je n\u2019oublie rien. \u00bb Derri\u00e8re l\u2019animatrice reconnue, transpara\u00eet une professionnelle attentive \u00e0 <strong>ceux qui l\u2019ont guid\u00e9e<\/strong>.<\/p>\n<p>    H\u00e9l\u00e8ne Mannarino dans les pas d\u2019Audrey Crespo-Mara <\/p>\n<p>Arriv\u00e9e dans le groupe TF1 en 2017, elle s\u2019impose vite comme une <strong>figure polyvalente<\/strong>. Elle pr\u00e9sente Carte blanche, reprend Appels d\u2019urgence, incarne R\u00e9troscopie sur TMC et anime Le Grand Quiz. Depuis 2022, elle est aux commandes de C Canteloup. Son secret, <a href=\"https:\/\/www.lejournaldelamaison.fr\/le-journal-de-la-maison\/reportages-maisons\/appartements\/marie-portolano-magnifique-appartement-parisien-497433.html\" rel=\"nofollow noopener\" target=\"_blank\">la jeune animatrice<\/a> le formule sans d\u00e9tour : \u00ab Le travail est la cl\u00e9 de tout \u00bb. Puis elle pr\u00e9cise : \u00ab Je continue de travailler en me disant que rien n\u2019est jamais acquis. Il faut bosser, <strong>faire ses preuves<\/strong>, grandir et puis surtout continuer d\u2019\u00e9crire l\u2019histoire avec TF1. Ne d\u00e9cevoir personne et continuer aussi \u00e0 faire des programmes qui me correspondent, sans trahir mes valeurs. \u00bb<\/p>\n<p>Au-del\u00e0 de l\u2019exposition m\u00e9diatique, elle <strong>revendique une vie simple<\/strong>. Elle rappelle souvent : \u00ab J\u2019ai les m\u00eames amis et je fais les m\u00eames choses. \u00catre connue, ce n\u2019est pas un m\u00e9tier. Et aujourd\u2019hui je fais ce m\u00e9tier [de journaliste] pour les t\u00e9l\u00e9spectateurs qui nous regardent. \u00bb <strong>Valenciennes reste son port d\u2019attache<\/strong>, l\u00e0 o\u00f9 vivent ses parents et <a href=\"https:\/\/www.lejournaldelamaison.fr\/le-journal-de-la-maison\/reportages-maisons\/maisons-bord-de-mer\/alain-duhamel-vient-trois-quatre-fois-an-ressourcer-sisoler-charmante-maison-lile-dyeu-fait-velo-tennis-517579.html\" rel=\"nofollow noopener\" target=\"_blank\">o\u00f9 elle aime se ressourcer<\/a>. Elle n\u2019h\u00e9site pas \u00e0 convier ses proches sur les tournages : \u00ab La production, les \u00e9quipes de maquillage et de coiffure avec qui [elle] travaille depuis sept ans, ainsi que [ses] amis \u00bb. Un choix qui refl\u00e8te sa volont\u00e9 de garder les pieds sur terre : \u00ab Je n\u2019oublie pas d\u2019o\u00f9 je viens. \u00bb<\/p>\n<blockquote class=\"instagram-media \" style=\"background: #ffffff;border: 0;margin: 1px;width: 100%;padding: 0;max-width: 500px;\" data-instgrm-permalink=\"https:\/\/www.instagram.com\/p\/CZd_z6YL_b_\/\" data-instgrm-version=\"14\"\/><p>    Le passage de t\u00e9moin entre Audrey Crespo-Mara et H\u00e9l\u00e8ne Mannarino <\/p>\n<p>C\u2019est dans ce m\u00eame esprit qu\u2019elle a accept\u00e9 de <a href=\"https:\/\/www.lejournaldelamaison.fr\/le-journal-de-la-maison\/reportages-maisons\/audrey-crespo-mara-tf1-maison-luberon-thierry-ardisson-519400.html\" rel=\"nofollow noopener\" target=\"_blank\">remplacer Audrey Crespo-Mara<\/a> au Portrait de la semaine. Un rendez-vous suivi chaque dimanche sur TF1, o\u00f9 se succ\u00e8dent acteurs, chanteurs et personnalit\u00e9s marquantes. H\u00e9l\u00e8ne Mannarino se souvient de<strong> leur premi\u00e8re rencontre<\/strong> : \u00ab Je l\u2019ai connue sur LCI. Nous avons travaill\u00e9 ensemble <strong>dans la m\u00eame r\u00e9daction<\/strong>, et j\u2019ai toujours admir\u00e9 sa fa\u00e7on de bosser. Nous ne nous fr\u00e9quentons pas en dehors du travail, mais chaque fois que nous nous croisons, il y a beaucoup de respect entre nous. \u00bb, a-t-elle indiqu\u00e9 dans\u00a0les colonnes de Cin\u00e9 T\u00e9l\u00e9 Revue.<\/p>\n<p>Le passage de relais s\u2019est fait dans un <strong>climat de confiance<\/strong>. \u00ab Elle m\u2019a appel\u00e9e tout de suite. Elle voulait s\u2019assurer que je me sentais \u00e0 l\u2019aise et que je travaillerais avec les m\u00eames \u00e9quipes de tournage et de montage qu\u2019elle. Elle tenait vraiment \u00e0 ce que je sois entour\u00e9e de personnes qui ma\u00eetrisent parfaitement cet exercice si particulier. Elle a \u00e9t\u00e9 d\u2019une<strong> grande g\u00e9n\u00e9rosit\u00e9<\/strong> \u00bb, raconte H\u00e9l\u00e8ne Mannarino. Elle tient \u00e0 <a href=\"https:\/\/www.lejournaldelamaison.fr\/le-journal-de-la-maison\/reportages-maisons\/hugues-aufray-ferme-ardeche-transforme-maison-hote-518095.html\" rel=\"nofollow noopener\" target=\"_blank\">honorer cet h\u00e9ritage<\/a> : \u00ab Je ne veux surtout pas d\u00e9naturer son b\u00e9b\u00e9. Nous sommes deux personnes diff\u00e9rentes, bien s\u00fbr, mais nous partageons une m\u00eame sensibilit\u00e9. Je me reconnais beaucoup en elle. Nous avons en commun une d\u00e9marche profond\u00e9ment bienveillante envers chaque invit\u00e9. \u00bb<\/p>\n<p>Aujourd\u2019hui, elle s\u2019attelle \u00e0 l\u2019exercice avec son propre regard. Aupr\u00e8s de Ouest-France, elle confiait : \u00ab Elle m\u2019a accompagn\u00e9e et m\u2019a pr\u00e9sent\u00e9 tout le monde. J\u2019ai tout de suite \u00e9t\u00e9 <strong>jet\u00e9e dans le grand bain<\/strong> et j\u2019ai travaill\u00e9 \u00e0 fond pour les cinq portraits ! \u00bb De Paris \u00e0 Valenciennes, entre rigueur journalistique et <a href=\"https:\/\/www.lejournaldelamaison.fr\/le-journal-de-la-maison\/reportages-maisons\/maisons-bord-de-mer\/matthieu-chedid-cette-ile-tres-inspirante-refuge-familial-ressource-entoure-proches-517376.html\" rel=\"nofollow noopener\" target=\"_blank\">enracinement familial<\/a>, H\u00e9l\u00e8ne Mannarino <strong>trouve son \u00e9quilibre<\/strong>. Une mani\u00e8re d\u2019exercer ce m\u00e9tier sans se perdre, et de rappeler, chaque fois qu\u2019on le lui demande, que sa force r\u00e9side autant dans son travail que dans ses racines.<\/p>\n<p>                <script async src=\"\/\/www.instagram.com\/embed.js\"><\/script><\/p>\n","protected":false},"excerpt":{"rendered":"Cet \u00e9t\u00e9, le visage du Portrait de la semaine dans Sept \u00e0 Huit est celui d\u2019H\u00e9l\u00e8ne Mannarino. Une&hellip;\n","protected":false},"author":2,"featured_media":331744,"comment_status":"","ping_status":"","sticky":false,"template":"","format":"standard","meta":{"footnotes":""},"categories":[1359],"tags":[58,59,1011,27,973],"class_list":{"0":"post-331743","1":"post","2":"type-post","3":"status-publish","4":"format-standard","5":"has-post-thumbnail","7":"category-people","8":"tag-divertissement","9":"tag-entertainment","10":"tag-fr","11":"tag-france","12":"tag-people"},"share_on_mastodon":{"url":"https:\/\/pubeurope.com\/@fr\/115061541096660315","error":""},"_links":{"self":[{"href":"https:\/\/www.europesays.com\/fr\/wp-json\/wp\/v2\/posts\/331743","targetHints":{"allow":["GET"]}}],"collection":[{"href":"https:\/\/www.europesays.com\/fr\/wp-json\/wp\/v2\/posts"}],"about":[{"href":"https:\/\/www.europesays.com\/fr\/wp-json\/wp\/v2\/types\/post"}],"author":[{"embeddable":true,"href":"https:\/\/www.europesays.com\/fr\/wp-json\/wp\/v2\/users\/2"}],"replies":[{"embeddable":true,"href":"https:\/\/www.europesays.com\/fr\/wp-json\/wp\/v2\/comments?post=331743"}],"version-history":[{"count":0,"href":"https:\/\/www.europesays.com\/fr\/wp-json\/wp\/v2\/posts\/331743\/revisions"}],"wp:featuredmedia":[{"embeddable":true,"href":"https:\/\/www.europesays.com\/fr\/wp-json\/wp\/v2\/media\/331744"}],"wp:attachment":[{"href":"https:\/\/www.europesays.com\/fr\/wp-json\/wp\/v2\/media?parent=331743"}],"wp:term":[{"taxonomy":"category","embeddable":true,"href":"https:\/\/www.europesays.com\/fr\/wp-json\/wp\/v2\/categories?post=331743"},{"taxonomy":"post_tag","embeddable":true,"href":"https:\/\/www.europesays.com\/fr\/wp-json\/wp\/v2\/tags?post=331743"}],"curies":[{"name":"wp","href":"https:\/\/api.w.org\/{rel}","templated":true}]}}