{"id":331745,"date":"2025-08-20T14:22:14","date_gmt":"2025-08-20T14:22:14","guid":{"rendered":"https:\/\/www.europesays.com\/fr\/331745\/"},"modified":"2025-08-20T14:22:14","modified_gmt":"2025-08-20T14:22:14","slug":"su-la-me-une-nouvelle-exposition-en-hommage-au-photographe-cherbourgeois-regis-colin","status":"publish","type":"post","link":"https:\/\/www.europesays.com\/fr\/331745\/","title":{"rendered":"\u00ab S\u00fb la m\u00e9 \u00bb, une nouvelle exposition en hommage au photographe cherbourgeois R\u00e9gis Colin"},"content":{"rendered":"<p>            Par<br \/>\n        <strong><br \/>\n            <a href=\"https:\/\/actu.fr\/auteur\/n-lepigeon\" title=\"Consulter tous les articles de Nicolas Lepigeon\" rel=\"nofollow noopener\" target=\"_blank\">Nicolas Lepigeon<\/a><br \/>\n        <\/strong><\/p>\n<p>        Publi\u00e9 le<\/p>\n<p>            20 ao\u00fbt 2025 \u00e0 9h58        <\/p>\n<p>Dix ans apr\u00e8s nous avoir quitt\u00e9s \u2013 c\u2019\u00e9tait en janvier\u00a02015 \u00e0 l\u2019\u00e2ge de 64\u00a0ans \u2013 le <b>photographe cherbourgeois R\u00e9gis Colin<\/b> continue de vivre \u00e0 travers son \u0153uvre. Apr\u00e8s l\u2019exposition Parcours pr\u00e9sent\u00e9e sur des panneaux ext\u00e9rieurs \u00e0 <a href=\"https:\/\/actu.fr\/normandie\/omonville-la-rogue_50386\/cotentin-une-association-lance-une-cagnotte-pour-financer-une-exposition-photographique_57497636.html\" rel=\"nofollow noopener\" target=\"_blank\">Omonville-la-Rogue<\/a> (<a href=\"https:\/\/actu.fr\/normandie\/la-hague_50041\" rel=\"nofollow noopener\" target=\"_blank\">La Hague<\/a>, Manche) en 2023 puis au <b>ch\u00e2teau des Ravalet \u00e0 Tourlaville<\/b> en 2024, un nouvel \u00e9v\u00e9nement est organis\u00e9 \u00e0 <a href=\"https:\/\/actu.fr\/normandie\/saint-lo_50502\" rel=\"nofollow noopener\" target=\"_blank\">Saint-L\u00f4<\/a>.<\/p>\n<p class=\" wall-content\">Depuis le 4\u00a0juillet, les <a href=\"https:\/\/www.archives-manche.fr\/?arko_default_636a80ee7d203--ficheFocus=\" rel=\"nofollow noopener\" target=\"_blank\">Archives D\u00e9partementales<\/a> abritent l\u2019exposition S\u00fb la m\u00e9, soit \u00ab <b>120 photographies<\/b> conserv\u00e9es aux archives parmi les centaines de bandes-film rapport\u00e9es par R\u00e9gis Colin de ses campagnes de p\u00eache. Certaines de ces images ont \u00e9t\u00e9 pr\u00e9sent\u00e9es d\u00e8s 1995 dans l\u2019exposition Mer des hommes, mais <b>beaucoup sont in\u00e9dites<\/b> \u00bb.<\/p>\n<p>Il mettait en lumi\u00e8re les travailleurs de l\u2019ombre<\/p>\n<p class=\" wall-content\">Fils d\u2019ouvrier ayant <b>grandi \u00e0 \u00c9queurdreville<\/b>, cet artiste engag\u00e9 et authentique, qui rendait notamment hommage gr\u00e2ce \u00e0 ses clich\u00e9s \u00e0 tous les travailleurs de l\u2019ombre, \u00e9tait pass\u00e9 par <a href=\"https:\/\/actu.fr\/la-presse-de-la-manche\/\" rel=\"nofollow noopener\" target=\"_blank\">La Presse de la Manche<\/a> durant une dizaine d\u2019ann\u00e9es, avant de partir chez nos confr\u00e8res de Paris-Normandie\u2026 puis de rentrer dans le Cotentin cher \u00e0 son c\u0153ur.<\/p>\n<p class=\" wall-content\">Et les organisateurs de l\u2019\u00e9v\u00e9nement de retracer quelques pans de sa riche carri\u00e8re : \u00ab\u00a0Depuis 1977, il r\u00e9alisait des reportages sur le peuple Tsigane, ce qui l\u2019a amen\u00e9 \u00e0 voyager en Hongrie ou en Roumanie. En 1998, certains de ses clich\u00e9s ont \u00e9t\u00e9 <b>retenus par l\u2019Unesco<\/b> pour illustrer l\u2019ouvrage Tsigane, heureux si tu es libre !\u00ab\u00a0<\/p>\n<blockquote class=\"ac-article-quote wall-content\">\n<p>R\u00e9gis Colin photographiait aussi des p\u00eacheurs normands, les ouvriers des entreprises du Cotentin, les mineurs de charbon et les travailleurs du nucl\u00e9aire. Ses travaux sont publi\u00e9s et pr\u00e9sent\u00e9s dans des expositions en Normandie, mais aussi \u00e0 l\u2019\u00e9tranger comme en Nouvelle-Z\u00e9lande.<\/p>\n<p>Archives D\u00e9partementales<\/p><\/blockquote>\n<p class=\" wall-content\">En 1991, il avait \u00e9galement fond\u00e9 avec un groupe d\u2019amis les Rencontres photographiques de Normandie, pour promouvoir la photographie de presse et la photographie amateure au travers d\u2019expositions dans le d\u00e9partement.<\/p>\n<p>Vid\u00e9os : en ce moment sur Actu<\/p>\n<p class=\" wall-content\">Cette derni\u00e8re sur le monde de la p\u00eache, pr\u00e9sent\u00e9e <b>jusqu\u2019au 24 d\u00e9cembre 2025<\/b>, permet de d\u00e9couvrir ou red\u00e9couvrir le regard si singulier de R\u00e9gis Colin sur le monde du travail, que ce soit \u00e0 terre ou en mer.<\/p>\n<p>L\u2019exposition \u00ab S\u00fb la m\u00e9 \u00bb est pr\u00e9sent\u00e9e jusqu\u2019au 24 d\u00e9cembre 2025 aux Archives D\u00e9partementales \u2013 Maison de l\u2019histoire de la Manche, au 103, rue Mar\u00e9chal-Juin \u00e0 Saint-L\u00f4. Entr\u00e9e libre et gratuite du lundi au vendredi, de 9 heures \u00e0 17 heures.<\/p>\n<p class=\" wall-content\">Personnalisez votre actualit\u00e9 en ajoutant vos villes et m\u00e9dias en favori avec <a href=\"https:\/\/moncompte.actu.fr\" title=\"D\u00e9couvez Mon Actu\" rel=\"nofollow noopener\" data-trk=\"{&quot;cta&quot;:{&quot;action&quot;:&quot;https:\\\/\\\/moncompte.actu.fr&quot;,&quot;category&quot;:&quot;mon compte&quot;,&quot;from&quot;:&quot;article footer&quot;,&quot;name&quot;:&quot;Mon actu&quot;,&quot;type&quot;:&quot;cta&quot;}}\" target=\"_blank\">Mon Actu<\/a>.<\/p>\n","protected":false},"excerpt":{"rendered":"Par Nicolas Lepigeon Publi\u00e9 le 20 ao\u00fbt 2025 \u00e0 9h58 Dix ans apr\u00e8s nous avoir quitt\u00e9s \u2013 c\u2019\u00e9tait&hellip;\n","protected":false},"author":2,"featured_media":331746,"comment_status":"","ping_status":"","sticky":false,"template":"","format":"standard","meta":{"footnotes":""},"categories":[1358],"tags":[1348,1384,1385,1386,58,59,1011,27,1652,1756],"class_list":{"0":"post-331745","1":"post","2":"type-post","3":"status-publish","4":"format-standard","5":"has-post-thumbnail","7":"category-arts-et-design","8":"tag-arts","9":"tag-arts-and-design","10":"tag-arts-et-design","11":"tag-design","12":"tag-divertissement","13":"tag-entertainment","14":"tag-fr","15":"tag-france","16":"tag-loisirs-culture","17":"tag-photographie"},"share_on_mastodon":{"url":"https:\/\/pubeurope.com\/@fr\/115061545093159544","error":""},"_links":{"self":[{"href":"https:\/\/www.europesays.com\/fr\/wp-json\/wp\/v2\/posts\/331745","targetHints":{"allow":["GET"]}}],"collection":[{"href":"https:\/\/www.europesays.com\/fr\/wp-json\/wp\/v2\/posts"}],"about":[{"href":"https:\/\/www.europesays.com\/fr\/wp-json\/wp\/v2\/types\/post"}],"author":[{"embeddable":true,"href":"https:\/\/www.europesays.com\/fr\/wp-json\/wp\/v2\/users\/2"}],"replies":[{"embeddable":true,"href":"https:\/\/www.europesays.com\/fr\/wp-json\/wp\/v2\/comments?post=331745"}],"version-history":[{"count":0,"href":"https:\/\/www.europesays.com\/fr\/wp-json\/wp\/v2\/posts\/331745\/revisions"}],"wp:featuredmedia":[{"embeddable":true,"href":"https:\/\/www.europesays.com\/fr\/wp-json\/wp\/v2\/media\/331746"}],"wp:attachment":[{"href":"https:\/\/www.europesays.com\/fr\/wp-json\/wp\/v2\/media?parent=331745"}],"wp:term":[{"taxonomy":"category","embeddable":true,"href":"https:\/\/www.europesays.com\/fr\/wp-json\/wp\/v2\/categories?post=331745"},{"taxonomy":"post_tag","embeddable":true,"href":"https:\/\/www.europesays.com\/fr\/wp-json\/wp\/v2\/tags?post=331745"}],"curies":[{"name":"wp","href":"https:\/\/api.w.org\/{rel}","templated":true}]}}