{"id":331747,"date":"2025-08-20T14:23:12","date_gmt":"2025-08-20T14:23:12","guid":{"rendered":"https:\/\/www.europesays.com\/fr\/331747\/"},"modified":"2025-08-20T14:23:12","modified_gmt":"2025-08-20T14:23:12","slug":"chronique-livre-et-si-les-vieux-aussi-sauvaient-la-planete-de-serge-guerin","status":"publish","type":"post","link":"https:\/\/www.europesays.com\/fr\/331747\/","title":{"rendered":"Chronique livre\u00a0: Et si les vieux aussi sauvaient la plan\u00e8te ? de Serge Gu\u00e9rin"},"content":{"rendered":"\n<p><strong>GoodPlanet Mag\u2019 propose d\u00e9sormais des chroniques sur les livres, films, documentaires, expositions en rapport avec les th\u00e9matiques de l\u2019\u00e9cologie et du vivre-ensemble. D\u00e9couvrez les dans notre rubrique\u00a0<a href=\"https:\/\/www.goodplanet.info\/t\/nos-chroniques-culturelles\/\" target=\"_blank\" rel=\"noopener\">nos chroniques culturelle<\/a>s. Cette semaine, notre chroniqueur, propose de d\u00e9couvrir l\u2019essai Et si les vieux aussi sauvaient la plan\u00e8te ? par Serge Gu\u00e9rin.<\/strong><\/p>\n<p>Dans l\u2019ouvrage Et si les vieux aussi sauvaient la plan\u00e8te\u00a0? (publi\u00e9 aux \u00e9ditions MICHALON en 2024), Serge Gu\u00e9rin aborde deux th\u00e9matiques : le r\u00e9chauffement climatique, qui n\u00e9cessite une transition \u00e9cologique, et le vieillissement de la population qui entra\u00eene une transition d\u00e9mographique. Ce sont d\u2019ailleurs les d\u00e9fis principaux de la France et de toute la soci\u00e9t\u00e9 occidentale du 21\u00e8me si\u00e8cle.<\/p>\n<p>L\u2019auteur Serge Gu\u00e9rin, n\u00e9 en 1962, est sociologue, directeur de recherches, professeur \u00e0 INSEEC Grande Ecole, conf\u00e9rencier et auteur d\u2019une quarantaine de livres dont la plupart portent sur son champ d\u2019\u00e9tude favori, la s\u00e9niorit\u00e9, mais aussi sur l\u2019\u00e9cologie.<\/p>\n<p>Dans Et si les vieux aussi sauvaient la plan\u00e8te ?, Serge Gu\u00e9rin s\u2019attache tout d\u2019abord \u00e0 tordre le cou \u00e0 une opposition simpliste entre la \u00ab\u00a0g\u00e9n\u00e9ration climat\u00a0\u00bb et les \u00ab\u00a0baby-boomers\u00a0\u00bb. Au travers de l\u2019analyse de nombreuses enqu\u00eates d\u2019opinions et en citant de multiples publications r\u00e9centes, le sociologue d\u00e9montre que les st\u00e9r\u00e9otypes masquent des diversit\u00e9s, non pas bas\u00e9es sur l\u2019\u00e2ge mais fond\u00e9es sur d\u2019autres crit\u00e8res (cat\u00e9gories socio-professionnelles, lieu d\u2019habitation, \u2026).<\/p>\n<p>M\u00eame s\u2019il n\u2019y a pas encore de prise de conscience compl\u00e8te de la n\u00e9cessaire transition d\u00e9mographique, au contraire de la transition \u00e9cologique, l\u2019auteur d\u00e9veloppe l\u2019id\u00e9e puissante que ces deux transitions doivent se rejoindre pour aboutir \u00e0 la soci\u00e9t\u00e9 de la long\u00e9vit\u00e9 solidaire et durable. Pour la concr\u00e9tiser, transition \u00e9cologique et d\u00e9mographique doivent \u00eatre vues ensemble, ce qui r\u00e9pond aussi \u00e0 la question contenue dans le titre du livre.<\/p>\n<p>Dans un style alerte, Serge Gu\u00e9rin narre de tr\u00e8s nombreuses initiatives locales prot\u00e9es par des municipalit\u00e9s, associations ou groupements d\u2019individus. Elles portent sur diff\u00e9rents domaines\u00a0: habitat, sant\u00e9, covoiturage, accompagnement des aidants\u2026. Pour certaines d\u2019entre elles, il y a d\u2019ailleurs lui-m\u00eame contribu\u00e9. Ces actions, tr\u00e8s souvent interg\u00e9n\u00e9rationnelles, ont pratiquement toutes un impact, direct ou indirect, sur la double transition.<\/p>\n<p>Les pages d\u00e9filent tr\u00e8s vite et les sujets connexes aussi comme le lien au travail, la faiblesse de l\u2019emploi des seniors en France, l\u2019utilit\u00e9 de l\u2019activit\u00e9 physique des vieux, le d\u00e9veloppement des m\u00e9tiers du Care (le prendre soin d\u2019autrui), l\u2019aveuglement des politiques et leur retard \u00e0 l\u2019allumage pour ne citer que ceux-ci, avec un dernier chapitre portant sur l\u2019opposition entre pr\u00e9vention et d\u00e9croissance.<\/p>\n<p>En conclusion, un ouvrage \u00e0 recommander chaudement pour la qualit\u00e9 de son contenu et de sa mise en perspective. Un outil n\u00e9cessaire pour poser les bons diagnostics et engager les bonnes actions, chacun \u00e0 son niveau.<\/p>\n<p><strong>Philippe<\/strong><\/p>\n<p><strong>Cet article vous a plu ? Il a \u00e9t\u00e9 r\u00e9dig\u00e9 par deux de nos r\u00e9dacteurs,\u00a0<\/strong><a href=\"https:\/\/donate.goodplanet.org\/b?cid=37&amp;lang=fr_FR\" target=\"_blank\" rel=\"noopener\"><strong>soutenez-nous en faisant un don<\/strong><\/a><strong>\u00a0ou en le relayant.<br \/><\/strong><strong>L\u2019\u00e9cologie vous int\u00e9resse ? Inscrivez-vous\u00a0<\/strong><a href=\"https:\/\/www.goodplanet.info\/actu-fondation\/inscrivez-vous-aux-newsletters-goodplanet-mag\/\" target=\"_blank\" rel=\"noopener\"><strong>gratuitement \u00e0 notre newsletter\u00a0hebdomadaire<\/strong><\/a><strong>.<\/strong><\/p>\n<p><strong>Pour aller plus loin<\/strong><\/p>\n<p>Et si les vieux aussi sauvaient la plan\u00e8te ? par Serge Gu\u00e9rin, <a href=\"https:\/\/www.michalon.fr\/index.asp?navig=catalogue&amp;obj=livre&amp;no=78821\" target=\"_blank\" rel=\"noopener\">\u00e9ditions Michalon<\/a><\/p>\n<\/p>\n<p><a href=\"https:\/\/www.goodplanet.info\/2021\/10\/20\/blaise-leclerc-auteur-de-apprendre-a-ralentir-il-est-plus-agreable-de-ralentir-maintenant-que-dattendre-de-devoir-subir-un-choc-pour-le-faire\/\" target=\"_blank\" rel=\"noopener\">Blaise Leclerc, auteur de Apprendre \u00e0 ralentir : \u00ab il est plus agr\u00e9able de ralentir maintenant que d\u2019attendre de devoir subir un choc pour le faire \u00bb<\/a><\/p>\n<p><a href=\"https:\/\/www.goodplanet.info\/2024\/09\/03\/les-impacts-du-changement-climatique-sur-les-ecoles-en-france\/\" target=\"_blank\" rel=\"noopener\">Les impacts du changement climatique sur les \u00e9coles en France<\/a><\/p>\n<p><a href=\"https:\/\/www.goodplanet.info\/2023\/03\/30\/jane-goodall-nous-avons-perdu-en-sagesse-en-perdant-contact-avec-la-nature\/\" target=\"_blank\" rel=\"noopener\">Jane Goodall\u00a0:\u00a0\u00ab\u00a0nous avons perdu en sagesse en perdant contact avec la nature\u00a0\u00bb<\/a><\/p>\n<p><a href=\"https:\/\/www.goodplanet.info\/2023\/04\/04\/la-population-mondiale-pourrait-diminuer-plus-vite-que-prevu\/\" target=\"_blank\" rel=\"noopener\">La population mondiale pourrait diminuer plus vite que pr\u00e9vu<\/a><\/p>\n<p><a href=\"https:\/\/www.goodplanet.info\/2017\/11\/14\/herve-bras-illusoire-dimaginer-quotas-de-population\/\" target=\"_blank\" rel=\"noopener\">Herv\u00e9 Le Bras : \u00ab il est illusoire d\u2019imaginer des quotas de population \u00bb<\/a><\/p>\n<p>\u00a0<\/p>\n","protected":false},"excerpt":{"rendered":"GoodPlanet Mag\u2019 propose d\u00e9sormais des chroniques sur les livres, films, documentaires, expositions en rapport avec les th\u00e9matiques de&hellip;\n","protected":false},"author":2,"featured_media":331748,"comment_status":"","ping_status":"","sticky":false,"template":"","format":"standard","meta":{"footnotes":""},"categories":[1357],"tags":[1379,4734,6969,58,33,59,1011,27,1380,42519,71],"class_list":{"0":"post-331747","1":"post","2":"type-post","3":"status-publish","4":"format-standard","5":"has-post-thumbnail","7":"category-livres","8":"tag-books","9":"tag-changement-climatique","10":"tag-demographie","11":"tag-divertissement","12":"tag-economie","13":"tag-entertainment","14":"tag-fr","15":"tag-france","16":"tag-livres","17":"tag-nos-chroniques-culturelles","18":"tag-sante"},"share_on_mastodon":{"url":"https:\/\/pubeurope.com\/@fr\/115061548951052752","error":""},"_links":{"self":[{"href":"https:\/\/www.europesays.com\/fr\/wp-json\/wp\/v2\/posts\/331747","targetHints":{"allow":["GET"]}}],"collection":[{"href":"https:\/\/www.europesays.com\/fr\/wp-json\/wp\/v2\/posts"}],"about":[{"href":"https:\/\/www.europesays.com\/fr\/wp-json\/wp\/v2\/types\/post"}],"author":[{"embeddable":true,"href":"https:\/\/www.europesays.com\/fr\/wp-json\/wp\/v2\/users\/2"}],"replies":[{"embeddable":true,"href":"https:\/\/www.europesays.com\/fr\/wp-json\/wp\/v2\/comments?post=331747"}],"version-history":[{"count":0,"href":"https:\/\/www.europesays.com\/fr\/wp-json\/wp\/v2\/posts\/331747\/revisions"}],"wp:featuredmedia":[{"embeddable":true,"href":"https:\/\/www.europesays.com\/fr\/wp-json\/wp\/v2\/media\/331748"}],"wp:attachment":[{"href":"https:\/\/www.europesays.com\/fr\/wp-json\/wp\/v2\/media?parent=331747"}],"wp:term":[{"taxonomy":"category","embeddable":true,"href":"https:\/\/www.europesays.com\/fr\/wp-json\/wp\/v2\/categories?post=331747"},{"taxonomy":"post_tag","embeddable":true,"href":"https:\/\/www.europesays.com\/fr\/wp-json\/wp\/v2\/tags?post=331747"}],"curies":[{"name":"wp","href":"https:\/\/api.w.org\/{rel}","templated":true}]}}