{"id":331749,"date":"2025-08-20T14:24:17","date_gmt":"2025-08-20T14:24:17","guid":{"rendered":"https:\/\/www.europesays.com\/fr\/331749\/"},"modified":"2025-08-20T14:24:17","modified_gmt":"2025-08-20T14:24:17","slug":"ophelie-sombre-aya-tente-limpossible-pour-son-amie-plus-belle-la-vie-spoilers-8-au-12-septembre-2025","status":"publish","type":"post","link":"https:\/\/www.europesays.com\/fr\/331749\/","title":{"rendered":"Oph\u00e9lie sombre, Aya tente l\u2019impossible pour son amie &#8211; Plus belle la vie (spoilers) 8 au 12 septembre 2025"},"content":{"rendered":"<p>\tLes spoilers des \u00e9pisodes Plus belle la vie en avance de TF1 du 8 au 12 septembre 2025 avec Aya (Johanna Boyer), le rayon de soleil d\u2019Oph\u00e9lie (Morgane Frioux) dans l\u2019ombre de ses douleurs. Tous les r\u00e9sum\u00e9s courts de #PBLV en avance ici.<br \/>\n<img fetchpriority=\"high\" decoding=\"async\" aria-describedby=\"caption-attachment-310923\" src=\"https:\/\/www.europesays.com\/fr\/wp-content\/uploads\/2025\/08\/ophelie-aya-pblv.jpg\" alt=\"Aya et Oph\u00e9lie les amies pour la vie dans plus belle la vie\" width=\"1280\" height=\"720\" class=\"size-full wp-image-310923\"  \/><\/p>\n<p id=\"caption-attachment-310923\" class=\"wp-caption-text\">Aya (Johanna Boyer) face \u00e0 la d\u00e9tresse d\u2019Oph\u00e9lie (Morgane Frioux) : jusqu\u2019o\u00f9 ira-t-elle pour l\u2019aider ?<\/p>\n<p>Les <a href=\"https:\/\/www.nouveautes-tele.com\/38439-plus-belle-la-vie-le-guide-des-resumes-et-soilers.html\" rel=\"nofollow noopener\" target=\"_blank\"><strong>spoilers Plus belle la vie, encore plus belle <\/strong><\/a> 3 semaines en avance, on vous dit tout ce qui va se passer dans la semaine du 8 au 12 septembre 2025 avec les \u00e9pisodes 415 \u00e0 419 en attendant les r\u00e9sum\u00e9s complets et les r\u00e9caps vid\u00e9o sur notre <a href=\"https:\/\/www.youtube.com\/@nouveautesteleoff\/videos\" target=\"_blank\" rel=\"noopener nofollow\"><strong>cha\u00eene Youtube<\/strong><\/a>. <\/p>\n<p><strong>Les guests de la semaine de Plus belle la vie sont <\/strong>: Rose Chemla (Louisa Salem), Olivier Bayart (Jean-David Perrot), Gabriel de la Fuente (Ludovic Boyer), Marie Griffon (Constance), , Josiane Pinson (Gladys Dupr\u00e9),L\u00e9o Bastard (Chris Vavin), G\u00e9raldine Masquelier (Sylvie Vavin), Laetitia Rosier (Hypnoth\u00e9rapeute), Rosalie Chenel (In\u00e8s Salem), Louis Mostacchi (Jean-David Perrot jeune), Ambre Ruiz (L\u00e9a jeune)<\/p>\n<p><\/p>\n<p>\ud83d\udd25 Lire les spoilers<a href=\"https:\/\/www.nouveautes-tele.com\/309695-bart-fou-amoureux-et-samuel-prend-ellie-sous-son-aile-demain-nous-appartient-spoilers-du-1er-au-5-septembre-2025.html\" rel=\"nofollow noopener\" target=\"_blank\"> <strong>Demain nous appartient du 8 au 12 septembre 2025<\/strong> <\/a>avec le tremblement de terre qui va mettre en p\u00e9ril Roxane et William notamment. <\/p>\n<p>Plus belle la vie en avance du lundi 8 septembre 2025 <\/p>\n<p><strong>Dans l\u2019\u00e9pisode 415 de Plus belle la vie <\/strong> : Le comportement des \u00e9l\u00e8ves \u00e0 Saint C\u00f4me suscite de vives inqui\u00e9tudes chez Jules. Dans un moment de fragilit\u00e9, les blessures pass\u00e9es d\u2019Oph\u00e9lie refont surface. De son c\u00f4t\u00e9, Thomas tente d\u2019\u00e9pauler Djawad en lui prodiguant des conseils amoureux, mais ce dernier vit mal le sentiment de rejet.<\/p>\n<p>Plus belle la vie en avance du mardi 9 septembre 2025 <\/p>\n<p><strong>Dans l\u2019\u00e9pisode 416 de Plus belle la vie <\/strong> :  Malgr\u00e9 les avertissements de Boher, L\u00e9a ne peut s\u2019emp\u00eacher de creuser un nouvel indice qui relance son int\u00e9r\u00eat pour l\u2019enqu\u00eate. \u00c0 la r\u00e9sidence, Oph\u00e9lie traverse une crise de sens, m\u00eame si Aya fait tout pour la soutenir. Riva se retrouve coinc\u00e9 dans un v\u00e9ritable \u201cconseil de famille\u201d.<\/p>\n<p>Plus belle la vie en avance du mercredi 10 septembre 2025 <\/p>\n<p><strong>Dans l\u2019\u00e9pisode 417 de Plus belle la vie <\/strong> : Un duo inattendu se forme avec la ferme intention de lever le voile sur les zones d\u2019ombre de l\u2019enqu\u00eate. Dans la temp\u00eate, Oph\u00e9lie re\u00e7oit une visite inattendue qui bouleverse la donne. Quant \u00e0 Zo\u00e9, un contretemps vient chambouler ses projets pour sa premi\u00e8re ann\u00e9e de fac.<\/p>\n<p>Plus belle la vie en avance du jeudi 11 septembre 2025<br \/>\n<img loading=\"lazy\" decoding=\"async\" aria-describedby=\"caption-attachment-310925\" src=\"data:image\/svg+xml,%3Csvg%20xmlns=\" http:=\"\" alt=\"thomas plus belle la vie \" width=\"1200\" height=\"702\" class=\"size-full wp-image-310925\" data-lazy- data-lazy- data-lazy-src=\"https:\/\/www.europesays.com\/fr\/wp-content\/uploads\/2025\/08\/THOMAS-pblv-1.jpg\"\/><\/p>\n<p id=\"caption-attachment-310925\" class=\"wp-caption-text\">Thomas a de grosses gal\u00e8res\u2026encore !<\/p>\n<p><strong>Dans l\u2019\u00e9pisode 418 de Plus belle la vie <\/strong> : L\u00e9a fait une d\u00e9couverte capitale qui pourrait bien changer le cours des choses. Accus\u00e9 \u00e0 tort, Thomas d\u00e9cide de ne plus se laisser faire et reprend la main. De son c\u00f4t\u00e9, Apolline, encore troubl\u00e9e par son premier rendez-vous, peine \u00e0 s\u2019ouvrir malgr\u00e9 la bienveillance de son amie.<br \/>\nPlus belle la vie en avance du vendredi 12 septembre 2025 <\/p>\n<p><strong>Dans l\u2019\u00e9pisode 419 de Plus belle la vie <\/strong> : Idriss, motiv\u00e9, redouble d\u2019efforts au commissariat pour faire progresser l\u2019enqu\u00eate. \u00c0 la r\u00e9sidence, Oph\u00e9lie retrouve un peu de l\u00e9g\u00e8ret\u00e9 et le sourire gr\u00e2ce \u00e0 de nouvelles rencontres. Thomas, confront\u00e9 \u00e0 une situation difficile, est contraint \u00e0 une remise en question personnelle.<\/p>\n<p>\ud83d\udcac Et vous, que pensez-vous des prochains \u00e9pisodes du feuilleton quotidien Plus belle la vie  sur TF1 ?<br \/>R\u00e9agissez en commentaire ou rejoignez les fans sur notre <a href=\"https:\/\/www.nouveautes-tele.com\/57711-forum-plus-belle-la-vie-france-3-vos-avis.html\" rel=\"nofollow noopener\" target=\"_blank\"><strong>forum PBLV<\/strong><\/a> !<\/p>\n<p>-&gt; N&rsquo;h\u00e9sitez pas \u00e0 nous suivre sur <a href=\"https:\/\/whatsapp.com\/channel\/0029Vaff4LEFcowCVHrXqx17\" target=\"_blank\" rel=\"noopener nofollow\"><strong>notre cha\u00eene WhatsApp<\/strong><\/a> pour ne rien manquer des derni\u00e8res actualit\u00e9s de Nouveaut\u00e9s-T\u00e9l\u00e9. &#13;<br \/>\n&#13;<\/p>\n<p>                          <img loading=\"lazy\" decoding=\"async\" width=\"512\" height=\"512\" src=\"data:image\/svg+xml,%3Csvg%20xmlns=\" http:=\"\" alt=\"Logo de Nouveaut\u00e9 t\u00e9l\u00e9\" data-lazy-src=\"https:\/\/www.europesays.com\/fr\/wp-content\/uploads\/2025\/06\/nt-logo.png\"\/><\/p>\n<p>\t\t\t  Isabelle Corteilles<\/p>\n<p>Titou, passionn\u00e9e de m\u00e9dias et incollable sur l\u2019actualit\u00e9 des s\u00e9ries t\u00e9l\u00e9. De la g\u00e9n\u00e9ration Dawson\u2019s Creek et Sous le Soleil, je navigue aujourd\u2019hui entre le Spoon de DNA, les marais salants d\u2019ITC, le Mistral de PBLV, le Com\u00e8te de TP2L, la Pe\u00f1a Loca de Nouveau Jour et les Sauvages d\u2019Un Si Grand Soleil, pour ne rien rater des derni\u00e8res intrigues et indiscr\u00e9tions.<\/p>\n","protected":false},"excerpt":{"rendered":"Les spoilers des \u00e9pisodes Plus belle la vie en avance de TF1 du 8 au 12 septembre 2025&hellip;\n","protected":false},"author":2,"featured_media":331750,"comment_status":"","ping_status":"","sticky":false,"template":"","format":"standard","meta":{"footnotes":""},"categories":[1356],"tags":[58,59,1011,27,252,1364],"class_list":{"0":"post-331749","1":"post","2":"type-post","3":"status-publish","4":"format-standard","5":"has-post-thumbnail","7":"category-television","8":"tag-divertissement","9":"tag-entertainment","10":"tag-fr","11":"tag-france","12":"tag-television","13":"tag-tv"},"share_on_mastodon":{"url":"https:\/\/pubeurope.com\/@fr\/115061552856055807","error":""},"_links":{"self":[{"href":"https:\/\/www.europesays.com\/fr\/wp-json\/wp\/v2\/posts\/331749","targetHints":{"allow":["GET"]}}],"collection":[{"href":"https:\/\/www.europesays.com\/fr\/wp-json\/wp\/v2\/posts"}],"about":[{"href":"https:\/\/www.europesays.com\/fr\/wp-json\/wp\/v2\/types\/post"}],"author":[{"embeddable":true,"href":"https:\/\/www.europesays.com\/fr\/wp-json\/wp\/v2\/users\/2"}],"replies":[{"embeddable":true,"href":"https:\/\/www.europesays.com\/fr\/wp-json\/wp\/v2\/comments?post=331749"}],"version-history":[{"count":0,"href":"https:\/\/www.europesays.com\/fr\/wp-json\/wp\/v2\/posts\/331749\/revisions"}],"wp:featuredmedia":[{"embeddable":true,"href":"https:\/\/www.europesays.com\/fr\/wp-json\/wp\/v2\/media\/331750"}],"wp:attachment":[{"href":"https:\/\/www.europesays.com\/fr\/wp-json\/wp\/v2\/media?parent=331749"}],"wp:term":[{"taxonomy":"category","embeddable":true,"href":"https:\/\/www.europesays.com\/fr\/wp-json\/wp\/v2\/categories?post=331749"},{"taxonomy":"post_tag","embeddable":true,"href":"https:\/\/www.europesays.com\/fr\/wp-json\/wp\/v2\/tags?post=331749"}],"curies":[{"name":"wp","href":"https:\/\/api.w.org\/{rel}","templated":true}]}}