{"id":331751,"date":"2025-08-20T14:25:12","date_gmt":"2025-08-20T14:25:12","guid":{"rendered":"https:\/\/www.europesays.com\/fr\/331751\/"},"modified":"2025-08-20T14:25:12","modified_gmt":"2025-08-20T14:25:12","slug":"un-beau-moment-en-bretagne-jean-jacques-goldman-a-dine-dans-ce-restaurant","status":"publish","type":"post","link":"https:\/\/www.europesays.com\/fr\/331751\/","title":{"rendered":"\u00ab\u00a0Un beau moment\u00a0\u00bb\u00a0: en Bretagne, Jean-Jacques Goldman a din\u00e9 dans ce restaurant"},"content":{"rendered":"<p>Il suffira d\u2019un signe, un soir tout tranquille d\u2019ao\u00fbt 2025. Ou plut\u00f4t d\u2019une photo, \u00e0 vrai dire. La semaine derni\u00e8re, <a href=\"https:\/\/levecherestaurant.com\/\" target=\"_blank\" rel=\"noopener\">\u00ab L\u2019\u00c9v\u00each\u00e9 \u00bb<\/a>, un restaurant nich\u00e9 au c\u0153ur de Dol-de-Bretagne (35), \u00e0 c\u00f4t\u00e9 de Saint-Malo, a post\u00e9 un clich\u00e9 du chanteur fran\u00e7ais Jean-Jacques Goldman (73 ans), devant l\u2019enseigne bretillienne.<\/p>\n<blockquote class=\"instagram-media\" data-instgrm-captioned=\"\" data-instgrm-permalink=\"https:\/\/www.instagram.com\/p\/DNV5oIjCQU2\/?utm_source=ig_embed&amp;utm_campaign=loading\" data-instgrm-version=\"14\" style=\" background:#FFF; border:0; border-radius:3px; box-shadow:0 0 1px 0 rgba(0,0,0,0.5),0 1px 10px 0 rgba(0,0,0,0.15); margin: 1px; max-width:540px; min-width:326px; padding:0; width:99.375%; width:-webkit-calc(100% - 2px); width:calc(100% - 2px);\"\/><p>Jean-Jacques Goldman d\u00e9j\u00e0 aper\u00e7u en Bretagne l\u2019\u00e9t\u00e9 dernier<\/p>\n<p>Sur Facebook, l\u2019\u00e9tablissement a fait part de son \u00ab immense plaisir \u00bb d\u2019avoir partag\u00e9 un \u00ab beau moment \u00bb avec l\u2019une des l\u00e9gendes de la vari\u00e9t\u00e9 fran\u00e7aise. Mais \u00ab L\u2019\u00c9v\u00each\u00e9 \u00bb a, en revanche, d\u00e9clin\u00e9 les sollicitations du T\u00e9l\u00e9gramme, pr\u00e9f\u00e9rant \u00ab rester \u00e0 [sa] place \u00bb et ne \u00ab souhaitant pas faire de la publicit\u00e9 \u00bb gr\u00e2ce \u00e0 \u00ab JJG \u00bb.<\/p>\n<p>Qu\u2019importe, au final, puisque Jean-Jacques Goldman se pla\u00eet \u00e0 venir en vacances en Bretagne. Pas plus tard que l\u2019\u00e9t\u00e9 dernier, il avait<a href=\"https:\/\/www.letelegramme.fr\/bretagne\/lescale-finisterienne-de-jean-jacques-goldman-6637246.php\" target=\"_blank\" rel=\"noopener\"> s\u00e9journ\u00e9 en Finist\u00e8re<\/a>, entre Concarneau, Brest et Carhaix.<\/p>\n<p><script async src=\"\/\/www.instagram.com\/embed.js\"><\/script><\/p>\n","protected":false},"excerpt":{"rendered":"Il suffira d\u2019un signe, un soir tout tranquille d\u2019ao\u00fbt 2025. Ou plut\u00f4t d\u2019une photo, \u00e0 vrai dire. La&hellip;\n","protected":false},"author":2,"featured_media":331752,"comment_status":"","ping_status":"","sticky":false,"template":"","format":"standard","meta":{"footnotes":""},"categories":[1355],"tags":[11,829,58,765,59,1011,27,848,1361,873,584,3728],"class_list":{"0":"post-331751","1":"post","2":"type-post","3":"status-publish","4":"format-standard","5":"has-post-thumbnail","7":"category-musique","8":"tag-actualites","9":"tag-bretagne","10":"tag-divertissement","11":"tag-en-continu","12":"tag-entertainment","13":"tag-fr","14":"tag-france","15":"tag-ille-et-vilaine","16":"tag-music","17":"tag-musique","18":"tag-rennes","19":"tag-saint-malo"},"share_on_mastodon":{"url":"https:\/\/pubeurope.com\/@fr\/115061556815682240","error":""},"_links":{"self":[{"href":"https:\/\/www.europesays.com\/fr\/wp-json\/wp\/v2\/posts\/331751","targetHints":{"allow":["GET"]}}],"collection":[{"href":"https:\/\/www.europesays.com\/fr\/wp-json\/wp\/v2\/posts"}],"about":[{"href":"https:\/\/www.europesays.com\/fr\/wp-json\/wp\/v2\/types\/post"}],"author":[{"embeddable":true,"href":"https:\/\/www.europesays.com\/fr\/wp-json\/wp\/v2\/users\/2"}],"replies":[{"embeddable":true,"href":"https:\/\/www.europesays.com\/fr\/wp-json\/wp\/v2\/comments?post=331751"}],"version-history":[{"count":0,"href":"https:\/\/www.europesays.com\/fr\/wp-json\/wp\/v2\/posts\/331751\/revisions"}],"wp:featuredmedia":[{"embeddable":true,"href":"https:\/\/www.europesays.com\/fr\/wp-json\/wp\/v2\/media\/331752"}],"wp:attachment":[{"href":"https:\/\/www.europesays.com\/fr\/wp-json\/wp\/v2\/media?parent=331751"}],"wp:term":[{"taxonomy":"category","embeddable":true,"href":"https:\/\/www.europesays.com\/fr\/wp-json\/wp\/v2\/categories?post=331751"},{"taxonomy":"post_tag","embeddable":true,"href":"https:\/\/www.europesays.com\/fr\/wp-json\/wp\/v2\/tags?post=331751"}],"curies":[{"name":"wp","href":"https:\/\/api.w.org\/{rel}","templated":true}]}}