{"id":331753,"date":"2025-08-20T14:26:12","date_gmt":"2025-08-20T14:26:12","guid":{"rendered":"https:\/\/www.europesays.com\/fr\/331753\/"},"modified":"2025-08-20T14:26:12","modified_gmt":"2025-08-20T14:26:12","slug":"je-pourrais-etre-spider-man-bella-ramsey-reve-de-succeder-a-tom-holland-dans-le-role-de-lhomme-araignee","status":"publish","type":"post","link":"https:\/\/www.europesays.com\/fr\/331753\/","title":{"rendered":"\u00ab\u00a0Je pourrais \u00eatre Spider-Man\u00a0\u00bb\u00a0:\u00a0Bella Ramsey r\u00eave de succ\u00e9der \u00e0 Tom Holland dans le r\u00f4le de l\u2019homme araign\u00e9e"},"content":{"rendered":"<p>La star de la s\u00e9rie The Last of Us s\u2019est prise d\u2019affection pour l\u2019univers Marvel apr\u00e8s avoir regard\u00e9 Spider-Man\u00a0:\u00a0No Way Home, dernier titre de la franchise sorti en 2021.<\/p>\n<p class=\"fig-paragraph\">Elle pourrait devenir la premi\u00e8re actrice \u00e0 incarner Spider-Man. Dans\u00a0<a href=\"https:\/\/variety.com\/2025\/tv\/columns\/the-last-of-us-bella-ramsey-spider-man-heist-pedro-pascal-1236491584\/\" target=\"_blank\" rel=\"sponsored noopener\" data-gtm-custom-categorie=\"navigation\" data-gtm-custom-action=\"crossclick\" data-gtm-custom-label=\"Contextuel\" data-gtm-event=\"customEventSPE\">un bref entretien accord\u00e9 \u00e0 Variety<\/a> \u00a0dimanche 17 ao\u00fbt, \u00e0 l\u2019occasion d\u2019un \u00e9v\u00e9nement HBO \u00e0 Hollywood, Bella Ramsey a confi\u00e9 qu\u2019elle souhaiterait rejoindre\u00a0<a href=\"http:\/\/www.lefigaro.fr\/cinema\/tom-holland-tom-hiddleston-florence-pugh-les-visages-qui-doivent-incarner-le-renouveau-de-marvel-20250718\" data-fig-type=\"Article\" data-gtm-custom-categorie=\"navigation\" data-gtm-custom-action=\"crossclick\" data-gtm-custom-label=\"Contextuel\" data-gtm-event=\"customEventSPE\" data-fig-domain=\"LEFIGARO\" target=\"_blank\" rel=\"noopener\">l\u2019univers Marvel<\/a>\u00a0dans la peau de l\u2019homme araign\u00e9e. \u00ab\u202fJe pourrais \u00eatre Spider-Man, a lanc\u00e9 l\u2019interpr\u00e8te d\u2019Ellie dans\u00a0<a href=\"http:\/\/www.lefigaro.fr\/medias\/the-last-of-us-uncharted-ghost-of-tsushima-le-grand-boom-des-concerts-de-musique-de-jeux-video-dans-les-salles-de-spectacles-20250429\" data-fig-type=\"Article\" data-gtm-custom-categorie=\"navigation\" data-gtm-custom-action=\"crossclick\" data-gtm-custom-label=\"Contextuel\" data-gtm-event=\"customEventSPE\" data-fig-domain=\"LEFIGARO\" target=\"_blank\" rel=\"noopener\">la s\u00e9rie The Last of Us<\/a> . Enfin, il faut admettre que Tom Holland fait un super boulot. Peut-\u00eatre qu\u2019il faudrait cr\u00e9er un nouveau super-h\u00e9ros pour moi\u00a0?\u00a0\u00bb<\/p>\n<p class=\"fig-paragraph\">La jeune actrice britannique, \u00e2g\u00e9e de seulement 21 ans, a r\u00e9v\u00e9l\u00e9 avoir d\u00e9couvert la saga de super-h\u00e9ros il y a \u00ab\u202fdeux ou trois mois\u00a0\u00bb \u00e0 travers\u00a0<a href=\"https:\/\/www.lefigaro.fr\/cinema\/spider-man-no-way-home-un-super-heros-dans-tous-ses-etats-20211214\" data-fig-type=\"Article\" data-gtm-custom-categorie=\"navigation\" data-gtm-custom-action=\"crossclick\" data-gtm-custom-label=\"Contextuel\" data-gtm-event=\"customEventSPE\" data-fig-domain=\"LEFIGARO\" target=\"_blank\" rel=\"noopener\">Spider-Man\u00a0:\u202fNo Way Home<\/a>, o\u00f9 les pr\u00e9c\u00e9dents interpr\u00e8tes de Peter Parker, \u00e0 savoir\u00a0<a href=\"https:\/\/www.lefigaro.fr\/cinema\/2015\/07\/24\/03002-20150724ARTFIG00249-tobey-maguire-incarne-bobby-fischer-le-genie-fou-des-echecs.php\" data-fig-type=\"Article\" data-gtm-custom-categorie=\"navigation\" data-gtm-custom-action=\"crossclick\" data-gtm-custom-label=\"Contextuel\" data-gtm-event=\"customEventSPE\" data-fig-domain=\"LEFIGARO\" target=\"_blank\" rel=\"noopener\">Tobey Maguire<\/a>\u00a0et\u00a0<a href=\"http:\/\/www.lefigaro.fr\/cinema\/andrew-garfield-l-acteur-hypersensible-de-hollywood-20250101\" data-fig-type=\"Article\" data-gtm-custom-categorie=\"navigation\" data-gtm-custom-action=\"crossclick\" data-gtm-custom-label=\"Contextuel\" data-gtm-event=\"customEventSPE\" data-fig-domain=\"LEFIGARO\" target=\"_blank\" rel=\"noopener\">Andrew Garfield<\/a>, s\u2019associaient \u00e0\u00a0<a href=\"http:\/\/www.lefigaro.fr\/cinema\/c-est-le-reve-absolu-tom-holland-se-verrait-bien-porter-le-costume-de-james-bond-20250805\" data-fig-type=\"NewsFlash\" data-gtm-custom-categorie=\"navigation\" data-gtm-custom-action=\"crossclick\" data-gtm-custom-label=\"Contextuel\" data-gtm-event=\"customEventSPE\" data-fig-domain=\"LEFIGARO\" target=\"_blank\" rel=\"noopener\">Tom Holland<\/a>\u00a0en 2021 pour sauver le monde des dangers du Multivers. \u00ab\u202fC\u2019\u00e9tait la premi\u00e8re fois que je regardais un film Marvel, explique-t-elle. Incroyable, j\u2019ai ador\u00e9.\u00a0\u00bb<\/p>\n<p>                                    <a class=\"fig-a11y-skip a11y-hidden\" href=\"#fig-a11y-skip-main-inarticle\"><br \/>\n        Passer la publicit\u00e9<br \/>\n    <\/a><\/p>\n<p class=\"fig-paragraph\"><strong>Bande-annonce de<\/strong><strong> Spider-Man\u00a0:\u00a0No Way Home<\/strong> <strong>\u00a0(2021)<\/strong><\/p>\n<p>Dans les pas de Pedro Pascal<\/p>\n<p class=\"fig-paragraph\">Bella Ramsey est peut-\u00eatre inspir\u00e9e par\u00a0<a href=\"http:\/\/madame.lefigaro.fr\/celebrites\/actu-people\/le-fabuleux-destin-de-pedro-pascal-de-la-fuite-du-chili-a-l-engouement-planetaire-20250731\" data-fig-type=\"Article\" data-gtm-custom-categorie=\"navigation\" data-gtm-custom-action=\"crossclick\" data-gtm-custom-label=\"Contextuel\" data-gtm-event=\"customEventSPE\" data-fig-domain=\"MADAME\" target=\"_blank\" rel=\"noopener\">Pedro Pascal<\/a>, l\u2019acteur chilio-am\u00e9ricain avec qui elle partage l\u2019affiche de The Last of Us. Ce dernier a int\u00e9gr\u00e9 les studios Marvel cet \u00e9t\u00e9 en tant que Mr Fantastique\u00a0<a href=\"http:\/\/www.lefigaro.fr\/cinema\/premiers-pas-reussis-pour-les-4-fantastiques-aux-box-offices-francais-et-americains-20250728\" data-fig-type=\"Article\" data-gtm-custom-categorie=\"navigation\" data-gtm-custom-action=\"crossclick\" data-gtm-custom-label=\"Contextuel\" data-gtm-event=\"customEventSPE\" data-fig-domain=\"LEFIGARO\" target=\"_blank\" rel=\"noopener\">dans Les 4 Fantastiques\u00a0:\u202fPremiers pas<\/a> . Le com\u00e9dien de 50 ans sera aussi \u00e0 l\u2019affiche du prochain\u00a0<a href=\"http:\/\/www.lefigaro.fr\/bons-plans\/avengers-doomsday-devoile-une-distribution-dementielle-marvel-prepare-sa-plus-grande-bataille-20250327\" data-fig-type=\"Article\" rel=\"sponsored noopener\" data-gtm-custom-categorie=\"navigation\" data-gtm-custom-action=\"crossclick\" data-gtm-custom-label=\"Contextuel\" data-gtm-event=\"customEventSPE\" data-fig-domain=\"LEFIGARO\" target=\"_blank\">Avengers\u00a0:\u00a0Doomsday<\/a>, aux c\u00f4t\u00e9s de Robert Downey JR. (Dr Doom), Chris Hemsworth (Thor), Anthony Mackie (Captain America), Tom Hiddleston (Loki), ou encore Benedict Cumberbatch (Doctor Strange).<\/p>\n<p class=\"fig-body-link\">\n            \u00c0 lire aussi<br \/>\n        <a class=\"fig-body-link__link\" href=\"http:\/\/www.lefigaro.fr\/cinema\/notre-critique-des-4-fantastiques-marvel-a-t-il-retrouve-la-magie-de-ses-meilleurs-avengers-ou-gardiens-de-la-galaxie-20250722\" target=\"_blank\" data-fig-type=\"Article\" rel=\"noopener\" data-gtm-custom-categorie=\"navigation\" data-gtm-custom-action=\"crossclick\" data-gtm-custom-label=\"Contextuel\" data-gtm-event=\"customEventSPE\" data-fig-domain=\"LEFIGARO\">Notre critique des 4\u00a0Fantastiques\u00a0: Marvel a-t-il retrouv\u00e9 la magie de ses meilleurs Avengers ou Gardiens de la galaxie\u00a0?<br \/>\n    <\/a>\n<\/p>\n<p class=\"fig-paragraph\">Du c\u00f4t\u00e9 des films Spider-Man, le quatri\u00e8me volet avec Tom Holland,\u00a0<a href=\"http:\/\/www.lefigaro.fr\/cinema\/spider-man-le-titre-du-quatrieme-volet-avec-tom-holland-devoile-20250401\" data-fig-type=\"Article\" data-gtm-custom-categorie=\"navigation\" data-gtm-custom-action=\"crossclick\" data-gtm-custom-label=\"Contextuel\" data-gtm-event=\"customEventSPE\" data-fig-domain=\"LEFIGARO\" target=\"_blank\" rel=\"noopener\">intitul\u00e9 Brand New Day<\/a>, a commenc\u00e9\u00a0<a href=\"http:\/\/www.lefigaro.fr\/cinema\/c-est-different-tom-holland-revient-sur-les-premiers-jours-de-tournage-de-spider-man-brand-new-day-20250811\" data-fig-type=\"Article\" data-gtm-custom-categorie=\"navigation\" data-gtm-custom-action=\"crossclick\" data-gtm-custom-label=\"Contextuel\" data-gtm-event=\"customEventSPE\" data-fig-domain=\"LEFIGARO\" target=\"_blank\" rel=\"noopener\">son tournage au d\u00e9but du mois d\u2019ao\u00fbt<\/a>\u00a0dans les rues de Glasgow, en \u00c9cosse. Une centaine de fans est venue voir l\u2019acteur britannique r\u00e9aliser des cascades\u00a0<a href=\"http:\/\/www.lefigaro.fr\/cinema\/tom-holland-devoile-son-nouveau-costume-pour-spider-man-brand-new-day-20250804\" data-fig-type=\"Article\" data-gtm-custom-categorie=\"navigation\" data-gtm-custom-action=\"crossclick\" data-gtm-custom-label=\"Contextuel\" data-gtm-event=\"customEventSPE\" data-fig-domain=\"LEFIGARO\" target=\"_blank\" rel=\"noopener\">dans son nouveau costume<\/a>. \u00ab\u00a0C\u2019est la premi\u00e8re fois que nous avons des fans sur le plateau d\u00e8s le premier jour, remarquait l\u2019interpr\u00e8te de Peter Parker d<a href=\"https:\/\/www.youtube.com\/watch?v=9ymmwq55sHY\" target=\"_blank\" rel=\"sponsored noopener\" data-gtm-custom-categorie=\"navigation\" data-gtm-custom-action=\"crossclick\" data-gtm-custom-label=\"Contextuel\" data-gtm-event=\"customEventSPE\">ans une vid\u00e9o<\/a>\u00a0partag\u00e9e le dimanche 10 ao\u00fbt par les studios de production Sony Pictures Entertainment.\u00a0C\u2019est donc tr\u00e8s sp\u00e9cial de partager cela avec eux.\u00a0\u00bb Il avait ajout\u00e9 que \u00ab\u00a0cette fois-ci\u00a0\u00bb, le tournage du film, attendu le 31 juillet 2026 au cin\u00e9ma, \u00e9tait \u00ab\u00a0diff\u00e9rent\u00a0\u00bb.<\/p>\n<p>    Le tournage de Spider-Man\u00a0: Brand New Day a \u00e9t\u00e9 lanc\u00e9 le 1er ao\u00fbt dans les rues de Glasgow, en \u00c9cosse.<br \/>\n                Splash News\/ABACA<\/p>\n","protected":false},"excerpt":{"rendered":"La star de la s\u00e9rie The Last of Us s\u2019est prise d\u2019affection pour l\u2019univers Marvel apr\u00e8s avoir regard\u00e9&hellip;\n","protected":false},"author":2,"featured_media":331754,"comment_status":"","ping_status":"","sticky":false,"template":"","format":"standard","meta":{"footnotes":""},"categories":[1354],"tags":[58,59,1346,1011,27,1360,33923,35103],"class_list":{"0":"post-331753","1":"post","2":"type-post","3":"status-publish","4":"format-standard","5":"has-post-thumbnail","7":"category-films","8":"tag-divertissement","9":"tag-entertainment","10":"tag-films","11":"tag-fr","12":"tag-france","13":"tag-movies","14":"tag-spider-man","15":"tag-tom-holland"},"share_on_mastodon":{"url":"https:\/\/pubeurope.com\/@fr\/115061560707891508","error":""},"_links":{"self":[{"href":"https:\/\/www.europesays.com\/fr\/wp-json\/wp\/v2\/posts\/331753","targetHints":{"allow":["GET"]}}],"collection":[{"href":"https:\/\/www.europesays.com\/fr\/wp-json\/wp\/v2\/posts"}],"about":[{"href":"https:\/\/www.europesays.com\/fr\/wp-json\/wp\/v2\/types\/post"}],"author":[{"embeddable":true,"href":"https:\/\/www.europesays.com\/fr\/wp-json\/wp\/v2\/users\/2"}],"replies":[{"embeddable":true,"href":"https:\/\/www.europesays.com\/fr\/wp-json\/wp\/v2\/comments?post=331753"}],"version-history":[{"count":0,"href":"https:\/\/www.europesays.com\/fr\/wp-json\/wp\/v2\/posts\/331753\/revisions"}],"wp:featuredmedia":[{"embeddable":true,"href":"https:\/\/www.europesays.com\/fr\/wp-json\/wp\/v2\/media\/331754"}],"wp:attachment":[{"href":"https:\/\/www.europesays.com\/fr\/wp-json\/wp\/v2\/media?parent=331753"}],"wp:term":[{"taxonomy":"category","embeddable":true,"href":"https:\/\/www.europesays.com\/fr\/wp-json\/wp\/v2\/categories?post=331753"},{"taxonomy":"post_tag","embeddable":true,"href":"https:\/\/www.europesays.com\/fr\/wp-json\/wp\/v2\/tags?post=331753"}],"curies":[{"name":"wp","href":"https:\/\/api.w.org\/{rel}","templated":true}]}}