{"id":331755,"date":"2025-08-20T14:27:11","date_gmt":"2025-08-20T14:27:11","guid":{"rendered":"https:\/\/www.europesays.com\/fr\/331755\/"},"modified":"2025-08-20T14:27:11","modified_gmt":"2025-08-20T14:27:11","slug":"leurope-enregistre-un-nombre-de-cas-record","status":"publish","type":"post","link":"https:\/\/www.europesays.com\/fr\/331755\/","title":{"rendered":"l\u2019Europe enregistre un nombre de cas record"},"content":{"rendered":"<p>                          <img loading=\"lazy\" decoding=\"async\" src=\"https:\/\/www.europesays.com\/fr\/wp-content\/uploads\/2025\/08\/416bca2_ftp-import-images-1-8dafzj7fbqry-5637342-01-06.jpg\" alt=\"Op\u00e9ration de d\u00e9moustication \u00e0 Bourges, dans le Cher, afin d\u2019\u00e9viter la transmission de la dengue, le 14\u00a0ao\u00fbt 2025.\"   width=\"664\" height=\"443\"\/>    Op\u00e9ration de d\u00e9moustication \u00e0 Bourges, dans le Cher, afin d\u2019\u00e9viter la transmission de la dengue, le 14\u00a0ao\u00fbt 2025.  GUILLAUME SOUVANT \/ AFP                        <\/p>\n<p class=\"article__paragraph  \">L\u2019Europe a enregistr\u00e9 cette ann\u00e9e un nombre record de cas de maladies transmises par des moustiques comme le chikungunya et le virus du Nil occidental, a annonc\u00e9 l\u2019agence de sant\u00e9 de l\u2019Union europ\u00e9enne mercredi 20\u00a0ao\u00fbt. L\u2019Europe conna\u00eet des saisons de contamination par les moustiques plus longues et plus intenses, a expliqu\u00e9 le Centre europ\u00e9en de pr\u00e9vention et de contr\u00f4le des maladies (ECDC) dans un communiqu\u00e9.<\/p>\n<p class=\"article__paragraph  \">\u00ab\u00a0Ce changement est caus\u00e9 par des facteurs climatiques et environnementaux comme la hausse des temp\u00e9ratures, des \u00e9t\u00e9s plus longs, des hivers plus doux et des changements dans la pluviom\u00e9trie \u2013, des probl\u00e8mes qui se combinent pour cr\u00e9er un environnement favorable aux moustiques, o\u00f9 ils prosp\u00e8rent et transmettent des virus\u00a0\u00bb, selon l\u2019ECDC.<\/p>\n<p class=\"article__paragraph  \">La directrice de l\u2019agence, Pamela Rendi-Wagner, estime que l\u2019Europe entre dans une nouvelle phase o\u00f9 \u00ab\u00a0une transmission plus longue, plus r\u00e9pandue et plus intense de maladies v\u00e9hicul\u00e9es par les moustiques devient la nouvelle normalit\u00e9\u00a0\u00bb. Le moustique pouvant r\u00e9pandre le virus du chikungunya, Aedes albopictus, s\u2019est d\u00e9sormais \u00e9tabli dans 16 pays europ\u00e9ens et 369 r\u00e9gions, contre seulement 114 r\u00e9gions il y a une d\u00e9cennie, pr\u00e9cise l\u2019ECDC.<\/p>\n<p>                  Un cas transmis localement en Alsace                  <\/p>\n<p class=\"article__paragraph  \">Pour le moment, en 2025, l\u2019Europe a enregistr\u00e9 27 \u00e9pisodes de transmission du chikungunya \u2013 qui peuvent repr\u00e9senter d\u2019une \u00e0 plus de vingt contaminations \u2013, un nouveau record pour le continent. Pour la premi\u00e8re fois, un cas transmis localement a \u00e9t\u00e9 signal\u00e9 en Alsace, dans le nord-est de la France. Il s\u2019agit d\u2019un \u00ab\u00a0\u00e9v\u00e9nement exceptionnel \u00e0 cette latitude, qui met en \u00e9vidence l\u2019expansion continue vers le nord du risque de transmission\u00a0\u00bb, a soulign\u00e9 l\u2019agence.<\/p>\n<p>                                     Lire aussi |  <a href=\"https:\/\/www.lemonde.fr\/sante\/article\/2025\/08\/13\/fievre-west-nile-premiers-cas-autochtones-observes-en-ile-de-france_6629030_1651302.html\" class=\"js-article-read-also catcher--favoris__link\" data-premium=\"\" id=\"article-title-3434373\" rel=\"nofollow noopener\" target=\"_blank\">Virus du Nil occidental\u00a0: premiers cas autochtones observ\u00e9s en \u00cele-de-France<\/a>    <\/p>\n<p>   Lire plus tard  <\/p>\n<p class=\"article__paragraph  \">Entre le 1er\u00a0janvier le 13\u00a0ao\u00fbt, huit pays europ\u00e9ens ont enregistr\u00e9 335 cas de transmission locale du virus du Nil occidental et 19 morts. L\u2019Italie est le pays le plus touch\u00e9, avec 274 contaminations. \u00ab\u00a0A mesure que le panorama des maladies transmises par les moustiques \u00e9voluera, davantage de gens seront menac\u00e9s \u00e0 l\u2019avenir en Europe\u00a0\u00bb, a r\u00e9sum\u00e9 C\u00e9line Gossner, cheffe de la section consacr\u00e9e aux maladies d\u2019origine alimentaire, hydrique, vectorielle et zoonotique de l\u2019ECDC.<\/p>\n<p class=\"article__paragraph  \">Elle a ajout\u00e9 que la pr\u00e9vention est plus importante que jamais, \u00e0 la fois par des initiatives publiques coordonn\u00e9es et des mesures de protection personnelle. L\u2019ECDC appelle la population des r\u00e9gions concern\u00e9es \u00e0 se prot\u00e9ger des piq\u00fbres de moustiques en utilisant du r\u00e9pulsif, en portant des manches longues et des pantalons et en installant des moustiquaires.<\/p>\n<p class=\"author__detail\">  Le Monde avec AFP  <\/p>\n","protected":false},"excerpt":{"rendered":"Op\u00e9ration de d\u00e9moustication \u00e0 Bourges, dans le Cher, afin d\u2019\u00e9viter la transmission de la dengue, le 14\u00a0ao\u00fbt 2025.&hellip;\n","protected":false},"author":2,"featured_media":331756,"comment_status":"","ping_status":"","sticky":false,"template":"","format":"standard","meta":{"footnotes":""},"categories":[10],"tags":[1011,27,72,71],"class_list":{"0":"post-331755","1":"post","2":"type-post","3":"status-publish","4":"format-standard","5":"has-post-thumbnail","7":"category-sante","8":"tag-fr","9":"tag-france","10":"tag-health","11":"tag-sante"},"share_on_mastodon":{"url":"https:\/\/pubeurope.com\/@fr\/115061564600310276","error":""},"_links":{"self":[{"href":"https:\/\/www.europesays.com\/fr\/wp-json\/wp\/v2\/posts\/331755","targetHints":{"allow":["GET"]}}],"collection":[{"href":"https:\/\/www.europesays.com\/fr\/wp-json\/wp\/v2\/posts"}],"about":[{"href":"https:\/\/www.europesays.com\/fr\/wp-json\/wp\/v2\/types\/post"}],"author":[{"embeddable":true,"href":"https:\/\/www.europesays.com\/fr\/wp-json\/wp\/v2\/users\/2"}],"replies":[{"embeddable":true,"href":"https:\/\/www.europesays.com\/fr\/wp-json\/wp\/v2\/comments?post=331755"}],"version-history":[{"count":0,"href":"https:\/\/www.europesays.com\/fr\/wp-json\/wp\/v2\/posts\/331755\/revisions"}],"wp:featuredmedia":[{"embeddable":true,"href":"https:\/\/www.europesays.com\/fr\/wp-json\/wp\/v2\/media\/331756"}],"wp:attachment":[{"href":"https:\/\/www.europesays.com\/fr\/wp-json\/wp\/v2\/media?parent=331755"}],"wp:term":[{"taxonomy":"category","embeddable":true,"href":"https:\/\/www.europesays.com\/fr\/wp-json\/wp\/v2\/categories?post=331755"},{"taxonomy":"post_tag","embeddable":true,"href":"https:\/\/www.europesays.com\/fr\/wp-json\/wp\/v2\/tags?post=331755"}],"curies":[{"name":"wp","href":"https:\/\/api.w.org\/{rel}","templated":true}]}}