{"id":331759,"date":"2025-08-20T14:29:10","date_gmt":"2025-08-20T14:29:10","guid":{"rendered":"https:\/\/www.europesays.com\/fr\/331759\/"},"modified":"2025-08-20T14:29:10","modified_gmt":"2025-08-20T14:29:10","slug":"on-fait-des-economies-france-3-arrete-de-diffuser-le-jeu-slam-anime-par-theo-curin-le-week-end","status":"publish","type":"post","link":"https:\/\/www.europesays.com\/fr\/331759\/","title":{"rendered":"\u00ab\u00a0On fait des \u00e9conomies\u00a0\u00bb\u2026 France 3 arr\u00eate de diffuser le jeu \u00ab\u00a0Slam\u00a0\u00bb, anim\u00e9 par Th\u00e9o Curin, le week-end"},"content":{"rendered":"<p>On rit jaune sur les plateaux de jeux t\u00e9l\u00e9vis\u00e9s\u00a0: apr\u00e8s avoir d\u00e9cid\u00e9, en juin dernier, de ne plus diffuser <a href=\"https:\/\/www.20minutes.fr\/arts-stars\/culture\/4160918-20250628-questions-champion-plus-diffuse-semaine\" class=\"c-link c-link--is-underlined\" rel=\"nofollow noopener\" target=\"_blank\">Questions pour un champion que le week-end<\/a>, <a href=\"https:\/\/www.20minutes.fr\/television\/france3\/\" class=\"c-link c-link--is-underlined\" rel=\"nofollow noopener\" target=\"_blank\">France 3<\/a> a annonc\u00e9, mardi 19\u00a0ao\u00fbt 2025, que <a href=\"https:\/\/www.20minutes.fr\/sante\/4068976-20240104-pourquoi-sequence-slam-reflexologie-plantaire-fait-polemique\" class=\"c-link c-link--is-underlined\" rel=\"nofollow noopener\" target=\"_blank\">le jeu Slam<\/a> ne serait, lui, plus propos\u00e9 qu\u2019en semaine, <a href=\"https:\/\/www.ozap.com\/actu\/nous-aurions-aime-que-cela-continue-france-3-arrete-la-diffusion-de-slam-avec-theo-curin-le-week-end\/651255\" target=\"_blank\" class=\"c-link c-link--is-underlined\" rel=\"nofollow noopener\">rapporte PureM\u00e9dias<\/a>.<\/p>\n<\/p>\n<p>\u00ab\u00a0Pour des raisons d\u2019\u00e9conomie\u00a0\u00bb, le jeu <a href=\"https:\/\/www.20minutes.fr\/arts-stars\/medias\/4096138-20240613-slam-nageur-handisport-theo-curin-remplace-cyril-feraud-animation-jeu-france-3\" class=\"c-link c-link--is-underlined\" rel=\"nofollow noopener\" target=\"_blank\">anim\u00e9 par l\u2019athl\u00e8te handisport Th\u00e9o Curin<\/a> ne sera donc plus diffus\u00e9 le week-end \u00e0 compter du samedi 6\u00a0septembre 2025, a pr\u00e9cis\u00e9 Simone Harari Baulieu, la productrice du <a href=\"https:\/\/www.20minutes.fr\/dossier\/divertissement\" class=\"c-link c-link--is-underlined\" rel=\"nofollow noopener\" target=\"_blank\">divertissement<\/a>, qui impute cette modification \u00e0 la \u00ab\u00a0situation de restriction budg\u00e9taire\u00a0\u00bb dans laquelle se trouve <a href=\"https:\/\/www.20minutes.fr\/television\/france_televisions\/\" class=\"c-link c-link--is-underlined\" rel=\"nofollow noopener\" target=\"_blank\">France T\u00e9l\u00e9visions<\/a>.<\/p>\n<p>Changement d\u2019horaire<\/p>\n<p>Outre son absence des \u00e9crans le week-end, Slam subira un glissement d\u2019horaire d\u00fb \u00e0 l\u2019arr\u00eat de <a href=\"https:\/\/www.20minutes.fr\/television\/questions-champion\/\" class=\"c-link c-link--is-underlined\" rel=\"nofollow noopener\" target=\"_blank\">Questions pour un champion<\/a> en semaine\u00a0: alors que le jeu \u00e9tait traditionnellement diffus\u00e9 \u00e0 17h20, il le sera d\u00e9sormais \u00e0 18 heures. \u00ab\u00a0C\u2019est un \u00e9norme changement car la concurrence et le public ne sont pas tout \u00e0 fait les m\u00eames\u00a0\u00bb, rel\u00e8ve Simone Harari Baulieu.<\/p>\n<p><a href=\"https:\/\/www.20minutes.fr\/arts-stars\/television\/\" class=\"c-link c-btn c-btn--primary\" rel=\"nofollow noopener\" target=\"_blank\">Notre dossier \u00ab T\u00e9l\u00e9vision \u00bb<\/a><\/p>\n<p>PureM\u00e9dias rappelle que le directeur des antennes et des programmes de France T\u00e9l\u00e9visions avait confi\u00e9, en juillet\u00a02025, que si le groupe devait faire d\u2019importantes <a href=\"https:\/\/www.20minutes.fr\/dossier\/economies\" class=\"c-link c-link--is-underlined\" rel=\"nofollow noopener\" target=\"_blank\">\u00e9conomies<\/a>, il comprenait que la suppression d\u2019une \u00ab\u00a0ligne de jeu\u00a0\u00bb suscite de l\u2019\u00e9motion. \u00ab\u00a0Quand on fait un choix par \u00e9conomie, on ne fait pas un choix g\u00e9nial\u00a0\u00bb, conc\u00e9dait-il alors.<\/p>\n","protected":false},"excerpt":{"rendered":"On rit jaune sur les plateaux de jeux t\u00e9l\u00e9vis\u00e9s\u00a0: apr\u00e8s avoir d\u00e9cid\u00e9, en juin dernier, de ne plus&hellip;\n","protected":false},"author":2,"featured_media":331760,"comment_status":"","ping_status":"","sticky":false,"template":"","format":"standard","meta":{"footnotes":""},"categories":[8],"tags":[58,33,4739,59,1011,27,876,2400,8471,1197,11012,252,46903,133],"class_list":{"0":"post-331759","1":"post","2":"type-post","3":"status-publish","4":"format-standard","5":"has-post-thumbnail","7":"category-divertissement","8":"tag-divertissement","9":"tag-economie","10":"tag-emission-de-television","11":"tag-entertainment","12":"tag-fr","13":"tag-france","14":"tag-france-3","15":"tag-france-televisions","16":"tag-handisport","17":"tag-jeu","18":"tag-questions-pour-un-champion","19":"tag-television","20":"tag-theo-curin","21":"tag-video"},"share_on_mastodon":{"url":"https:\/\/pubeurope.com\/@fr\/115061572846739819","error":""},"_links":{"self":[{"href":"https:\/\/www.europesays.com\/fr\/wp-json\/wp\/v2\/posts\/331759","targetHints":{"allow":["GET"]}}],"collection":[{"href":"https:\/\/www.europesays.com\/fr\/wp-json\/wp\/v2\/posts"}],"about":[{"href":"https:\/\/www.europesays.com\/fr\/wp-json\/wp\/v2\/types\/post"}],"author":[{"embeddable":true,"href":"https:\/\/www.europesays.com\/fr\/wp-json\/wp\/v2\/users\/2"}],"replies":[{"embeddable":true,"href":"https:\/\/www.europesays.com\/fr\/wp-json\/wp\/v2\/comments?post=331759"}],"version-history":[{"count":0,"href":"https:\/\/www.europesays.com\/fr\/wp-json\/wp\/v2\/posts\/331759\/revisions"}],"wp:featuredmedia":[{"embeddable":true,"href":"https:\/\/www.europesays.com\/fr\/wp-json\/wp\/v2\/media\/331760"}],"wp:attachment":[{"href":"https:\/\/www.europesays.com\/fr\/wp-json\/wp\/v2\/media?parent=331759"}],"wp:term":[{"taxonomy":"category","embeddable":true,"href":"https:\/\/www.europesays.com\/fr\/wp-json\/wp\/v2\/categories?post=331759"},{"taxonomy":"post_tag","embeddable":true,"href":"https:\/\/www.europesays.com\/fr\/wp-json\/wp\/v2\/tags?post=331759"}],"curies":[{"name":"wp","href":"https:\/\/api.w.org\/{rel}","templated":true}]}}