{"id":331761,"date":"2025-08-20T14:30:11","date_gmt":"2025-08-20T14:30:11","guid":{"rendered":"https:\/\/www.europesays.com\/fr\/331761\/"},"modified":"2025-08-20T14:30:11","modified_gmt":"2025-08-20T14:30:11","slug":"on-dirait-un-monstre-vivant-la-creature-geante-illumine-locean-et-pulverise-les-certitudes-des-scientifiques-de-la-nasa","status":"publish","type":"post","link":"https:\/\/www.europesays.com\/fr\/331761\/","title":{"rendered":"\u00ab On dirait un monstre vivant \u00bb : la cr\u00e9ature g\u00e9ante illumine l\u2019oc\u00e9an et pulv\u00e9rise les certitudes des scientifiques de la NASA"},"content":{"rendered":"<tr>\n<td><strong>EN BREF<\/strong><\/td>\n<\/tr>\n<tr>\n<td>\n<ul>\n<li>\ud83c\udf0a Une lueur turquoise, visible depuis l\u2019espace, a \u00e9t\u00e9 captur\u00e9e par des satellites de la <strong>NASA<\/strong>.<\/li>\n<li>\ud83d\udd2c Le ph\u00e9nom\u00e8ne est d\u00fb \u00e0 une floraison de <strong>phytoplanctons bioluminescents<\/strong> dans la zone photique.<\/li>\n<li>\ud83d\udc0b Ces blooms attirent jusqu\u2019\u00e0 80 <strong>baleines bleues<\/strong> qui se nourrissent des organismes pr\u00e9sents.<\/li>\n<li>\ud83c\udf0d Les chercheurs \u00e9tudient l\u2019impact des <strong>changements climatiques<\/strong> sur ces ph\u00e9nom\u00e8nes naturels.<\/li>\n<\/ul>\n<\/td>\n<\/tr>\n<p>Un ph\u00e9nom\u00e8ne myst\u00e9rieux a r\u00e9cemment attir\u00e9 l\u2019attention des scientifiques et du public au large de la c\u00f4te sud de l\u2019Australie. Une lueur turquoise, visible depuis l\u2019espace, a \u00e9t\u00e9 captur\u00e9e par les satellites de la NASA. Ce ph\u00e9nom\u00e8ne, identifi\u00e9 comme une floraison de phytoplanctons bioluminescents, a illumin\u00e9 la mer de Tasmanie et suscit\u00e9 de nombreuses interrogations quant \u00e0 son origine et \u00e0 ses implications \u00e9cologiques. Les chercheurs sont particuli\u00e8rement int\u00e9ress\u00e9s par la nature de cette lumi\u00e8re et son impact potentiel sur l\u2019environnement marin.<\/p>\n<p>Phytoplancton bioluminescent : une vue spectaculaire depuis l\u2019espace<\/p>\n<p>Le ph\u00e9nom\u00e8ne de bioluminescence enregistr\u00e9 au large des c\u00f4tes australiennes a \u00e9t\u00e9 initialement observ\u00e9 par le satellite PACE de la NASA. Gr\u00e2ce \u00e0 l\u2019instrument OCI (Ocean Color Instrument), il a pu d\u00e9tecter cette lueur en novembre 2024, illuminant les eaux entre la c\u00f4te sud-est de l\u2019Australie et la Tasmanie. La r\u00e9gion du d\u00e9troit de Bass, o\u00f9 les courants sont r\u00e9put\u00e9s pour leur turbulence, a \u00e9t\u00e9 le th\u00e9\u00e2tre de ce spectacle lumineux. Cette zone joue aussi un r\u00f4le crucial pour les routes maritimes vers la baie de Port Phillip, pr\u00e8s de Melbourne.<\/p>\n<blockquote class=\"wp-embedded-content\" data-secret=\"BEGetseVgJ\">\n<p><a href=\"https:\/\/www.enviro2b.com\/2025\/06\/21\/cette-invention-francaise-oubliee-depuis-229-ans-fait-trembler-les-geants-de-lenergie-un-moteur-ecologique-sans-electricite-ni-essence-qui-fascine-le-monde-entier\/\" target=\"_blank\" rel=\"noopener\">Cette invention fran\u00e7aise oubli\u00e9e depuis 229 ans fait trembler les g\u00e9ants de l\u2019\u00e9nergie : un moteur \u00e9cologique sans \u00e9lectricit\u00e9 ni essence qui fascine le monde entier<\/a><\/p>\n<\/blockquote>\n<p>Ce n\u2019est pas la premi\u00e8re fois qu\u2019une telle floraison est observ\u00e9e dans la r\u00e9gion. Les satellites Suomi NPP, Terra, et Aqua avaient document\u00e9 des ph\u00e9nom\u00e8nes similaires en 2023 et 2024. Ces observations r\u00e9p\u00e9t\u00e9es ont permis aux scientifiques de suivre avec pr\u00e9cision l\u2019\u00e9volution de ces blooms algaux, offrant une meilleure compr\u00e9hension des dynamiques marines locales.<\/p>\n<blockquote class=\"wp-embedded-content\" data-secret=\"8Zkq9hRsfc\">\n<p><a href=\"https:\/\/www.enviro2b.com\/2025\/07\/28\/ils-ont-mis-de-lhydrogene-dans-un-sauna-linvention-delirante-de-toyota-declenche-un-debat-mondial-sur-le-gaspillage-energetique\/\" target=\"_blank\" rel=\"noopener\">\u00ab Ils ont mis de l\u2019hydrog\u00e8ne dans un sauna \u00bb : l\u2019invention d\u00e9lirante de Toyota d\u00e9clenche un d\u00e9bat mondial sur le gaspillage \u00e9nerg\u00e9tique<\/a><\/p>\n<\/blockquote>\n<p>\u00c0 la d\u00e9couverte de l\u2019origine de cette lumi\u00e8re<\/p>\n<p>La floraison de phytoplanctons bioluminescents a \u00e9t\u00e9 mise en \u00e9vidence par sa forte concentration en chlorophylle-a, un pigment indispensable \u00e0 la photosynth\u00e8se. La zone photique, o\u00f9 la lumi\u00e8re p\u00e9n\u00e8tre l\u2019oc\u00e9an, est le lieu de pr\u00e9dilection de ces organismes. Les phytoplanctons y prosp\u00e8rent gr\u00e2ce \u00e0 des nutriments tels que le nitrog\u00e8ne et le phosphore, qui proviennent de la d\u00e9composition de la vie marine.<\/p>\n<p>Jochen Kaempf, oc\u00e9anographe \u00e0 l\u2019Universit\u00e9 Flinders, a confirm\u00e9 que cette floraison est un bloom de phytoplanctons s\u2019\u00e9tendant le long de la rupture du plateau oc\u00e9anique. Les teintes lumineuses bleues pourraient \u00e9galement provenir de s\u00e9diments remu\u00e9s ou d\u2019autres esp\u00e8ces de phytoplanctons, contribuant \u00e0 l\u2019intensit\u00e9 de la lueur observ\u00e9e.<\/p>\n<p>Importance \u00e9cologique dans le d\u00e9troit de Bass<\/p>\n<p>Les phytoplanctons forment la base de la cha\u00eene alimentaire marine, et leurs floraisons soutiennent une diversit\u00e9 exceptionnelle de vie oc\u00e9anique. Chaque ann\u00e9e, la c\u00f4te de Bonney en Australie voit affluer jusqu\u2019\u00e0 80 baleines bleues, attir\u00e9es par ces blooms. Ces g\u00e9ants des mers se nourrissent de krill et d\u2019autres petits organismes, eux-m\u00eames d\u00e9pendants des phytoplanctons.<\/p>\n<p>Les blooms attirent \u00e9galement de nombreux poissons, comme les sardines et les anchois, ainsi que des esp\u00e8ces de crabe et de thon. Les phytoplanctons jouent un r\u00f4le crucial dans la production d\u2019oxyg\u00e8ne mondial et la r\u00e9gulation climatique. Les scientifiques soulignent que la pr\u00e9sence de ces blooms, visibles depuis l\u2019espace, met en lumi\u00e8re l\u2019importance \u00e9cologique de ces micro-organismes marins.<\/p>\n<p>Questions pour l\u2019avenir<\/p>\n<p>La recherche sur ces ph\u00e9nom\u00e8nes naturels fascinants se poursuit, mais de nombreuses questions restent en suspens. Comment les blooms de phytoplanctons pourraient-ils \u00eatre influenc\u00e9s par les changements climatiques et les variations environnementales futures ? Les scientifiques continuent d\u2019\u00e9tudier ces dynamiques complexes pour comprendre leur impact potentiel sur les \u00e9cosyst\u00e8mes marins et le climat global. Quelle sera l\u2019ampleur de ces changements sur la biodiversit\u00e9 marine et notre plan\u00e8te ?<\/p>\n<p>Cet article s\u2019appuie sur des sources v\u00e9rifi\u00e9es et l\u2019assistance de technologies \u00e9ditoriales.<\/p>\n<p id=\"rating\">\u00c7a vous a plu ?\u00a04.4\/5 (21)<\/p>\n","protected":false},"excerpt":{"rendered":"EN BREF \ud83c\udf0a Une lueur turquoise, visible depuis l\u2019espace, a \u00e9t\u00e9 captur\u00e9e par des satellites de la NASA.&hellip;\n","protected":false},"author":2,"featured_media":331762,"comment_status":"","ping_status":"","sticky":false,"template":"","format":"standard","meta":{"footnotes":""},"categories":[7],"tags":[1011,27,43,40,41,39,42,44],"class_list":{"0":"post-331761","1":"post","2":"type-post","3":"status-publish","4":"format-standard","5":"has-post-thumbnail","7":"category-sciences-et-technologies","8":"tag-fr","9":"tag-france","10":"tag-science","11":"tag-science-and-technology","12":"tag-sciences","13":"tag-sciences-et-technologies","14":"tag-technologies","15":"tag-technology"},"share_on_mastodon":{"url":"https:\/\/pubeurope.com\/@fr\/115061576381260007","error":""},"_links":{"self":[{"href":"https:\/\/www.europesays.com\/fr\/wp-json\/wp\/v2\/posts\/331761","targetHints":{"allow":["GET"]}}],"collection":[{"href":"https:\/\/www.europesays.com\/fr\/wp-json\/wp\/v2\/posts"}],"about":[{"href":"https:\/\/www.europesays.com\/fr\/wp-json\/wp\/v2\/types\/post"}],"author":[{"embeddable":true,"href":"https:\/\/www.europesays.com\/fr\/wp-json\/wp\/v2\/users\/2"}],"replies":[{"embeddable":true,"href":"https:\/\/www.europesays.com\/fr\/wp-json\/wp\/v2\/comments?post=331761"}],"version-history":[{"count":0,"href":"https:\/\/www.europesays.com\/fr\/wp-json\/wp\/v2\/posts\/331761\/revisions"}],"wp:featuredmedia":[{"embeddable":true,"href":"https:\/\/www.europesays.com\/fr\/wp-json\/wp\/v2\/media\/331762"}],"wp:attachment":[{"href":"https:\/\/www.europesays.com\/fr\/wp-json\/wp\/v2\/media?parent=331761"}],"wp:term":[{"taxonomy":"category","embeddable":true,"href":"https:\/\/www.europesays.com\/fr\/wp-json\/wp\/v2\/categories?post=331761"},{"taxonomy":"post_tag","embeddable":true,"href":"https:\/\/www.europesays.com\/fr\/wp-json\/wp\/v2\/tags?post=331761"}],"curies":[{"name":"wp","href":"https:\/\/api.w.org\/{rel}","templated":true}]}}