{"id":331765,"date":"2025-08-20T14:32:10","date_gmt":"2025-08-20T14:32:10","guid":{"rendered":"https:\/\/www.europesays.com\/fr\/331765\/"},"modified":"2025-08-20T14:32:10","modified_gmt":"2025-08-20T14:32:10","slug":"trump-demande-a-la-justice-denqueter-contre-les-musees-woke-liberation","status":"publish","type":"post","link":"https:\/\/www.europesays.com\/fr\/331765\/","title":{"rendered":"Trump demande \u00e0 la justice d\u2019enqu\u00eater contre les mus\u00e9es \u00abwoke\u00bb \u2013 Lib\u00e9ration"},"content":{"rendered":"<p class=\"sc-ksZaOG ehjQrN text-element\">Apr\u00e8s les universit\u00e9s et <a href=\"https:\/\/www.liberation.fr\/international\/amerique\/la-croisade-de-trump-contre-la-diversite-mene-a-leffacement-dune-photo-du-bombardier-dhiroshima-enola-gay-20250307_QI6S7AUDYNAOFECJV5WO2UTN5I\/\" target=\"_blank\" rel=\"noreferrer noopener\" title=\"https:\/\/www.liberation.fr\/international\/amerique\/la-croisade-de-trump-contre-la-diversite-mene-a-leffacement-dune-photo-du-bombardier-dhiroshima-enola-gay-20250307_QI6S7AUDYNAOFECJV5WO2UTN5I\/\">l\u2019arm\u00e9e<\/a>, c\u2019est au tour des <a href=\"https:\/\/www.liberation.fr\/international\/amerique\/a-washington-donald-trump-obsede-par-le-recit-de-la-grandeur-americaine-dans-les-musees-nationaux-20250812_XHZNOE56NNHH7JDAI7JBVMQP5Q\/\" target=\"_blank\" rel=\"noreferrer noopener\" title=\"https:\/\/www.liberation.fr\/international\/amerique\/a-washington-donald-trump-obsede-par-le-recit-de-la-grandeur-americaine-dans-les-musees-nationaux-20250812_XHZNOE56NNHH7JDAI7JBVMQP5Q\/\">mus\u00e9es am\u00e9ricains<\/a> d\u2019\u00eatre dans le viseur de l\u2019administration Trump. Poursuivant son offensive contre des institutions \u00e9ducatives et culturelles, le pr\u00e9sident des Etats-Unis a annonc\u00e9 mardi 19 ao\u00fbt avoir demand\u00e9 \u00e0 la justice d\u2019enqu\u00eater dans tous le pays sur des mus\u00e9es <a href=\"https:\/\/www.liberation.fr\/politique\/lantiwokisme-ce-fatras-bien-pratique-des-pro-trump-honteux-20241112_AE3GPFJ43FBKZGID252PHPM53M\/\" target=\"_blank\" rel=\"noreferrer noopener\" title=\"https:\/\/www.liberation.fr\/politique\/lantiwokisme-ce-fatras-bien-pratique-des-pro-trump-honteux-20241112_AE3GPFJ43FBKZGID252PHPM53M\/\">qu\u2019il accuse d\u2019\u00eatre \u00abwoke\u00bb<\/a>, notamment en ce qui concerne la restitution de <a href=\"https:\/\/www.liberation.fr\/international\/amerique\/esclavage-et-champs-de-coton-aux-etats-unis-la-police-enquete-sur-des-sms-racistes-recus-apres-lelection-20241109_762TGGWI65A4THTQEXEPD7FS4Y\/\" target=\"_blank\" rel=\"noreferrer noopener\" title=\"https:\/\/www.liberation.fr\/international\/amerique\/esclavage-et-champs-de-coton-aux-etats-unis-la-police-enquete-sur-des-sms-racistes-recus-apres-lelection-20241109_762TGGWI65A4THTQEXEPD7FS4Y\/\">l\u2019histoire de l\u2019esclavage<\/a>.<\/p>\n<p class=\"sc-ksZaOG ehjQrN text-element\">\u00abLes mus\u00e9es de Washington, mais aussi \u00e0 travers tout le pays, sont pour l\u2019essentiel les derniers restes du <a href=\"https:\/\/www.liberation.fr\/idees-et-debats\/les-puf-suspendent-la-parution-dun-livre-anti-woke-aux-obsessions-trumpistes-20250310_GTHHMRZAEBCTZAYNGIDC5RMUDQ\/\" target=\"_blank\" rel=\"noreferrer noopener\" title=\"https:\/\/www.liberation.fr\/idees-et-debats\/les-puf-suspendent-la-parution-dun-livre-anti-woke-aux-obsessions-trumpistes-20250310_GTHHMRZAEBCTZAYNGIDC5RMUDQ\/\">wokisme<\/a>\u00bb, a d\u00e9nonc\u00e9 Donald Trump sur son r\u00e9seau Truth Social. \u00abJ\u2019ai donn\u00e9 instruction \u00e0 mes procureurs de passer en revue [la politique des] mus\u00e9es et de commencer exactement le m\u00eame processus suivi avec <a href=\"https:\/\/www.liberation.fr\/idees-et-debats\/steven-pinker-professeur-a-harvard-le-wokisme-pose-certes-quelques-problemes-mais-les-attaques-de-ladministration-trump-contre-la-democratie-sont-infiniment-plus-dangereuses-20250422_CN5HBRPSZRG4JEK3CRXWFR4L5A\/\" target=\"_blank\" rel=\"noreferrer noopener\" title=\"https:\/\/www.liberation.fr\/idees-et-debats\/steven-pinker-professeur-a-harvard-le-wokisme-pose-certes-quelques-problemes-mais-les-attaques-de-ladministration-trump-contre-la-democratie-sont-infiniment-plus-dangereuses-20250422_CN5HBRPSZRG4JEK3CRXWFR4L5A\/\">les universit\u00e9s<\/a>, o\u00f9 d\u2019immenses avanc\u00e9es ont \u00e9t\u00e9 r\u00e9alis\u00e9es\u00bb, a ajout\u00e9 le milliardaire conservateur. \u00abCe pays ne peut pas \u00eatre woke car le WOKISME EST FINI\u00bb, a-t-il proclam\u00e9.<\/p>\n<p class=\"sc-ksZaOG ehjQrN text-element\">La Maison Blanche avait annonc\u00e9 la semaine derni\u00e8re dans un courrier \u00e0 l\u2019institution qui g\u00e8re une vingtaine de mus\u00e9es publics de Washington, <a href=\"https:\/\/www.liberation.fr\/culture\/etats-unis-apres-le-kennedy-center-le-smithsonian-est-dans-le-viseur-revisionniste-de-trump-20250331_4YGLHU6TNRB3PENGXKYPTEYXWI\/\" target=\"_blank\" rel=\"noreferrer noopener\" title=\"https:\/\/www.liberation.fr\/culture\/etats-unis-apres-le-kennedy-center-le-smithsonian-est-dans-le-viseur-revisionniste-de-trump-20250331_4YGLHU6TNRB3PENGXKYPTEYXWI\/\">la Smithsonian Institution<\/a>, que le gouvernement allait mener un examen approfondi pour s\u2019assurer de leur \u00abalignement\u00bb avec la vision de l\u2019histoire des Etats-Unis pr\u00f4n\u00e9e par Donald Trump, fond\u00e9e sur la \u00abv\u00e9rit\u00e9 et la raison\u00bb.<\/p>\n<p class=\"sc-ksZaOG ehjQrN text-element\">\u00abLa Smithsonian est HORS DE CONTR\u00d4LE\u00bb, a encore tonn\u00e9 Donald Trump, d\u00e9plorant que les mus\u00e9es de la capitale f\u00e9d\u00e9rale pr\u00e9sentent selon lui une image \u00abhorrible de notre pays, [notamment] sur les m\u00e9faits de l\u2019esclavage [\u2026] et rien sur sa r\u00e9ussite et son \u00e9clat\u00bb. Le pr\u00e9sident am\u00e9ricain a sign\u00e9 en mars dernier un d\u00e9cret visant \u00e0 reprendre le contr\u00f4le du contenu des mus\u00e9es de la Smithsonian, qu\u2019il avait d\u00e9j\u00e0 accus\u00e9s de \u00abr\u00e9visionnisme historique\u00bb et d\u2019\u00abendoctrinement id\u00e9ologique\u00bb racial, notamment sous ses pr\u00e9d\u00e9cesseurs et ennemis politiques Barack Obama (2009-2017) et Joe Biden (2021-2025).<\/p>\n<p class=\"sc-ksZaOG ehjQrN text-element\">Le gouvernement am\u00e9ricain a justifi\u00e9 ces mesures contre les mus\u00e9es &#8211; qui touchent aussi le centre culturel de Washington, <a href=\"https:\/\/www.liberation.fr\/international\/amerique\/a-washington-le-kennedy-center-devient-premiere-victime-de-la-guerre-culturelle-de-trump-20250315_VFMKVYGI7FC3TML5A26HTXJWKM\/\" target=\"_blank\" rel=\"noreferrer noopener\" title=\"https:\/\/www.liberation.fr\/international\/amerique\/a-washington-le-kennedy-center-devient-premiere-victime-de-la-guerre-culturelle-de-trump-20250315_VFMKVYGI7FC3TML5A26HTXJWKM\/\">le Kennedy Center<\/a> &#8211; par les festivit\u00e9s du 250e anniversaire de l\u2019ind\u00e9pendance des Etats-Unis en 2026, \u00e0 l\u2019occasion desquelles il envisage notamment l\u2019organisation <a href=\"https:\/\/www.liberation.fr\/international\/amerique\/donald-trump-veut-feter-les-250-ans-de-lindependance-americaine-avec-un-combat-de-mma-a-la-maison-blanche-20250704_E46UND5ESZFFPGVMIOFUKBC57I\/\" target=\"_blank\" rel=\"noreferrer noopener\" title=\"https:\/\/www.liberation.fr\/international\/amerique\/donald-trump-veut-feter-les-250-ans-de-lindependance-americaine-avec-un-combat-de-mma-a-la-maison-blanche-20250704_E46UND5ESZFFPGVMIOFUKBC57I\/\">d\u2019un gala de MMA dans les jardins de la Maison Blanche.<\/a><\/p>\n<p class=\"sc-ksZaOG ehjQrN text-element\">Donald Trump s\u2019est engag\u00e9 depuis sept mois dans une rapide reprise en main d\u2019institutions culturelles et \u00e9ducatives sur lesquelles il a une influence, des mus\u00e9es aux universit\u00e9s, afin de les expurger de ce qu\u2019il consid\u00e8re \u00eatre des id\u00e9es progressistes en faveur des minorit\u00e9s.<\/p>\n<p class=\"sc-ksZaOG ehjQrN text-element\">Les termes anglais \u00abwoke\u00bb et \u00abwokisme\u00bb sont emprunt\u00e9s aux luttes afro-am\u00e9ricaines, qui signifient \u00ab\u00eatre \u00e9veill\u00e9\u00bb aux injustices. Ils ont \u00e9t\u00e9 r\u00e9cup\u00e9r\u00e9s et d\u00e9tourn\u00e9s de mani\u00e8re p\u00e9jorative par des dirigeants et mouvements conservateurs en Europe et aux Etats-Unis, pour d\u00e9noncer ce qu\u2019ils jugent \u00eatre des d\u00e9rives du militantisme en mati\u00e8re de lutte pour les minorit\u00e9s et contre des injustices sociales et climatiques.<\/p>\n","protected":false},"excerpt":{"rendered":"Apr\u00e8s les universit\u00e9s et l\u2019arm\u00e9e, c\u2019est au tour des mus\u00e9es am\u00e9ricains d\u2019\u00eatre dans le viseur de l\u2019administration Trump.&hellip;\n","protected":false},"author":2,"featured_media":331766,"comment_status":"","ping_status":"","sticky":false,"template":"","format":"standard","meta":{"footnotes":""},"categories":[5],"tags":[11,75,73,1011,27,14,12,4477,28],"class_list":{"0":"post-331765","1":"post","2":"type-post","3":"status-publish","4":"format-standard","5":"has-post-thumbnail","7":"category-international","8":"tag-actualites","9":"tag-donald-trump","10":"tag-etats-unis","11":"tag-fr","12":"tag-france","13":"tag-international","14":"tag-news","15":"tag-wokisme","16":"tag-world"},"share_on_mastodon":{"url":"https:\/\/pubeurope.com\/@fr\/115061584319521786","error":""},"_links":{"self":[{"href":"https:\/\/www.europesays.com\/fr\/wp-json\/wp\/v2\/posts\/331765","targetHints":{"allow":["GET"]}}],"collection":[{"href":"https:\/\/www.europesays.com\/fr\/wp-json\/wp\/v2\/posts"}],"about":[{"href":"https:\/\/www.europesays.com\/fr\/wp-json\/wp\/v2\/types\/post"}],"author":[{"embeddable":true,"href":"https:\/\/www.europesays.com\/fr\/wp-json\/wp\/v2\/users\/2"}],"replies":[{"embeddable":true,"href":"https:\/\/www.europesays.com\/fr\/wp-json\/wp\/v2\/comments?post=331765"}],"version-history":[{"count":0,"href":"https:\/\/www.europesays.com\/fr\/wp-json\/wp\/v2\/posts\/331765\/revisions"}],"wp:featuredmedia":[{"embeddable":true,"href":"https:\/\/www.europesays.com\/fr\/wp-json\/wp\/v2\/media\/331766"}],"wp:attachment":[{"href":"https:\/\/www.europesays.com\/fr\/wp-json\/wp\/v2\/media?parent=331765"}],"wp:term":[{"taxonomy":"category","embeddable":true,"href":"https:\/\/www.europesays.com\/fr\/wp-json\/wp\/v2\/categories?post=331765"},{"taxonomy":"post_tag","embeddable":true,"href":"https:\/\/www.europesays.com\/fr\/wp-json\/wp\/v2\/tags?post=331765"}],"curies":[{"name":"wp","href":"https:\/\/api.w.org\/{rel}","templated":true}]}}