{"id":331770,"date":"2025-08-20T14:36:13","date_gmt":"2025-08-20T14:36:13","guid":{"rendered":"https:\/\/www.europesays.com\/fr\/331770\/"},"modified":"2025-08-20T14:36:13","modified_gmt":"2025-08-20T14:36:13","slug":"succes-eclatant-pour-la-soiree-des-silotiers-au-silo-de-saint-etienne-du-gres","status":"publish","type":"post","link":"https:\/\/www.europesays.com\/fr\/331770\/","title":{"rendered":"Succ\u00e8s \u00e9clatant pour la Soir\u00e9e des Silotiers au Silo de Saint-\u00c9tienne du Gr\u00e8s"},"content":{"rendered":"<p>Il y a quelques jours, le Silo de Saint-\u00c9tienne-du-Gr\u00e8s, au c\u0153ur du nouveau parcours agro-touristique Alpilles C\u00e9r\u00e9ales, a vibr\u00e9 au rythme de la Soir\u00e9e des silotiers. Dans ce lieu devenu en quelques ann\u00e9es un v\u00e9ritable mus\u00e9e \u00e0 ciel ouvert, plusieurs dizaines d&rsquo;artistes ont investi les murs et m\u00eame le sol pour offrir au public un foisonnement d&rsquo;\u0153uvres contemporaines.<\/p>\n<p>La soir\u00e9e a mis \u00e0 l&rsquo;honneur quatre artistes de renom : Stanislas Blohorn, Marco Bollenbach, Uta Tiggesmeier et Romain Trinquant, tous pr\u00e9sents pour \u00e9changer avec les visiteurs autour de leurs fresques monumentales r\u00e9cemment inaugur\u00e9es. Durant la prise de parole de Leila Voight, cr\u00e9atrice du festival, Romain Trinquant achevait son \u0153uvre en la signant aux yeux de tous, gr\u00e2ce \u00e0 un \u00e9l\u00e9vateur pr\u00eat\u00e9 par la mairie de Saint-\u00c9tienne-du-Gr\u00e8s.<\/p>\n<p><img alt=\"Pierre Desfons et Laure Adler ont rendu hommage \u00e0 Elisabeth Couturier, fid\u00e8le soutien du festival et critique d'art.\" loading=\"lazy\" decoding=\"async\" data-nimg=\"fill\" class=\" TwicCore_img__i9TC1 undefined  undefined\" style=\"position:absolute;height:100%;width:100%;left:0;top:0;right:0;bottom:0;color:transparent;background-size:cover;background-position:50% 50%;background-repeat:no-repeat;background-image:url(&quot;data:image\/svg+xml;charset=utf-8,%3Csvg xmlns='http:\/\/www.w3.org\/2000\/svg' %3E%3Cfilter id='b' color-interpolation-filters='sRGB'%3E%3CfeGaussianBlur stdDeviation='20'\/%3E%3CfeColorMatrix values='1 0 0 0 0 0 1 0 0 0 0 0 1 0 0 0 0 0 100 -1' result='s'\/%3E%3CfeFlood x='0' y='0' width='100%25' height='100%25'\/%3E%3CfeComposite operator='out' in='s'\/%3E%3CfeComposite in2='SourceGraphic'\/%3E%3CfeGaussianBlur stdDeviation='20'\/%3E%3C\/filter%3E%3Cimage width='100%25' height='100%25' x='0' y='0' preserveAspectRatio='none' style='filter: url(%23b);' href='https:\/\/pictures.laprovence.com\/cdn-cgi\/image\/blur=250\/media\/melody\/2025\/08\/20\/pierre-desfons-et-laure-adler-ont-rendu-hommage-a-elisabeth-couturier-fidele-soutien-du-festival-et-1755695747_2080db0b8f9865480db0b8f983880dv_.jpg'\/%3E%3C\/svg%3E&quot;)\"   src=\"https:\/\/www.europesays.com\/fr\/wp-content\/uploads\/2025\/08\/pierre-desfons-et-laure-adler-ont-rendu-hommage-a-elisabeth-couturier-fidele-soutien-du-festival-et-.jpeg\"\/>Pierre Desfons et Laure Adler ont rendu hommage \u00e0 Elisabeth Couturier, fid\u00e8le soutien du festival et critique d&rsquo;art. \/ PHOTO C.B.<\/p>\n<p>Parmi les moments forts, l&rsquo;intervention de Laure Adler, invit\u00e9e d&rsquo;honneur, a profond\u00e9ment marqu\u00e9 l&rsquo;assistance. Rendant hommage \u00e0 la critique d&rsquo;art \u00c9lisabeth Couturier, fid\u00e8le soutien du festival A-Part, elle a d\u00e9clar\u00e9 : \u00ab\u00a0Cela fait moins d&rsquo;un an qu&rsquo;\u00c9lisabeth est partie, mais elle est l\u00e0 tout le temps. Ce n&rsquo;est pas la tristesse qui lui conviendrait. J&rsquo;ai eu une discussion trois jours avant sa disparition sur la peinture, les peintres contemporains, Matisse\u2026 Cette lucidit\u00e9 jusqu&rsquo;au bout et cette ma\u00eetrise, je pense que \u00e7a rel\u00e8ve de son amour pour l&rsquo;art.\u00a0\u00bb<\/p>\n<p>L&rsquo;\u00e9motion a redoubl\u00e9 lorsque Pierre Desfons, son mari, a lu quelques lignes \u00e9crites par \u00c9lisabeth sur l&rsquo;art, rappelant \u00e0 chacun la passion et l&rsquo;exigence intellectuelle qui animaient la critique disparue.<\/p>\n<p><img alt=\"Le Silo Alpilles C\u00e9r\u00e9ales ne se contente pas de d\u00e9voiler l'art, il le sublime.\" loading=\"lazy\" decoding=\"async\" data-nimg=\"fill\" class=\" TwicCore_img__i9TC1 undefined  undefined\" style=\"position:absolute;height:100%;width:100%;left:0;top:0;right:0;bottom:0;color:transparent;background-size:cover;background-position:50% 50%;background-repeat:no-repeat;background-image:url(&quot;data:image\/svg+xml;charset=utf-8,%3Csvg xmlns='http:\/\/www.w3.org\/2000\/svg' %3E%3Cfilter id='b' color-interpolation-filters='sRGB'%3E%3CfeGaussianBlur stdDeviation='20'\/%3E%3CfeColorMatrix values='1 0 0 0 0 0 1 0 0 0 0 0 1 0 0 0 0 0 100 -1' result='s'\/%3E%3CfeFlood x='0' y='0' width='100%25' height='100%25'\/%3E%3CfeComposite operator='out' in='s'\/%3E%3CfeComposite in2='SourceGraphic'\/%3E%3CfeGaussianBlur stdDeviation='20'\/%3E%3C\/filter%3E%3Cimage width='100%25' height='100%25' x='0' y='0' preserveAspectRatio='none' style='filter: url(%23b);' href='https:\/\/pictures.laprovence.com\/cdn-cgi\/image\/blur=250\/media\/melody\/2025\/08\/20\/le-silo-alpilles-cereales-ne-se-contente-pas-de-devoiler-l-art-il-le-sublime-1755695748_4b6f4c0b8f9866f6f4c0b8f98437f4v_.jpg'\/%3E%3C\/svg%3E&quot;)\"   src=\"https:\/\/www.europesays.com\/fr\/wp-content\/uploads\/2025\/08\/le-silo-alpilles-cereales-ne-se-contente-pas-de-devoiler-l-art-il-le-sublime-1755695748_4b6f4c0b8f98.jpeg\"\/>Le Silo Alpilles C\u00e9r\u00e9ales ne se contente pas de d\u00e9voiler l&rsquo;art, il le sublime. \/ PHOTO C.B<\/p>\n<p>La soir\u00e9e, plac\u00e9e sous le signe du partage et de la convivialit\u00e9, s&rsquo;est poursuivie avec un r\u00e9cital de guitare envo\u00fbtant offert par Julieta Veleva, qui a s\u00e9duit le public par sa virtuosit\u00e9.\u00a0<\/p>\n","protected":false},"excerpt":{"rendered":"Il y a quelques jours, le Silo de Saint-\u00c9tienne-du-Gr\u00e8s, au c\u0153ur du nouveau parcours agro-touristique Alpilles C\u00e9r\u00e9ales, a&hellip;\n","protected":false},"author":2,"featured_media":331771,"comment_status":"","ping_status":"","sticky":false,"template":"","format":"standard","meta":{"footnotes":""},"categories":[9653],"tags":[17,1111,11,2430,154,46904,1777,674,1011,27,12,471,16,25,4001,11795,46905,953,6006],"class_list":{"0":"post-331770","1":"post","2":"type-post","3":"status-publish","4":"format-standard","5":"has-post-thumbnail","7":"category-saint-etienne","8":"tag-17","9":"tag-actu","10":"tag-actualites","11":"tag-auvergne-rhone-alpes","12":"tag-des","13":"tag-eclatant","14":"tag-eu","15":"tag-europe","16":"tag-fr","17":"tag-france","18":"tag-news","19":"tag-pour","20":"tag-region","21":"tag-republique-francaise","22":"tag-saint-etienne","23":"tag-silo","24":"tag-silotiers","25":"tag-soiree","26":"tag-succes"},"share_on_mastodon":{"url":"https:\/\/pubeurope.com\/@fr\/115061600417902582","error":""},"_links":{"self":[{"href":"https:\/\/www.europesays.com\/fr\/wp-json\/wp\/v2\/posts\/331770","targetHints":{"allow":["GET"]}}],"collection":[{"href":"https:\/\/www.europesays.com\/fr\/wp-json\/wp\/v2\/posts"}],"about":[{"href":"https:\/\/www.europesays.com\/fr\/wp-json\/wp\/v2\/types\/post"}],"author":[{"embeddable":true,"href":"https:\/\/www.europesays.com\/fr\/wp-json\/wp\/v2\/users\/2"}],"replies":[{"embeddable":true,"href":"https:\/\/www.europesays.com\/fr\/wp-json\/wp\/v2\/comments?post=331770"}],"version-history":[{"count":0,"href":"https:\/\/www.europesays.com\/fr\/wp-json\/wp\/v2\/posts\/331770\/revisions"}],"wp:featuredmedia":[{"embeddable":true,"href":"https:\/\/www.europesays.com\/fr\/wp-json\/wp\/v2\/media\/331771"}],"wp:attachment":[{"href":"https:\/\/www.europesays.com\/fr\/wp-json\/wp\/v2\/media?parent=331770"}],"wp:term":[{"taxonomy":"category","embeddable":true,"href":"https:\/\/www.europesays.com\/fr\/wp-json\/wp\/v2\/categories?post=331770"},{"taxonomy":"post_tag","embeddable":true,"href":"https:\/\/www.europesays.com\/fr\/wp-json\/wp\/v2\/tags?post=331770"}],"curies":[{"name":"wp","href":"https:\/\/api.w.org\/{rel}","templated":true}]}}