{"id":331778,"date":"2025-08-20T14:40:11","date_gmt":"2025-08-20T14:40:11","guid":{"rendered":"https:\/\/www.europesays.com\/fr\/331778\/"},"modified":"2025-08-20T14:40:11","modified_gmt":"2025-08-20T14:40:11","slug":"le-rc-toulon-doit-il-rapidement-verrouiller-baptiste-serin-suite-au-refus-de-baptiste-jauneau","status":"publish","type":"post","link":"https:\/\/www.europesays.com\/fr\/331778\/","title":{"rendered":"Le RC Toulon doit-il rapidement verrouiller Baptiste Serin suite au refus de Baptiste Jauneau ?"},"content":{"rendered":"<p>Le march\u00e9 des demi-de-m\u00eal\u00e9e a connu un tournant majeur cette semaine avec la d\u00e9cision de <strong>Baptiste Jauneau<\/strong> de prolonger \u00e0 Clermont jusqu\u2019en 2028.<\/p>\n<p>Courtis\u00e9 avec insistance par Toulon, le jeune international a finalement choisi de rester en Auvergne. Une nouvelle qui rebat les cartes pour le <strong>RCT<\/strong>, d\u00e9sormais contraint de r\u00e9fl\u00e9chir \u00e0 l\u2019avenir de son poste strat\u00e9gique de num\u00e9ro 9.<\/p>\n<p><strong>Un cadre incontournable du vestiaire varois<\/strong><\/p>\n<p>Arriv\u00e9 sur la Rade en 2019, <strong>Baptiste Serin<\/strong> (30 ans, 49 s\u00e9lections) s\u2019est impos\u00e9 comme le <strong>leader de jeu et de vestiaire<\/strong> du Rugby Club Toulonnais. Ma\u00eetre du tempo, buteur fiable et capitaine exemplaire, l\u2019ancien Bordelais incarne l\u2019exp\u00e9rience et la r\u00e9gularit\u00e9.<\/p>\n<p>Avec la prolongation de Jauneau, qui repr\u00e9sentait une cible prioritaire, Toulon n\u2019a plus vraiment d\u2019alternative de m\u00eame niveau sur le march\u00e9 fran\u00e7ais.<\/p>\n<p><strong>Un dossier urgent pour le RCT<\/strong><\/p>\n<p>Le contrat actuel de Serin court jusqu\u2019en juin 2026, avec une option d\u2019un an suppl\u00e9mentaire. Mais son avenir doit \u00eatre clarifi\u00e9 rapidement. Apr\u00e8s avoir manqu\u00e9 Jauneau, <strong>le RCT ne peut pas se permettre de voir filer son patron de jeu<\/strong> au moment m\u00eame o\u00f9 l\u2019\u00e9quipe tente de retrouver les sommets.<\/p>\n<p>Le risque serait double : affaiblir le collectif et envoyer un signal n\u00e9gatif sur l\u2019ambition du club.<\/p>\n<p><strong>Un joueur encore au sommet<\/strong><\/p>\n<p>\u00c0 30 ans, Serin reste dans la pl\u00e9nitude de ses moyens. Sa science du jeu, son exp\u00e9rience internationale et sa capacit\u00e9 \u00e0 g\u00e9rer les temps forts et faibles font de lui une valeur s\u00fbre.<\/p>\n<p><strong>Un message \u00e0 envoyer<\/strong><\/p>\n<p>Alors que Clermont a fait de la prolongation de Jauneau un symbole de son renouveau, Toulon se retrouve face au m\u00eame enjeu.<\/p>\n<p>Le club varois a d\u00e9sormais une certitude : le futur de son num\u00e9ro 9 ne peut plus attendre.<\/p>\n","protected":false},"excerpt":{"rendered":"Le march\u00e9 des demi-de-m\u00eal\u00e9e a connu un tournant majeur cette semaine avec la d\u00e9cision de Baptiste Jauneau de&hellip;\n","protected":false},"author":2,"featured_media":331779,"comment_status":"","ping_status":"","sticky":false,"template":"","format":"standard","meta":{"footnotes":""},"categories":[9619],"tags":[1111,11,1777,674,1011,27,12,882,25,2310],"class_list":{"0":"post-331778","1":"post","2":"type-post","3":"status-publish","4":"format-standard","5":"has-post-thumbnail","7":"category-toulon","8":"tag-actu","9":"tag-actualites","10":"tag-eu","11":"tag-europe","12":"tag-fr","13":"tag-france","14":"tag-news","15":"tag-provence-alpes-cote-dazur","16":"tag-republique-francaise","17":"tag-toulon"},"share_on_mastodon":{"url":"https:\/\/pubeurope.com\/@fr\/115061615725740634","error":""},"_links":{"self":[{"href":"https:\/\/www.europesays.com\/fr\/wp-json\/wp\/v2\/posts\/331778","targetHints":{"allow":["GET"]}}],"collection":[{"href":"https:\/\/www.europesays.com\/fr\/wp-json\/wp\/v2\/posts"}],"about":[{"href":"https:\/\/www.europesays.com\/fr\/wp-json\/wp\/v2\/types\/post"}],"author":[{"embeddable":true,"href":"https:\/\/www.europesays.com\/fr\/wp-json\/wp\/v2\/users\/2"}],"replies":[{"embeddable":true,"href":"https:\/\/www.europesays.com\/fr\/wp-json\/wp\/v2\/comments?post=331778"}],"version-history":[{"count":0,"href":"https:\/\/www.europesays.com\/fr\/wp-json\/wp\/v2\/posts\/331778\/revisions"}],"wp:featuredmedia":[{"embeddable":true,"href":"https:\/\/www.europesays.com\/fr\/wp-json\/wp\/v2\/media\/331779"}],"wp:attachment":[{"href":"https:\/\/www.europesays.com\/fr\/wp-json\/wp\/v2\/media?parent=331778"}],"wp:term":[{"taxonomy":"category","embeddable":true,"href":"https:\/\/www.europesays.com\/fr\/wp-json\/wp\/v2\/categories?post=331778"},{"taxonomy":"post_tag","embeddable":true,"href":"https:\/\/www.europesays.com\/fr\/wp-json\/wp\/v2\/tags?post=331778"}],"curies":[{"name":"wp","href":"https:\/\/api.w.org\/{rel}","templated":true}]}}