{"id":331780,"date":"2025-08-20T14:41:21","date_gmt":"2025-08-20T14:41:21","guid":{"rendered":"https:\/\/www.europesays.com\/fr\/331780\/"},"modified":"2025-08-20T14:41:21","modified_gmt":"2025-08-20T14:41:21","slug":"cest-dommage-lenseigne-va-disparaitre-de-la-ville-yellowkorner-a-montpellier-cest-fini","status":"publish","type":"post","link":"https:\/\/www.europesays.com\/fr\/331780\/","title":{"rendered":"\u00ab\u00a0C\u2019est dommage, l\u2019enseigne va dispara\u00eetre de la ville\u00a0\u00bb\u00a0: YellowKorner \u00e0 Montpellier, c\u2019est fini"},"content":{"rendered":"<p>\n                                                                La galerie de photos d\u2019art qui avait d\u00e9m\u00e9nag\u00e9 il y a quelques mois de la rue de la Loge \u00e0 la rue Foch plie finalement boutique.\n                            <\/p>\n<p>Les amoureux de photographies d\u2019art vont \u00eatre d\u00e9\u00e7us. L\u2019enseigne YellowKorner n\u2019existera plus sur Montpellier. Au grand dam d\u2019Eric Teissandier qui avait tout fait pour maintenir sa galerie.<\/p>\n<p>Install\u00e9e depuis 2014 rue de la Loge, la galerie qui propose des tirages de qualit\u00e9 et limit\u00e9s avait d\u00e9m\u00e9nag\u00e9 en septembre dernier <a href=\"https:\/\/www.midilibre.fr\/2024\/09\/18\/incontournable-durant-dix-ans-rue-de-la-loge-la-galerie-photo-yellow-korner-se-reinvente-rue-foch-a-montpellier-12201075.php\" target=\"_blank\" rel=\"nofollow noopener\">pour la rue Foch<\/a>. \u00ab\u00a0Je n\u2019avais\u00a0pas le choix, pour sauver mon commerce je devais trouver un local plus petit.\u00a0\u00bb<\/p>\n<p>Et l\u2019emplacement prestigieux n\u2019a malheureusement pas suffi. \u00ab\u00a0Il est tr\u00e8s beau, mais la fr\u00e9quentation ne suit pas\u00a0\u00bb, avoue l\u2019homme un peu d\u00e9pit\u00e9. En cause la situation \u00e9conomique, le manque d\u2019acc\u00e8s au centre-ville et \u00ab\u00a0le concept de YellowKorner qui s\u2019essouffle peut-\u00eatre un peu aussi\u00a0\u00bb.<\/p>\n<p>De bonnes affaires \u00e0 faire<\/p>\n<p>Mais\u00a0Eric Teissandier est plut\u00f4t du genre tenace. \u00ab\u00a0Je pense avoir fait tout ce qu\u2019il fallait. \u00c7a ne marche plus, il fallait prendre une d\u00e9cision. Mais je compte bien rebondir.\u00a0\u00bb Le d\u00e9stockage a commenc\u00e9 et va durer jusqu\u2019au 13\u00a0septembre.<\/p>\n<p>C\u2019est donc le moment pour les\u00a0amateurs de belles photos de venir faire de bonnes affaires\u00a0: la plupart des clich\u00e9s sont \u00e0 \u2013 50\u00a0%.<\/p>\n<p>Une nouvelle enseigne\u00a0d\u00e8s cet automne<\/p>\n<p>Mais Eric Teissandier n\u2019a pas dit son dernier mot. Une enseigne de design prendra place d\u00e9but octobre \u00e0 la suite de YellowKorner. Une toute nouvelle aventure qui devrait attirer une autre client\u00e8le. Affaire \u00e0 suivre \u00e0 l\u2019automne donc.<\/p>\n<p>YellowKorner, 21 rue Foch. Ouvert du mardi au samedi de 11\u00a0h \u00e0 19\u00a0h.<\/p>\n","protected":false},"excerpt":{"rendered":"La galerie de photos d\u2019art qui avait d\u00e9m\u00e9nag\u00e9 il y a quelques mois de la rue de la&hellip;\n","protected":false},"author":2,"featured_media":331781,"comment_status":"","ping_status":"","sticky":false,"template":"","format":"standard","meta":{"footnotes":""},"categories":[9599],"tags":[1111,11,1777,674,1011,27,2208,12,2680,25],"class_list":{"0":"post-331780","1":"post","2":"type-post","3":"status-publish","4":"format-standard","5":"has-post-thumbnail","7":"category-montpellier","8":"tag-actu","9":"tag-actualites","10":"tag-eu","11":"tag-europe","12":"tag-fr","13":"tag-france","14":"tag-montpellier","15":"tag-news","16":"tag-occitanie","17":"tag-republique-francaise"},"share_on_mastodon":{"url":"https:\/\/pubeurope.com\/@fr\/115061619648119696","error":""},"_links":{"self":[{"href":"https:\/\/www.europesays.com\/fr\/wp-json\/wp\/v2\/posts\/331780","targetHints":{"allow":["GET"]}}],"collection":[{"href":"https:\/\/www.europesays.com\/fr\/wp-json\/wp\/v2\/posts"}],"about":[{"href":"https:\/\/www.europesays.com\/fr\/wp-json\/wp\/v2\/types\/post"}],"author":[{"embeddable":true,"href":"https:\/\/www.europesays.com\/fr\/wp-json\/wp\/v2\/users\/2"}],"replies":[{"embeddable":true,"href":"https:\/\/www.europesays.com\/fr\/wp-json\/wp\/v2\/comments?post=331780"}],"version-history":[{"count":0,"href":"https:\/\/www.europesays.com\/fr\/wp-json\/wp\/v2\/posts\/331780\/revisions"}],"wp:featuredmedia":[{"embeddable":true,"href":"https:\/\/www.europesays.com\/fr\/wp-json\/wp\/v2\/media\/331781"}],"wp:attachment":[{"href":"https:\/\/www.europesays.com\/fr\/wp-json\/wp\/v2\/media?parent=331780"}],"wp:term":[{"taxonomy":"category","embeddable":true,"href":"https:\/\/www.europesays.com\/fr\/wp-json\/wp\/v2\/categories?post=331780"},{"taxonomy":"post_tag","embeddable":true,"href":"https:\/\/www.europesays.com\/fr\/wp-json\/wp\/v2\/tags?post=331780"}],"curies":[{"name":"wp","href":"https:\/\/api.w.org\/{rel}","templated":true}]}}