{"id":331782,"date":"2025-08-20T14:42:11","date_gmt":"2025-08-20T14:42:11","guid":{"rendered":"https:\/\/www.europesays.com\/fr\/331782\/"},"modified":"2025-08-20T14:42:11","modified_gmt":"2025-08-20T14:42:11","slug":"une-offense-a-la-memoire-des-victimes-des-tags-nazis-decouverts-sur-une-aire-daccueil-de-gens-du-voyage-pres-de-montpellier","status":"publish","type":"post","link":"https:\/\/www.europesays.com\/fr\/331782\/","title":{"rendered":"\u00ab\u00a0Une offense \u00e0 la m\u00e9moire des victimes\u00a0\u00bb\u00a0: des tags nazis d\u00e9couverts sur une aire d\u2019accueil de gens du voyage pr\u00e8s de Montpellier"},"content":{"rendered":"<p>\n                                                                Des tags nazis ont \u00e9t\u00e9 retrouv\u00e9s le 12\u00a0ao\u00fbt dernier sur l\u2019aire d\u2019accueil pour les gens du voyage \u00e0 Mauguio. Le Mouvement contre le racisme et pour l\u2019unit\u00e9 entre les peuples de Montpellier (MRAP) d\u00e9nonce un acte inacceptable.\u00a0L\u2019association annonce avoir d\u00e9pos\u00e9 plainte.\n                            <\/p>\n<p>Le 12\u00a0ao\u00fbt dernier, plusieurs croix gamm\u00e9es et tags nazis ont \u00e9t\u00e9 d\u00e9couverts sur le mur de l\u2019installation \u00e9lectrique\u00a0de l\u2019aire de grand passage des gens du voyage \u00e0 Mauguio, au sud de Montpellier. Depuis, elles ont \u00e9t\u00e9 effac\u00e9es mais on devine encore les symboles nazis tagu\u00e9s. Le comit\u00e9 local du MRAP de Montpellier a r\u00e9agi dans un communiqu\u00e9, mardi 19\u00a0ao\u00fbt.\u00a0L\u2019association \u00ab\u00a0exprime sa plus vive indignation et condamne avec la plus grande fermet\u00e9 les inscriptions et symboles nazis\u00a0\u00bb.<\/p>\n<p>Le MRAP a d\u00e9pos\u00e9 plainte<\/p>\n<p>\u00ab\u00a0Ces actes constituent une offense \u00e0 la m\u00e9moire des victimes du nazisme. 80 ans apr\u00e8s, on en est encore l\u00e0\u00a0\u00bb, s\u2019indigne-t-il. L\u2019antenne montpelli\u00e9raine\u00a0du MRAP annonce avoir d\u00e9pos\u00e9 plainte. \u00ab\u00a0C\u2019est clairement de la haine pour l\u2019autre\u00a0\u00bb.\u00a0Andr\u00e9 G\u00e9nissieux, pr\u00e9sident de l\u2019antenne locale du MRAP de Montpellier, alerte sur un ph\u00e9nom\u00e8ne en recrudescence\u00a0: \u00ab\u00a0On voit de plus en plus de tags nazis dans les rues. C\u2019est inqui\u00e9tant\u00a0\u00bb.<\/p>\n<p>\u00ab\u00a0Nous r\u00e9affirmons notre engagement \u00e0 d\u00e9fendre les principes de dignit\u00e9 humaine, de respect et de tol\u00e9rance, et \u00e0 lutter contre toute forme de haine, contre toutes les formes de racismes, institutionnels ou autres\u00a0\u00bb, affirme Andr\u00e9 G\u00e9nissieux.<\/p>\n<p>Au-del\u00e0 d\u2019\u00eatre \u00ab\u00a0moralement inacceptable\u00a0\u00bb, comme le rappelle le pr\u00e9sident du MRAP, l\u2019inscription de symboles li\u00e9s \u00e0 l\u2019id\u00e9ologie nazie constitue une infraction p\u00e9nale, passible\u00a0d\u2019une amende de 1\u00a0500\u00a0euros. \u00ab\u00a0Nous coop\u00e9rons pleinement avec les autorit\u00e9s comp\u00e9tentes afin que les auteurs soient identifi\u00e9s et sanctionn\u00e9s\u00a0\u00bb, conclut-il.<\/p>\n","protected":false},"excerpt":{"rendered":"Des tags nazis ont \u00e9t\u00e9 retrouv\u00e9s le 12\u00a0ao\u00fbt dernier sur l\u2019aire d\u2019accueil pour les gens du voyage \u00e0&hellip;\n","protected":false},"author":2,"featured_media":331783,"comment_status":"","ping_status":"","sticky":false,"template":"","format":"standard","meta":{"footnotes":""},"categories":[9599],"tags":[1111,11,1777,674,1011,27,2208,12,2680,25],"class_list":{"0":"post-331782","1":"post","2":"type-post","3":"status-publish","4":"format-standard","5":"has-post-thumbnail","7":"category-montpellier","8":"tag-actu","9":"tag-actualites","10":"tag-eu","11":"tag-europe","12":"tag-fr","13":"tag-france","14":"tag-montpellier","15":"tag-news","16":"tag-occitanie","17":"tag-republique-francaise"},"share_on_mastodon":{"url":"https:\/\/pubeurope.com\/@fr\/115061623579123556","error":""},"_links":{"self":[{"href":"https:\/\/www.europesays.com\/fr\/wp-json\/wp\/v2\/posts\/331782","targetHints":{"allow":["GET"]}}],"collection":[{"href":"https:\/\/www.europesays.com\/fr\/wp-json\/wp\/v2\/posts"}],"about":[{"href":"https:\/\/www.europesays.com\/fr\/wp-json\/wp\/v2\/types\/post"}],"author":[{"embeddable":true,"href":"https:\/\/www.europesays.com\/fr\/wp-json\/wp\/v2\/users\/2"}],"replies":[{"embeddable":true,"href":"https:\/\/www.europesays.com\/fr\/wp-json\/wp\/v2\/comments?post=331782"}],"version-history":[{"count":0,"href":"https:\/\/www.europesays.com\/fr\/wp-json\/wp\/v2\/posts\/331782\/revisions"}],"wp:featuredmedia":[{"embeddable":true,"href":"https:\/\/www.europesays.com\/fr\/wp-json\/wp\/v2\/media\/331783"}],"wp:attachment":[{"href":"https:\/\/www.europesays.com\/fr\/wp-json\/wp\/v2\/media?parent=331782"}],"wp:term":[{"taxonomy":"category","embeddable":true,"href":"https:\/\/www.europesays.com\/fr\/wp-json\/wp\/v2\/categories?post=331782"},{"taxonomy":"post_tag","embeddable":true,"href":"https:\/\/www.europesays.com\/fr\/wp-json\/wp\/v2\/tags?post=331782"}],"curies":[{"name":"wp","href":"https:\/\/api.w.org\/{rel}","templated":true}]}}