{"id":331786,"date":"2025-08-20T14:47:12","date_gmt":"2025-08-20T14:47:12","guid":{"rendered":"https:\/\/www.europesays.com\/fr\/331786\/"},"modified":"2025-08-20T14:47:12","modified_gmt":"2025-08-20T14:47:12","slug":"pres-de-grenoble-cette-commune-accueille-une-course-mythique-de-grosses-perturbations-a-prevoir","status":"publish","type":"post","link":"https:\/\/www.europesays.com\/fr\/331786\/","title":{"rendered":"Pr\u00e8s de Grenoble. Cette commune accueille une course mythique, de grosses perturbations \u00e0 pr\u00e9voir"},"content":{"rendered":"<p>            Par<br \/>\n        <strong><br \/>\n            <a href=\"https:\/\/actu.fr\/auteur\/julien-sournies\" title=\"Consulter tous les articles de Julien Sournies\" target=\"_blank\" rel=\"noopener\">Julien Sournies<\/a><br \/>\n        <\/strong><\/p>\n<p>        Publi\u00e9 le<\/p>\n<p>            20 ao\u00fbt 2025 \u00e0 16h29        <\/p>\n<p>Le<strong> Tour d\u2019Espagne<\/strong> ou La Vuelta, en espagnol, va faire \u00e9tape en France \u00e0 l\u2019occasion de son \u00e9dition 2025. Au d\u00e9part d\u2019Italie le mardi 26\u00a0ao\u00fbt prochain, le peloton va en effet traverser une partie du d\u00e9partement de l\u2019<a href=\"https:\/\/actu.fr\/auvergne-rhone-alpes\/isere_38\" target=\"_blank\" rel=\"noopener\">Is\u00e8re<\/a>, et c\u2019est d\u2019ailleurs la commune de <strong>Voiron<\/strong>, au nord de <a href=\"https:\/\/actu.fr\/grenoble\/\" target=\"_blank\" rel=\"noopener\">Grenoble<\/a>, qui a \u00e9t\u00e9 choisi comme ville d\u2019arriv\u00e9e de la quatri\u00e8me \u00e9tape.<\/p>\n<p>Plusieurs rues du centre-ville ferm\u00e9es<\/p>\n<p class=\" wall-content\">Alors que l\u2019\u00e9v\u00e9nement approche \u00e0 grands pas, la municipalit\u00e9 voironnaise annonce que des perturbations de stationnement et de circulations sont \u00e0 pr\u00e9voir au sein de la ville afin que l\u2019arriv\u00e9e de la course se d\u00e9roule sous les meilleurs auspices.<\/p>\n<p class=\" wall-content\">La Ville indique ainsi que de nombreuses rues du centre-ville seront <strong>ferm\u00e9es<\/strong> \u00e0 la circulation ou au stationnement du 25\u00a0ao\u00fbt \u00e0 19h jusqu\u2019au 26\u00a0ao\u00fbt vers 20h. Pour pallier le d\u00e9sagr\u00e9ment, des d\u00e9viations seront n\u00e9anmoins mises en place.<\/p>\n<p>    <img   decoding=\"async\" loading=\"lazy\" src=\"https:\/\/www.europesays.com\/fr\/wp-content\/uploads\/2025\/08\/perturbation-vuelta-voiron-960x640.png\" alt=\"Voici quelles sont les rues coup\u00e9es \u00e0 la circulation \u00e0 Voiron.\" width=\"960\" height=\"640\"\/><br \/>\n    Voici quelles sont les rues coup\u00e9es \u00e0 la circulation \u00e0 Voiron. (\u00a9Ville de Voiron)<\/p>\n<p class=\" wall-content\">La municipalit\u00e9 pr\u00e9vient par ailleurs que plusieurs parkings p\u00e9riph\u00e9riques resteront toutefois <strong>accessibles<\/strong> durant l\u2019\u00e9v\u00e8nement, \u00e0 savoir ceux de Tisserands, Grand Angle, Porte de la Buisse, Guillon et Rossignol R\u00e9publique.<\/p>\n<p>De nombreux \u00e9v\u00e9nements en attendant l\u2019arriv\u00e9e<\/p>\n<p class=\" wall-content\">En revanche, sur les parkings Gare Sud et Fr\u00e8res Tardy, les entr\u00e9es et sorties en voiture seront <strong>impossibles<\/strong> le 26\u00a0ao\u00fbt de 15h jusqu\u2019au passage des coureurs (environ 17h).<\/p>\n<p class=\" wall-content\">\u00c0 noter que ces difficult\u00e9s de stationnements et de circulations sont \u00e9galement dues \u00e0 <strong>plusieurs \u00e9v\u00e9nements<\/strong> organis\u00e9s en parall\u00e8le de la course.<\/p>\n<p>Votre r\u00e9gion, votre actu !<\/p>\n<p>Recevez chaque jour les infos qui comptent pour vous.<\/p>\n<p>\t<a href=\"https:\/\/actu.fr\/newsletter\" class=\"ac-btn ac-btn--corner ac-btn--medium ac-btn--blue800\" target=\"_blank\" rel=\"noopener\">S&rsquo;incrire<\/a><\/p>\n<p class=\" wall-content\">\u00c0 compter de midi mardi prochain et jusqu\u2019\u00e0 l\u2019arriv\u00e9e des cyclistes, de nombreuses animations se tiendront en effet sur les places G\u00e9n\u00e9ral-Leclerc et de la R\u00e9publique. Au programme\u2009: \u00e9cran g\u00e9ant pour suivre la course en direct, show VTT, paella g\u00e9ante et boissons fruit\u00e9es, DJ, podium, ainsi que divers jeux.<\/p>\n<p class=\" wall-content\">Personnalisez votre actualit\u00e9 en ajoutant vos villes et m\u00e9dias en favori avec <a href=\"https:\/\/moncompte.actu.fr\" title=\"D\u00e9couvez Mon Actu\" rel=\"nofollow noopener\" data-trk=\"{&quot;cta&quot;:{&quot;action&quot;:&quot;https:\\\/\\\/moncompte.actu.fr&quot;,&quot;category&quot;:&quot;mon compte&quot;,&quot;from&quot;:&quot;article footer&quot;,&quot;name&quot;:&quot;Mon actu&quot;,&quot;type&quot;:&quot;cta&quot;}}\" target=\"_blank\">Mon Actu<\/a>.<\/p>\n","protected":false},"excerpt":{"rendered":"Par Julien Sournies Publi\u00e9 le 20 ao\u00fbt 2025 \u00e0 16h29 Le Tour d\u2019Espagne ou La Vuelta, en espagnol,&hellip;\n","protected":false},"author":2,"featured_media":331787,"comment_status":"","ping_status":"","sticky":false,"template":"","format":"standard","meta":{"footnotes":""},"categories":[9566],"tags":[1111,11,2430,207,1777,674,1011,27,2731,12,25,60,6173],"class_list":{"0":"post-331786","1":"post","2":"type-post","3":"status-publish","4":"format-standard","5":"has-post-thumbnail","7":"category-grenoble","8":"tag-actu","9":"tag-actualites","10":"tag-auvergne-rhone-alpes","11":"tag-cyclisme","12":"tag-eu","13":"tag-europe","14":"tag-fr","15":"tag-france","16":"tag-grenoble","17":"tag-news","18":"tag-republique-francaise","19":"tag-sports","20":"tag-stationnement"},"share_on_mastodon":{"url":"https:\/\/pubeurope.com\/@fr\/115061643714742044","error":""},"_links":{"self":[{"href":"https:\/\/www.europesays.com\/fr\/wp-json\/wp\/v2\/posts\/331786","targetHints":{"allow":["GET"]}}],"collection":[{"href":"https:\/\/www.europesays.com\/fr\/wp-json\/wp\/v2\/posts"}],"about":[{"href":"https:\/\/www.europesays.com\/fr\/wp-json\/wp\/v2\/types\/post"}],"author":[{"embeddable":true,"href":"https:\/\/www.europesays.com\/fr\/wp-json\/wp\/v2\/users\/2"}],"replies":[{"embeddable":true,"href":"https:\/\/www.europesays.com\/fr\/wp-json\/wp\/v2\/comments?post=331786"}],"version-history":[{"count":0,"href":"https:\/\/www.europesays.com\/fr\/wp-json\/wp\/v2\/posts\/331786\/revisions"}],"wp:featuredmedia":[{"embeddable":true,"href":"https:\/\/www.europesays.com\/fr\/wp-json\/wp\/v2\/media\/331787"}],"wp:attachment":[{"href":"https:\/\/www.europesays.com\/fr\/wp-json\/wp\/v2\/media?parent=331786"}],"wp:term":[{"taxonomy":"category","embeddable":true,"href":"https:\/\/www.europesays.com\/fr\/wp-json\/wp\/v2\/categories?post=331786"},{"taxonomy":"post_tag","embeddable":true,"href":"https:\/\/www.europesays.com\/fr\/wp-json\/wp\/v2\/tags?post=331786"}],"curies":[{"name":"wp","href":"https:\/\/api.w.org\/{rel}","templated":true}]}}