{"id":331788,"date":"2025-08-20T14:48:13","date_gmt":"2025-08-20T14:48:13","guid":{"rendered":"https:\/\/www.europesays.com\/fr\/331788\/"},"modified":"2025-08-20T14:48:13","modified_gmt":"2025-08-20T14:48:13","slug":"en-images-on-a-des-passionnes-de-3-a-70-ans-les-fans-de-miyazaki-se-pressent-dans-une-boutique-ephemere-a-rennes-francebleu-fr","status":"publish","type":"post","link":"https:\/\/www.europesays.com\/fr\/331788\/","title":{"rendered":"EN IMAGES &#8211; &quot;On a des passionn\u00e9s de 3 \u00e0 70 ans&quot;: les fans de Miyazaki se pressent dans une boutique \u00e9ph\u00e9m\u00e8re \u00e0 Rennes &#8211; francebleu.fr"},"content":{"rendered":"<ol>\n<li><a href=\"https:\/\/news.google.com\/rss\/articles\/CBMi_AFBVV95cUxQU2c4cmhlbGtJZ1JWeUhjZVBkT3VQMDhtbnRqclp5eTFKLUxjNVE5eWhWYURxMHVsWmhxVkpIYTFDdTFqMEFic1RmQVdVVEVvcVJuYmtqeldWT3Nsc0NjbkZ6V25GbjV2ZF9DZ0tDTmlBcjJfUzY2ZFlFM2dZTFRhbjQ3YWJiSmlBZ1lvZ3AtbGIzRnVtVUd4RURhQS10SXJFUDlKTXJBY1ZWUENMTERRaGZiM2FRQkttSGFFcTFxRHlsNmpvRmwtR0FCc1owUmtSUzk1azVRTWZYQWpJd3dySV83Wk9LSkp6NHBYRnU4WmVreDJBZ1NZVzR6TDc?oc=5\" target=\"_blank\" rel=\"nofollow noopener\">EN IMAGES &#8211; \u00ab\u00a0On a des passionn\u00e9s de 3 \u00e0 70 ans\u00a0\u00bb: les fans de Miyazaki se pressent dans une boutique \u00e9ph\u00e9m\u00e8re \u00e0 Rennes<\/a>&nbsp;&nbsp;francebleu.fr<\/li>\n<li><a href=\"https:\/\/news.google.com\/rss\/articles\/CBMi3wFBVV95cUxOdl9FR0p6a1FKOTZacG5vVTZxa1FHSnl6dW9jaXFSbkJneDg1Mk9PendXQlJXeVJSZlZtQURPY0tXU2xiVWh6cEExdmlxT1BBUmdkRmFIb1EzcGlqRGN5Z3loNGNuaU1kSUVnZURON1FrazY1Q2pJZ2d0aVY5dmUyakZFZV96LXdrZFJQVi1zbEZvUFNNTnNvN2dnRFVMaVNQNzVsTEc4XzhOaFVkLS01a0pkOHdZT090RUltRlkwX3Z3R3g3UjFHMjROZGF6S2V6bGIzNmg5QlBWQlFESklZ?oc=5\" target=\"_blank\" rel=\"nofollow noopener\">Escrime, shopping, ateliers : nos coups de c\u0153ur pour ce mercredi<\/a>&nbsp;&nbsp;Ouest-France<\/li>\n<li><a href=\"https:\/\/news.google.com\/rss\/articles\/CBMi6AFBVV95cUxNR1ViWnJ1a1Y4ZTFiZVFtNU5kb0dzdmxLSXNFYktsU3FSUXZQODNNSzFXU3FJWkh2cVRPdUYxbkpSUG9NdjdLbkVjOHExbzFBX01YbG5CNVJ6Q1FqVF9rUmd4Y3c4aUdpN2RFOTlCM2VvNjczaTRwaEJqSk5FNmhpSkh0TE9CQ1pwbW12ekxUQVMwT29UQ1JCZDUzVWoxdXhna2tZN3FHMFhhcGdZNmFYZ2VVc1hIZGhuR3h2a1dHcDh0a245RktJaVJtMXV0N25mTUJlT1dqUGZ1VWRpUEJwaW1aa1lnbFg2?oc=5\" target=\"_blank\" rel=\"nofollow noopener\">C&rsquo;est le paradis pour les fans de manga : un pop-up store d\u00e9di\u00e9 au Studio Ghibli ouvre bient\u00f4t \u00e0 Rennes<\/a>&nbsp;&nbsp;Actu.fr<\/li>\n<li><a href=\"https:\/\/news.google.com\/rss\/articles\/CBMiggJBVV95cUxPTkp3MDNjNG80XzY5MDN0RklBX0lIRG13WTZrbHA2eDExdXFLWWpRLUZFdks5Q1JQVG9TSnFUUElrVEtHTWtmSldlZzRLTlQ5UWNDYThraXNxSmZTdTY2QXlTUEZVQWQyOVVkaGpST2RSNFlFOGdqT214MDdLLUxfZnozZjM0X0hLU2FJTm9PVm0xNm5nbkpZNEtsLUtWNHYyeTF4eFlicGxweGhHNDNJOXk1MmZCY1pWLXVTRWYtZ2xGVlhYeFc5QnYwbS1IVHlsOTVmMEFyLWkydERFMVlRV3BsTlNnSE1DTnZpVTUwMEcxQzdld0xYZzVycXFWaEdNeWc?oc=5\" target=\"_blank\" rel=\"nofollow noopener\">\u00ab Je ne pensais pas qu\u2019il y aurait autant de monde \u00bb : les studios Ghibli s\u2019invitent \u00e0 Rennes<\/a>&nbsp;&nbsp;Ouest-France<\/li>\n<\/ol>\n","protected":false},"excerpt":{"rendered":"EN IMAGES &#8211; \u00ab\u00a0On a des passionn\u00e9s de 3 \u00e0 70 ans\u00a0\u00bb: les fans de Miyazaki se pressent&hellip;\n","protected":false},"author":2,"featured_media":1445,"comment_status":"","ping_status":"","sticky":false,"template":"","format":"standard","meta":{"footnotes":""},"categories":[2821],"tags":[1111,11,829,1777,674,1011,27,12,584,25],"class_list":{"0":"post-331788","1":"post","2":"type-post","3":"status-publish","4":"format-standard","5":"has-post-thumbnail","7":"category-rennes","8":"tag-actu","9":"tag-actualites","10":"tag-bretagne","11":"tag-eu","12":"tag-europe","13":"tag-fr","14":"tag-france","15":"tag-news","16":"tag-rennes","17":"tag-republique-francaise"},"share_on_mastodon":{"url":"https:\/\/pubeurope.com\/@fr\/115061647205472206","error":""},"_links":{"self":[{"href":"https:\/\/www.europesays.com\/fr\/wp-json\/wp\/v2\/posts\/331788","targetHints":{"allow":["GET"]}}],"collection":[{"href":"https:\/\/www.europesays.com\/fr\/wp-json\/wp\/v2\/posts"}],"about":[{"href":"https:\/\/www.europesays.com\/fr\/wp-json\/wp\/v2\/types\/post"}],"author":[{"embeddable":true,"href":"https:\/\/www.europesays.com\/fr\/wp-json\/wp\/v2\/users\/2"}],"replies":[{"embeddable":true,"href":"https:\/\/www.europesays.com\/fr\/wp-json\/wp\/v2\/comments?post=331788"}],"version-history":[{"count":0,"href":"https:\/\/www.europesays.com\/fr\/wp-json\/wp\/v2\/posts\/331788\/revisions"}],"wp:featuredmedia":[{"embeddable":true,"href":"https:\/\/www.europesays.com\/fr\/wp-json\/wp\/v2\/media\/1445"}],"wp:attachment":[{"href":"https:\/\/www.europesays.com\/fr\/wp-json\/wp\/v2\/media?parent=331788"}],"wp:term":[{"taxonomy":"category","embeddable":true,"href":"https:\/\/www.europesays.com\/fr\/wp-json\/wp\/v2\/categories?post=331788"},{"taxonomy":"post_tag","embeddable":true,"href":"https:\/\/www.europesays.com\/fr\/wp-json\/wp\/v2\/tags?post=331788"}],"curies":[{"name":"wp","href":"https:\/\/api.w.org\/{rel}","templated":true}]}}