{"id":331793,"date":"2025-08-20T14:51:15","date_gmt":"2025-08-20T14:51:15","guid":{"rendered":"https:\/\/www.europesays.com\/fr\/331793\/"},"modified":"2025-08-20T14:51:15","modified_gmt":"2025-08-20T14:51:15","slug":"nos-idees-de-sorties-a-strasbourg-5","status":"publish","type":"post","link":"https:\/\/www.europesays.com\/fr\/331793\/","title":{"rendered":"nos id\u00e9es de sorties \u00e0 Strasbourg"},"content":{"rendered":"<p class=\"insetTitle\">L&rsquo;id\u00e9e cin\u00e9 du week-end : \u00ab\u00a0The Conjuring\u00a0\u00bb, la saga flippante \u00e0 re(d\u00e9couvrir)<\/p>\n<p>Avec un quatri\u00e8me opus en approche sur les \u00e9crans hexagonaux (sortie le 5 septembre), l\u2019occasion \u00e9tait toute trouv\u00e9e pour proposer une r\u00e9trospective de la saga d\u2019\u00e9pouvante The Conjuring, retour plut\u00f4t efficace sur les dossiers trait\u00e9s durant les ann\u00e9es 1960 et 1970 par les enqu\u00eateurs \u00ab paranormaux \u00bb Ed et Lorraine Warren. D\u00e9fi relev\u00e9 \u00e0 Strasbourg par le cin\u00e9ma Vox, qui proposera ainsi d\u2019encha\u00eener les trois premiers volets de la franchise ce samedi 23 ao\u00fbt (*), et accessoirement d\u2019en \u00e9valuer les m\u00e9rites respectifs.<\/p>\n<p>Les deux premiers opus, mis en sc\u00e8ne par le maestro du genre James Wan, sont certainement les plus r\u00e9ussis de la licence. Prenant le parti de suivre de fa\u00e7on quasi documentaire le couple Warren dans ses investigations, sans se pr\u00e9occuper des in\u00e9vitables accusations de charlatanisme qui l\u2019ont poursuivi tout au long de sa carri\u00e8re, le r\u00e9alisateur de Saw et Insidious d\u00e9roule sa ma\u00eetrise de la grammaire horrifique et parvient (en particulier dans le premier film d\u00e9di\u00e9 \u00e0 l\u2019affaire de la maison hant\u00e9e de la famille Perron) \u00e0 cr\u00e9er une v\u00e9ritable sensation de malaise, jusqu\u2019\u00e0 invoquer la peur la plus visc\u00e9rale \u00e0 son climax. Une double proposition port\u00e9e par la conviction in\u00e9branlable des protagonistes, nourrie d\u2019effets sp\u00e9ciaux efficaces, jamais trop appuy\u00e9s, et qui renoue avec quelques classiques du genre comme le redoutable Amityville la maison du diable, sorti en 1979. La filiation fait sens, d\u2019ailleurs, le dossier \u00e9voqu\u00e9 par le long-m\u00e9trage de Stuart Rosenberg faisant lui aussi r\u00e9f\u00e9rence \u00e0 une affaire suivie par Ed et Lorraine Warren, le massacre de la famille Defeo le 13 novembre 1974.<\/p>\n<p><a href=\"https:\/\/www.dna.fr\/encadres\/2021\/06\/08\/conjuring-3-le-diable-au-sort\" target=\"_blank\" rel=\"nofollow noopener\">Le troisi\u00e8me opus<\/a> voit Michael Chaves passer derri\u00e8re la cam\u00e9ra, h\u00e9las avec moins d\u2019efficacit\u00e9 cin\u00e9matographique. Desservi par sa forme et son sujet \u2013 un r\u00e9cit de proc\u00e8s virant \u00e0 l\u2019introspection \u2013 The Conjuring\u00a0: sous l\u2019emprise du diable se noie dans une structure complexe, plomb\u00e9 de surcro\u00eet par son go\u00fbt pour les jumpscares et une bigotterie superflue. Reste pourtant une \u0153uvre \u00e0 red\u00e9couvrir ne serait-ce que parce qu\u2019elle relate une affaire qui marqu\u00e9 son temps (une d\u00e9fense devant la justice pour la premi\u00e8re fois bas\u00e9e sur la possession) et qu\u2019elle ose diffuser un enregistrement d\u2019exorcisme tir\u00e9 d\u2019un v\u00e9ritable document d\u2019archives li\u00e9 au dossier. La r\u00e9alit\u00e9 plus forte que la fiction ? A chacun de se faire son opinion\u2026<\/p>\n<p class=\"insetSignature\">Nicolas Blanchard<\/p>\n","protected":false},"excerpt":{"rendered":"L&rsquo;id\u00e9e cin\u00e9 du week-end : \u00ab\u00a0The Conjuring\u00a0\u00bb, la saga flippante \u00e0 re(d\u00e9couvrir) Avec un quatri\u00e8me opus en approche&hellip;\n","protected":false},"author":2,"featured_media":331794,"comment_status":"","ping_status":"","sticky":false,"template":"","format":"standard","meta":{"footnotes":""},"categories":[2820],"tags":[1111,11,1687,2880,436,1777,674,3326,107,1011,27,775,873,12,4043,25,953,640,2879],"class_list":{"0":"post-331793","1":"post","2":"type-post","3":"status-publish","4":"format-standard","5":"has-post-thumbnail","7":"category-strasbourg","8":"tag-actu","9":"tag-actualites","10":"tag-culture-loisirs","11":"tag-edition-strasbourg","12":"tag-environnement","13":"tag-eu","14":"tag-europe","15":"tag-fete-locale","16":"tag-fil-info","17":"tag-fr","18":"tag-france","19":"tag-grand-est","20":"tag-musique","21":"tag-news","22":"tag-repas-et-the-dansant","23":"tag-republique-francaise","24":"tag-soiree","25":"tag-strasbourg","26":"tag-strasbourg-ville"},"share_on_mastodon":{"url":"https:\/\/pubeurope.com\/@fr\/115061658947433428","error":""},"_links":{"self":[{"href":"https:\/\/www.europesays.com\/fr\/wp-json\/wp\/v2\/posts\/331793","targetHints":{"allow":["GET"]}}],"collection":[{"href":"https:\/\/www.europesays.com\/fr\/wp-json\/wp\/v2\/posts"}],"about":[{"href":"https:\/\/www.europesays.com\/fr\/wp-json\/wp\/v2\/types\/post"}],"author":[{"embeddable":true,"href":"https:\/\/www.europesays.com\/fr\/wp-json\/wp\/v2\/users\/2"}],"replies":[{"embeddable":true,"href":"https:\/\/www.europesays.com\/fr\/wp-json\/wp\/v2\/comments?post=331793"}],"version-history":[{"count":0,"href":"https:\/\/www.europesays.com\/fr\/wp-json\/wp\/v2\/posts\/331793\/revisions"}],"wp:featuredmedia":[{"embeddable":true,"href":"https:\/\/www.europesays.com\/fr\/wp-json\/wp\/v2\/media\/331794"}],"wp:attachment":[{"href":"https:\/\/www.europesays.com\/fr\/wp-json\/wp\/v2\/media?parent=331793"}],"wp:term":[{"taxonomy":"category","embeddable":true,"href":"https:\/\/www.europesays.com\/fr\/wp-json\/wp\/v2\/categories?post=331793"},{"taxonomy":"post_tag","embeddable":true,"href":"https:\/\/www.europesays.com\/fr\/wp-json\/wp\/v2\/tags?post=331793"}],"curies":[{"name":"wp","href":"https:\/\/api.w.org\/{rel}","templated":true}]}}