{"id":331795,"date":"2025-08-20T14:52:10","date_gmt":"2025-08-20T14:52:10","guid":{"rendered":"https:\/\/www.europesays.com\/fr\/331795\/"},"modified":"2025-08-20T14:52:10","modified_gmt":"2025-08-20T14:52:10","slug":"une-fuite-de-gaz-maitrisee-dans-le-centre-de-nice","status":"publish","type":"post","link":"https:\/\/www.europesays.com\/fr\/331795\/","title":{"rendered":"Une fuite de gaz ma\u00eetris\u00e9e dans le centre de Nice"},"content":{"rendered":"<p>Les sapeurs-pompiers sont intervenus ce mercredi 20 ao\u00fbt dans l&rsquo;apr\u00e8s-midi pour une fuite de gaz place Yves-Klein \u00e0 Nice, pr\u00e8s du Mamac, suite au percement d&rsquo;une canalisation de gaz moyenne pression par un engin de chantier.<\/p>\n<p>Ils ont proc\u00e9d\u00e9 \u00e0 la mise en place d&rsquo;un p\u00e9rim\u00e8tre de s\u00e9curit\u00e9 et \u00e0 l&rsquo;evacuation d&rsquo;une trentaine de personnes qui se trouvaient dans le p\u00e9rim\u00e8tre, aux abords de la fuite dans les commerces et les restaurants.<\/p>\n<p><strong>La circulation perturb\u00e9e<\/strong><\/p>\n<p>La fuite \u00e0 \u00e9t\u00e9 barr\u00e9e par les \u00e9quipes de GRDF et les personnes \u00e9vacu\u00e9es ont pu r\u00e9int\u00e9grer les commerces apr\u00e8s que les relev\u00e9s d&rsquo;explosimetrie aient pu confirmer l&rsquo;absence de danger.<\/p>\n<p>La circulation \u00e0 \u00e9t\u00e9 coup\u00e9e le temps de l\u2019intervention par les \u00e9quipes de police nationale et municipale.<\/p>\n<p>L\u2019intervention a provoqu\u00e9s quelques embouteillages dans le secteur.<\/p>\n","protected":false},"excerpt":{"rendered":"Les sapeurs-pompiers sont intervenus ce mercredi 20 ao\u00fbt dans l&rsquo;apr\u00e8s-midi pour une fuite de gaz place Yves-Klein \u00e0&hellip;\n","protected":false},"author":2,"featured_media":331796,"comment_status":"","ping_status":"","sticky":false,"template":"","format":"standard","meta":{"footnotes":""},"categories":[2819],"tags":[1111,11,1777,674,118,1011,27,12,2401,882,25],"class_list":{"0":"post-331795","1":"post","2":"type-post","3":"status-publish","4":"format-standard","5":"has-post-thumbnail","7":"category-nice","8":"tag-actu","9":"tag-actualites","10":"tag-eu","11":"tag-europe","12":"tag-faits-divers","13":"tag-fr","14":"tag-france","15":"tag-news","16":"tag-nice","17":"tag-provence-alpes-cote-dazur","18":"tag-republique-francaise"},"share_on_mastodon":{"url":"https:\/\/pubeurope.com\/@fr\/115061662949830413","error":""},"_links":{"self":[{"href":"https:\/\/www.europesays.com\/fr\/wp-json\/wp\/v2\/posts\/331795","targetHints":{"allow":["GET"]}}],"collection":[{"href":"https:\/\/www.europesays.com\/fr\/wp-json\/wp\/v2\/posts"}],"about":[{"href":"https:\/\/www.europesays.com\/fr\/wp-json\/wp\/v2\/types\/post"}],"author":[{"embeddable":true,"href":"https:\/\/www.europesays.com\/fr\/wp-json\/wp\/v2\/users\/2"}],"replies":[{"embeddable":true,"href":"https:\/\/www.europesays.com\/fr\/wp-json\/wp\/v2\/comments?post=331795"}],"version-history":[{"count":0,"href":"https:\/\/www.europesays.com\/fr\/wp-json\/wp\/v2\/posts\/331795\/revisions"}],"wp:featuredmedia":[{"embeddable":true,"href":"https:\/\/www.europesays.com\/fr\/wp-json\/wp\/v2\/media\/331796"}],"wp:attachment":[{"href":"https:\/\/www.europesays.com\/fr\/wp-json\/wp\/v2\/media?parent=331795"}],"wp:term":[{"taxonomy":"category","embeddable":true,"href":"https:\/\/www.europesays.com\/fr\/wp-json\/wp\/v2\/categories?post=331795"},{"taxonomy":"post_tag","embeddable":true,"href":"https:\/\/www.europesays.com\/fr\/wp-json\/wp\/v2\/tags?post=331795"}],"curies":[{"name":"wp","href":"https:\/\/api.w.org\/{rel}","templated":true}]}}