{"id":331799,"date":"2025-08-20T14:56:17","date_gmt":"2025-08-20T14:56:17","guid":{"rendered":"https:\/\/www.europesays.com\/fr\/331799\/"},"modified":"2025-08-20T14:56:17","modified_gmt":"2025-08-20T14:56:17","slug":"lucas-bourhis-veut-eloigner-la-malchance-et-sinstaller-dans-la-duree-a-nantes-en-elite-2","status":"publish","type":"post","link":"https:\/\/www.europesays.com\/fr\/331799\/","title":{"rendered":"Lucas Bourhis veut \u00e9loigner la malchance et s\u2019installer dans la dur\u00e9e \u00e0 Nantes en \u00c9lite 2"},"content":{"rendered":"<p>Le basketteur tourangeau Lucas Bourhis a repris l\u2019entra\u00eenement le 4\u00a0ao\u00fbt 2025 avec le Nantes Basket Hermine. Quatre, c\u2019est le nombre de clubs d\u2019\u00c9lite 2 (ex-Pro B) qu\u2019il a connu avant d\u2019arriver dans les Pays de la Loire. Le tout en quatre saisons. Lors de la derni\u00e8re, le meneur de 25 ans \u00e9tait \u00e0 Fos-sur-Mer (Bouches-du-Rh\u00f4ne). \u00ab\u00a0L\u2019objectif premier \u00e9tait de viser le maintien, se rem\u00e9more-t-il. Et pourquoi pas se rapprocher des play-offs&#8230;. <\/p>\n<p>    Cet article a \u00e9t\u00e9 tronqu\u00e9. Abonnez-vous pour lire l&rsquo;article complet sur notre site.<\/p>\n<p>\u00a0\u00bb\u00a0<\/p>\n<p style=\"margin: 0 !important; padding: 0 !important; font-size: 12px !important;\">Cet article a \u00e9t\u00e9 tronqu\u00e9. Abonnez-vous pour lire l&rsquo;article complet.<\/p>\n<p>    <a href=\"https:\/\/www.lanouvellerepublique.fr\/abonnements\" style=\"display: inline-block; margin-top: 5px !important; padding: 6px 12px !important; background: #cb1c27; color: white; text-decoration: none; border-radius: 4px; font-size: 12px !important;\" target=\"_blank\" rel=\"noopener\"><br \/>\n      S&rsquo;abonner<br \/>\n    <\/a><\/p>\n","protected":false},"excerpt":{"rendered":"Le basketteur tourangeau Lucas Bourhis a repris l\u2019entra\u00eenement le 4\u00a0ao\u00fbt 2025 avec le Nantes Basket Hermine. Quatre, c\u2019est&hellip;\n","protected":false},"author":2,"featured_media":331800,"comment_status":"","ping_status":"","sticky":false,"template":"","format":"standard","meta":{"footnotes":""},"categories":[2818],"tags":[1111,11,1465,3469,7944,1777,674,1011,27,1387,4368,766,12,2636,2185,25,60,1390],"class_list":{"0":"post-331799","1":"post","2":"type-post","3":"status-publish","4":"format-standard","5":"has-post-thumbnail","7":"category-nantes","8":"tag-actu","9":"tag-actualites","10":"tag-basket","11":"tag-blois","12":"tag-elite-2","13":"tag-eu","14":"tag-europe","15":"tag-fr","16":"tag-france","17":"tag-indre-et-loire","18":"tag-loir-et-cher","19":"tag-nantes","20":"tag-news","21":"tag-pays-de-la-loire","22":"tag-pro-b","23":"tag-republique-francaise","24":"tag-sports","25":"tag-tours"},"share_on_mastodon":{"url":"https:\/\/pubeurope.com\/@fr\/115061678607710824","error":""},"_links":{"self":[{"href":"https:\/\/www.europesays.com\/fr\/wp-json\/wp\/v2\/posts\/331799","targetHints":{"allow":["GET"]}}],"collection":[{"href":"https:\/\/www.europesays.com\/fr\/wp-json\/wp\/v2\/posts"}],"about":[{"href":"https:\/\/www.europesays.com\/fr\/wp-json\/wp\/v2\/types\/post"}],"author":[{"embeddable":true,"href":"https:\/\/www.europesays.com\/fr\/wp-json\/wp\/v2\/users\/2"}],"replies":[{"embeddable":true,"href":"https:\/\/www.europesays.com\/fr\/wp-json\/wp\/v2\/comments?post=331799"}],"version-history":[{"count":0,"href":"https:\/\/www.europesays.com\/fr\/wp-json\/wp\/v2\/posts\/331799\/revisions"}],"wp:featuredmedia":[{"embeddable":true,"href":"https:\/\/www.europesays.com\/fr\/wp-json\/wp\/v2\/media\/331800"}],"wp:attachment":[{"href":"https:\/\/www.europesays.com\/fr\/wp-json\/wp\/v2\/media?parent=331799"}],"wp:term":[{"taxonomy":"category","embeddable":true,"href":"https:\/\/www.europesays.com\/fr\/wp-json\/wp\/v2\/categories?post=331799"},{"taxonomy":"post_tag","embeddable":true,"href":"https:\/\/www.europesays.com\/fr\/wp-json\/wp\/v2\/tags?post=331799"}],"curies":[{"name":"wp","href":"https:\/\/api.w.org\/{rel}","templated":true}]}}