{"id":331803,"date":"2025-08-20T14:58:13","date_gmt":"2025-08-20T14:58:13","guid":{"rendered":"https:\/\/www.europesays.com\/fr\/331803\/"},"modified":"2025-08-20T14:58:13","modified_gmt":"2025-08-20T14:58:13","slug":"ces-3-nouvelles-lignes-directes-depuis-bordeaux-vous-feront-decouvrir-rome-venise-et-bucarest","status":"publish","type":"post","link":"https:\/\/www.europesays.com\/fr\/331803\/","title":{"rendered":"Ces 3 nouvelles lignes directes depuis Bordeaux vous feront d\u00e9couvrir Rome, Venise et Bucarest"},"content":{"rendered":"<p>\ud83d\udd52 Article publi\u00e9 le 20 ao\u00fbt 2025<br \/>&#13;<br \/>\n\u2705 Mis \u00e0 jour le 20 ao\u00fbt 2025<\/p>\n<p>\u00c0 partir de l\u2019hiver 2025, <strong>Wizz Air<\/strong> proposera trois nouvelles lignes directes au d\u00e9part de l\u2019<strong>a\u00e9roport de Bordeaux<\/strong>. D\u00e8s l\u2019automne 2025, il sera d\u00e9sormais possible de rejoindre <strong>Bucarest, Rome et Venise<\/strong>. Apr\u00e8s l\u2019ouverture de <a href=\"https:\/\/passion-aquitaine.ouest-france.fr\/aeroport-bordeaux-nouvelle-ligne\/\" rel=\"nofollow noopener\" target=\"_blank\">plusieurs liaisons estivales<\/a>, Bordeaux continue donc sur sa lanc\u00e9e avec une<strong> exclusivit\u00e9 pour l\u2019ouest de la France<\/strong>. Voici tout ce qu\u2019il faut savoir pour organiser vos prochaines vacances \u00e0 l\u2019\u00e9tranger.<\/p>\n<p>Rome fera partie des nouvelles liaisons directes au d\u00e9part de Bordeaux \u00a9 Britus<\/p>\n<p>Le programme de vols en d\u00e9tails<\/p>\n<p>D\u00e8s cet hiver, trois destinations seront accessibles directement depuis Bordeaux. Voici le <strong>calendrier<\/strong> pr\u00e9cis :<\/p>\n<ul>\n<li><strong>Bucarest (Otopeni) :<\/strong> d\u00e9parts mercredi et dimanche, \u00e0 partir du 26 octobre 2025.<\/li>\n<li><strong>Rome (Fiumicino) :<\/strong> vols programm\u00e9s mardi, jeudi et samedi, d\u00e8s le 28 octobre 2025.<\/li>\n<li><strong>Venise (Marco Polo) :<\/strong> liaisons chaque mardi, jeudi et samedi, \u00e0 compter du 2 d\u00e9cembre 2025.<\/li>\n<\/ul>\n<p>Les billets sont d\u00e9j\u00e0 en vente, et comme \u00e0 son habitude, Wizz Air affiche des <strong>tarifs tr\u00e8s comp\u00e9titifs<\/strong>.<\/p>\n<p><img loading=\"lazy\" decoding=\"async\" aria-describedby=\"caption-attachment-29062\" class=\"size-full wp-image-29062 lazyload ewww_webp_lazy_load\" src=\"https:\/\/www.europesays.com\/fr\/wp-content\/uploads\/2025\/08\/wizz-air-avion.jpg\" alt=\"La compagnie Wizz Air s'implante \u00e0 Bordeaux avec des avions moins polluants - Anna Z.\" width=\"1200\" height=\"675\" style=\"--smush-placeholder-width: 1200px; --smush-placeholder-aspect-ratio: 1200\/675;\" src-webp=\"https:\/\/www.europesays.com\/fr\/wp-content\/uploads\/2025\/08\/wizz-air-avion.jpg.webp\"\/><\/p>\n<p id=\"caption-attachment-29062\" class=\"wp-caption-text\">La compagnie Wizz Air s\u2019implante \u00e0 Bordeaux avec des avions moins polluants \u00a9 Anna Z.<\/p>\n<p>Une premi\u00e8re \u00e0 Bordeaux qui change la donne<\/p>\n<p>Cette implantation est une grande premi\u00e8re pour l\u2019ouest de la France. Selon <strong>Simon Dreschel<\/strong>, pr\u00e9sident du directoire de l\u2019<a href=\"https:\/\/www.bordeaux.aeroport.fr\/laeroport\/presse\/communiques-presse\/la-compagnie-wizz-air-arrive-bordeaux-avec-3-destinations\" target=\"_blank\" rel=\"nofollow noopener\">a\u00e9roport de Bordeaux-M\u00e9rignac<\/a>, \u201celle s\u2019inscrit dans une strat\u00e9gie de diversification, notamment vers l\u2019est de l\u2019Europe, un march\u00e9 \u00e0 fort potentiel pour le territoire\u201c. Wizz Air promet aussi un <strong>engagement \u00e9cologique<\/strong> avec l\u2019utilisation de carburants d\u2019origine durable d\u00e8s son lancement \u00e0 Bordeaux.<\/p>\n<p>Pourquoi ces nouvelles lignes sont une vraie opportunit\u00e9<\/p>\n<p>Ces trois connexions ne sont pas seulement pratiques, elles ouvrent de <strong>nouvelles perspectives<\/strong> aux voyageurs du Sud-Ouest :<\/p>\n<ul>\n<li><strong>Prix attractifs :<\/strong> les premiers billets affich\u00e9s d\u00e9marrent souvent autour de 30 \u20ac, une aubaine pour les escapades en Europe.<\/li>\n<li><strong>Avions modernes :<\/strong> l\u2019Airbus A321neo, plus silencieux et moins polluant, contribue \u00e0 une aviation plus responsable.<\/li>\n<li><strong>Destinations vari\u00e9es :<\/strong> Rome et Venise pour les amoureux de culture et d\u2019art, Bucarest pour d\u00e9couvrir une capitale de l\u2019Est.<\/li>\n<\/ul>\n<p><img loading=\"lazy\" decoding=\"async\" aria-describedby=\"caption-attachment-28588\" class=\"size-full wp-image-28588 lazyload ewww_webp_lazy_load\" src=\"https:\/\/www.europesays.com\/fr\/wp-content\/uploads\/2025\/07\/aeroport-bordeaux-merignac.jpg\" alt=\"Vue sur la tour de contr\u00f4le de l'a\u00e9roport - Ardfern\" width=\"1200\" height=\"675\" style=\"--smush-placeholder-width: 1200px; --smush-placeholder-aspect-ratio: 1200\/675;\" src-webp=\"https:\/\/www.europesays.com\/fr\/wp-content\/uploads\/2025\/07\/aeroport-bordeaux-merignac.jpg.webp\"\/><\/p>\n<p id=\"caption-attachment-28588\" class=\"wp-caption-text\">Vue sur la tour de contr\u00f4le de l\u2019a\u00e9roport \u00a9 Ardfern<\/p>\n<p>Un nouvel \u00e9lan pour les voyageurs du Sud-Ouest<\/p>\n<p>Au-del\u00e0 de l\u2019\u00e9largissement des choix pour les voyageurs bordelais, l\u2019arriv\u00e9e de Wizz Air repr\u00e9sente aussi une <strong>belle opportunit\u00e9<\/strong> pour le <a href=\"https:\/\/passion-aquitaine.ouest-france.fr\/tourisme\/\" rel=\"nofollow noopener\" target=\"_blank\">tourisme en Nouvelle-Aquitaine<\/a>. Ces nouvelles liaisons attireront de nouveaux visiteurs venus d\u2019Italie et de Roumanie, avec des <strong>retomb\u00e9es positives<\/strong> pour l\u2019\u00e9conomie locale. Une nouvelle page s\u2019ouvre pour l\u2019a\u00e9roport, qui se positionne plus que jamais comme une <strong>porte d\u2019entr\u00e9e dynamique vers le Sud-Ouest<\/strong> de la France.<\/p>\n","protected":false},"excerpt":{"rendered":"\ud83d\udd52 Article publi\u00e9 le 20 ao\u00fbt 2025&#13; \u2705 Mis \u00e0 jour le 20 ao\u00fbt 2025 \u00c0 partir de&hellip;\n","protected":false},"author":2,"featured_media":331804,"comment_status":"","ping_status":"","sticky":false,"template":"","format":"standard","meta":{"footnotes":""},"categories":[2817],"tags":[1111,11,1997,1777,674,1011,27,12,2219,25],"class_list":{"0":"post-331803","1":"post","2":"type-post","3":"status-publish","4":"format-standard","5":"has-post-thumbnail","7":"category-bordeaux","8":"tag-actu","9":"tag-actualites","10":"tag-bordeaux","11":"tag-eu","12":"tag-europe","13":"tag-fr","14":"tag-france","15":"tag-news","16":"tag-nouvelle-aquitaine","17":"tag-republique-francaise"},"share_on_mastodon":{"url":"https:\/\/pubeurope.com\/@fr\/115061687138776722","error":""},"_links":{"self":[{"href":"https:\/\/www.europesays.com\/fr\/wp-json\/wp\/v2\/posts\/331803","targetHints":{"allow":["GET"]}}],"collection":[{"href":"https:\/\/www.europesays.com\/fr\/wp-json\/wp\/v2\/posts"}],"about":[{"href":"https:\/\/www.europesays.com\/fr\/wp-json\/wp\/v2\/types\/post"}],"author":[{"embeddable":true,"href":"https:\/\/www.europesays.com\/fr\/wp-json\/wp\/v2\/users\/2"}],"replies":[{"embeddable":true,"href":"https:\/\/www.europesays.com\/fr\/wp-json\/wp\/v2\/comments?post=331803"}],"version-history":[{"count":0,"href":"https:\/\/www.europesays.com\/fr\/wp-json\/wp\/v2\/posts\/331803\/revisions"}],"wp:featuredmedia":[{"embeddable":true,"href":"https:\/\/www.europesays.com\/fr\/wp-json\/wp\/v2\/media\/331804"}],"wp:attachment":[{"href":"https:\/\/www.europesays.com\/fr\/wp-json\/wp\/v2\/media?parent=331803"}],"wp:term":[{"taxonomy":"category","embeddable":true,"href":"https:\/\/www.europesays.com\/fr\/wp-json\/wp\/v2\/categories?post=331803"},{"taxonomy":"post_tag","embeddable":true,"href":"https:\/\/www.europesays.com\/fr\/wp-json\/wp\/v2\/tags?post=331803"}],"curies":[{"name":"wp","href":"https:\/\/api.w.org\/{rel}","templated":true}]}}