{"id":331811,"date":"2025-08-20T15:02:13","date_gmt":"2025-08-20T15:02:13","guid":{"rendered":"https:\/\/www.europesays.com\/fr\/331811\/"},"modified":"2025-08-20T15:02:13","modified_gmt":"2025-08-20T15:02:13","slug":"ou-regarder-le-premier-voyage-de-la-saison-a-lille-a-la-tele","status":"publish","type":"post","link":"https:\/\/www.europesays.com\/fr\/331811\/","title":{"rendered":"O\u00f9 regarder le premier voyage de la saison \u00e0 Lille \u00e0 la t\u00e9l\u00e9 ?"},"content":{"rendered":"<p>\n                Plus d\u2019une semaine apr\u00e8s leur succ\u00e8s face au Havre (3-1) en ouverture de la saison, les Rouge et Blanc ont rendez-vous \u00e0 Lille ce dimanche pour la J2 (20h45). D\u00e9couvre ainsi o\u00f9 suivre en direct ce premier choc.\n            <\/p>\n<p>Cap sur le premier d\u00e9placement de la saison ! Ce dimanche 24 ao\u00fbt (20h45), les Mon\u00e9gasques se rendent sur la pelouse de la Decathlon Arena Stade Pierre Mauroy <a href=\"https:\/\/www.asmonaco.com\/matchs\/l1-2025-2026-j2-lille-monaco\/\" target=\"_blank\" rel=\"noopener nofollow\">pour y d\u00e9fier Lille<\/a>, en cl\u00f4ture de la deuxi\u00e8me journ\u00e9e de championnat. Forts d\u2019un beau succ\u00e8s <a href=\"https:\/\/www.asmonaco.com\/applique-face-au-havre-las-monaco-tient-sa-1100e-victoire-en-ligue-1\/\" target=\"_blank\" rel=\"noopener nofollow\">face au Havre<\/a> en ouverture (3-1), les hommes d\u2019<a href=\"https:\/\/www.asmonaco.com\/joueurs\/fiche-technique-adi-hutter-entraineur-principal\/\" target=\"_blank\" rel=\"noopener nofollow\">Adi H\u00fctter<\/a> auront \u00e0 c\u0153ur de confirmer leur bonne entr\u00e9e en mati\u00e8re.<\/p>\n<\/p>\n<p>L\u2019affiche de la journ\u00e9e \ud83d\udca1<\/p>\n<p>Pour ce faire, le club de la Principaut\u00e9 aura pour mission de se d\u00e9faire d\u2019une formation lilloise tenue en \u00e9chec \u00e0 Brest le week-end dernier (3-3), et de prendre une revanche sur <a href=\"https:\/\/www.asmonaco.com\/surpris-par-lefficacite-du-losc-las-monaco-sincline\/\" target=\"_blank\" rel=\"noopener nofollow\">la courte d\u00e9faite<\/a> conc\u00e9d\u00e9e en f\u00e9vrier dernier sur le terrain des Dogues (2-1). Le contexte est pos\u00e9, et les Rouge et Blanc auront besoin de ton soutien pour d\u00e9crocher un r\u00e9sultat.<\/p>\n<p><a href=\"https:\/\/www.europesays.com\/fr\/wp-content\/uploads\/2025\/08\/34881558-2025-02-22-lille-asm-04449.jpg\"><img fetchpriority=\"high\" decoding=\"async\" class=\"alignnone size-full wp-image-681862\" src=\"https:\/\/www.europesays.com\/fr\/wp-content\/uploads\/2025\/08\/34881558-2025-02-22-lille-asm-04449.jpg\" alt=\"\" width=\"1160\" height=\"650\"  \/><\/a><\/p>\n<p>Rendez-vous sur Ligue 1+<\/p>\n<p>Alors si tu ne peux pas te rendre <a href=\"https:\/\/www.asmonaco.com\/priorite-dachat-acces-prix-les-infos-deplacement-pour-lille\/\" target=\"_blank\" rel=\"noopener nofollow\">dans l\u2019enceinte lilloise<\/a> pour encourager tes joueurs, tu pourras visionner la rencontre en direct et en exclusivit\u00e9 sur Ligue 1+, <a href=\"https:\/\/www.asmonaco.com\/naming-tarifs-tout-savoir-sur-la-nouvelle-chaine-de-la-ligue-1-mcdonalds\/\" target=\"_blank\" rel=\"noopener nofollow\">la nouvelle cha\u00eene<\/a> de la Ligue de Football Professionnel. Et si tu n\u2019y as pas encore souscrit, tu as toujours l\u2019opportunit\u00e9 <a href=\"https:\/\/ligue1plus.fr\/?utm_campaign=PROMOTION_L1+&amp;utm_source=MONACO&amp;utm_medium=CLUB\" target=\"_blank\" rel=\"noopener nofollow\">de t\u2019abonner<\/a> et de b\u00e9n\u00e9ficier des premiers mois \u00e0 9,99\u20ac au lieu de 14,99\u20ac (offre valable jusqu\u2019au 31 ao\u00fbt). <strong>On compte sur toi !<\/strong> \ud83c\uddf2\ud83c\udde8<\/p>\n","protected":false},"excerpt":{"rendered":"Plus d\u2019une semaine apr\u00e8s leur succ\u00e8s face au Havre (3-1) en ouverture de la saison, les Rouge et&hellip;\n","protected":false},"author":2,"featured_media":331812,"comment_status":"","ping_status":"","sticky":false,"template":"","format":"standard","meta":{"footnotes":""},"categories":[2815],"tags":[1111,11,1777,674,1011,27,811,1307,12,25],"class_list":{"0":"post-331811","1":"post","2":"type-post","3":"status-publish","4":"format-standard","5":"has-post-thumbnail","7":"category-lille","8":"tag-actu","9":"tag-actualites","10":"tag-eu","11":"tag-europe","12":"tag-fr","13":"tag-france","14":"tag-hauts-de-france","15":"tag-lille","16":"tag-news","17":"tag-republique-francaise"},"share_on_mastodon":{"url":"https:\/\/pubeurope.com\/@fr\/115061702273461556","error":""},"_links":{"self":[{"href":"https:\/\/www.europesays.com\/fr\/wp-json\/wp\/v2\/posts\/331811","targetHints":{"allow":["GET"]}}],"collection":[{"href":"https:\/\/www.europesays.com\/fr\/wp-json\/wp\/v2\/posts"}],"about":[{"href":"https:\/\/www.europesays.com\/fr\/wp-json\/wp\/v2\/types\/post"}],"author":[{"embeddable":true,"href":"https:\/\/www.europesays.com\/fr\/wp-json\/wp\/v2\/users\/2"}],"replies":[{"embeddable":true,"href":"https:\/\/www.europesays.com\/fr\/wp-json\/wp\/v2\/comments?post=331811"}],"version-history":[{"count":0,"href":"https:\/\/www.europesays.com\/fr\/wp-json\/wp\/v2\/posts\/331811\/revisions"}],"wp:featuredmedia":[{"embeddable":true,"href":"https:\/\/www.europesays.com\/fr\/wp-json\/wp\/v2\/media\/331812"}],"wp:attachment":[{"href":"https:\/\/www.europesays.com\/fr\/wp-json\/wp\/v2\/media?parent=331811"}],"wp:term":[{"taxonomy":"category","embeddable":true,"href":"https:\/\/www.europesays.com\/fr\/wp-json\/wp\/v2\/categories?post=331811"},{"taxonomy":"post_tag","embeddable":true,"href":"https:\/\/www.europesays.com\/fr\/wp-json\/wp\/v2\/tags?post=331811"}],"curies":[{"name":"wp","href":"https:\/\/api.w.org\/{rel}","templated":true}]}}