{"id":331823,"date":"2025-08-20T15:10:12","date_gmt":"2025-08-20T15:10:12","guid":{"rendered":"https:\/\/www.europesays.com\/fr\/331823\/"},"modified":"2025-08-20T15:10:12","modified_gmt":"2025-08-20T15:10:12","slug":"10-expositions-a-ne-pas-manquer-au-retour-des-vacances-dete","status":"publish","type":"post","link":"https:\/\/www.europesays.com\/fr\/331823\/","title":{"rendered":"10 expositions \u00e0 ne pas manquer au retour des vacances d&rsquo;\u00e9t\u00e9"},"content":{"rendered":"<p>&#13;<br \/>\n                            En r\u00e9sum\u00e9&#13;<br \/>\n                            \u2022 Paris propose 10 expositions vari\u00e9es d&rsquo;art, photo et exp\u00e9riences immersives cet automne.  <br \/>\u2022 Yu-Gi-Oh!, Genshin Impact et La Fontaine entre jeu, nature et po\u00e9sie \u00e0 d\u00e9couvrir.  <br \/>\u2022 Journ\u00e9es du Patrimoine le 20-21 sept offrent acc\u00e8s gratuit \u00e0 lieux culturels parisiens.                            <\/p>\n<p data-start=\"96\" data-end=\"588\">Les vacances d\u2019\u00e9t\u00e9 sont bel et bien termin\u00e9es et avec elles, le retour des mus\u00e9es, galeries et lieux culturels incontournables de Paris. La rentr\u00e9e parisienne est synonyme de renouveau artistique, avec des expositions qui s\u2019annoncent spectaculaires pour cet automne. Entre art contemporain, histoire, photographie et exp\u00e9riences immersives, Paris vous r\u00e9serve un programme riche et vari\u00e9. Pour ne rien manquer, voici une s\u00e9lection des 10 expositions \u00e0 d\u00e9couvrir absolument d\u00e8s septembre 2025.<\/p>\n<p><strong data-start=\"594\" data-end=\"660\">1. Yu-Gi-Oh! Card Game : l\u2019exposition arty au Mus\u00e9e Carnavalet<\/strong><\/p>\n<p data-start=\"662\" data-end=\"1043\">Du 30 ao\u00fbt au 7 septembre 2025, le <strong data-start=\"697\" data-end=\"717\">Mus\u00e9e Carnavalet<\/strong> invite les amateurs du c\u00e9l\u00e8bre jeu de cartes \u00e0 collectionner \u00e0 une immersion visuelle unique dans l\u2019univers de <strong data-start=\"829\" data-end=\"842\">Yu-Gi-Oh!<\/strong>. Cette exposition propose de d\u00e9couvrir des \u0153uvres iconiques, des statues g\u00e9antes et des cadeaux exclusifs pour les fans de la saga. Une exp\u00e9rience immersive in\u00e9dite qui allie art et culture populaire.<\/p>\n<blockquote class=\"twitter-tweet\">\n<p dir=\"ltr\" lang=\"en\">Between 30th of August and 7th of September, visit Mus\u00e9e Carnavalet \u2013 Histoire de Paris for a very special Yu-Gi-Oh! Card Game Art Exhibition!<\/p>\n<p>The first 100 visitors per day will have a chance to receive this special Japanese \u201cUkiyoe\u201d style Blue-Eyes White Dragon print! <a href=\"https:\/\/t.co\/UanvcpAdEx\" target=\"_blank\" rel=\"nofollow\">pic.twitter.com\/UanvcpAdEx<\/a><\/p>\n<p>\u2014 Yu-Gi-Oh! Card Games (KONAMI Europe) (@YuGiOhCardEU) <a href=\"https:\/\/twitter.com\/YuGiOhCardEU\/status\/1955947950741328083?ref_src=twsrc%5Etfw\" target=\"_blank\" rel=\"noopener nofollow\">August 14, 2025<\/a><\/p>\n<\/blockquote>\n<p><strong data-start=\"1049\" data-end=\"1115\">2. Polaraki, mille polaroids d\u2019Araki Nobuyoshi au Mus\u00e9e Guimet<\/strong><\/p>\n<p data-start=\"1117\" data-end=\"1478\">Du 1er octobre 2025 au 12 janvier 2026, le <strong data-start=\"1160\" data-end=\"1176\">Mus\u00e9e Guimet<\/strong> pr\u00e9sente l\u2019univers d\u2019<strong data-start=\"1198\" data-end=\"1217\">Araki Nobuyoshi<\/strong>, c\u00e9l\u00e8bre photographe japonais. \u00c0 travers sa collection de polaroids, l\u2019exposition offre une plong\u00e9e dans la po\u00e9sie et la sensualit\u00e9 de son travail. Un voyage visuel captivant, o\u00f9 la photographie devient un art o\u00f9 le moment fugace se transforme en une \u00e9ternit\u00e9.\n<\/p>\n<blockquote class=\"instagram-media\" style=\"background: #FFF; border: 0; border-radius: 3px; box-shadow: 0 0 1px 0 rgba(0,0,0,0.5),0 1px 10px 0 rgba(0,0,0,0.15); margin: 1px; max-width: 540px; min-width: 326px; padding: 0; width: calc(100% - 2px);\" data-instgrm-captioned=\"\" data-instgrm-permalink=\"https:\/\/www.instagram.com\/reel\/DMUZr2kM98W\/?utm_source=ig_embed&amp;utm_campaign=loading\" data-instgrm-version=\"14\">\n<\/blockquote>\n<p>\/p&gt;<\/p>\n<p><strong data-start=\"1484\" data-end=\"1552\">3. Paris Design Week 2025 : Le Labyrinthe \u00e0 l\u2019H\u00f4tel de la Marine<\/strong><\/p>\n<p data-start=\"1554\" data-end=\"1910\">\u00c0 l\u2019occasion de la <strong data-start=\"1573\" data-end=\"1594\">Paris Design Week<\/strong>, l\u2019<strong data-start=\"1598\" data-end=\"1620\">H\u00f4tel de la Marine<\/strong> vous ouvre ses portes du 3 au 21 septembre pour d\u00e9couvrir <strong data-start=\"1679\" data-end=\"1696\">Le Labyrinthe<\/strong>, une installation monumentale sign\u00e9e <strong data-start=\"1734\" data-end=\"1761\">J\u00e9r\u00e9my Pradier-Jeauneau<\/strong>. Un parcours immersif, totalement gratuit, \u00e0 travers la cour d\u2019honneur, la loggia et les salons d\u2019apparat, pour une exploration sensorielle in\u00e9dite.<\/p>\n<blockquote class=\"instagram-media\" style=\"background: #FFF; border: 0; border-radius: 3px; box-shadow: 0 0 1px 0 rgba(0,0,0,0.5),0 1px 10px 0 rgba(0,0,0,0.15); margin: 1px; max-width: 540px; min-width: 326px; padding: 0; width: calc(100% - 2px);\" data-instgrm-captioned=\"\" data-instgrm-permalink=\"https:\/\/www.instagram.com\/reel\/DLVBkhjov4X\/?utm_source=ig_embed&amp;utm_campaign=loading\" data-instgrm-version=\"14\">\n<\/blockquote>\n<p><strong data-start=\"1916\" data-end=\"1962\">4. Teyvat Expo : Genshin Impact aux Halles<\/strong><\/p>\n<p data-start=\"1964\" data-end=\"2361\">Du 13 au 21 septembre 2025, le <strong data-start=\"1995\" data-end=\"2023\">jeu vid\u00e9o Genshin Impact<\/strong> d\u00e9barque \u00e0 Paris avec <strong data-start=\"2046\" data-end=\"2061\">Teyvat Expo<\/strong>, une exposition immersive aux <strong data-start=\"2092\" data-end=\"2102\">Halles<\/strong>. Une exp\u00e9rience visuelle et interactive pour les fans du jeu, avec des illustrations in\u00e9dites, des reconstitutions des diff\u00e9rentes nations de Teyvat et des produits exclusifs. Une aventure \u00e0 ne pas manquer pour les passionn\u00e9s d\u2019arts num\u00e9riques et de fantasy.<\/p>\n<blockquote class=\"instagram-media\" style=\"background: #FFF; border: 0; border-radius: 3px; box-shadow: 0 0 1px 0 rgba(0,0,0,0.5),0 1px 10px 0 rgba(0,0,0,0.15); margin: 1px; max-width: 540px; min-width: 326px; padding: 0; width: calc(100% - 2px);\" data-instgrm-captioned=\"\" data-instgrm-permalink=\"https:\/\/www.instagram.com\/reel\/DNan661Mm5F\/?utm_source=ig_embed&amp;utm_campaign=loading\" data-instgrm-version=\"14\">\n<\/blockquote>\n<p><strong data-start=\"2367\" data-end=\"2426\">5. Fables Immersives : L\u2019univers de Jean de La Fontaine<\/strong><\/p>\n<p data-start=\"2428\" data-end=\"2743\">Les <strong data-start=\"2432\" data-end=\"2457\">Fables de La Fontaine<\/strong> prennent vie dans une exposition immersive \u00e0 partir de septembre 2025. Ce parcours culturel propose une exploration visuelle et interactive de l\u2019\u0153uvre du c\u00e9l\u00e8bre \u00e9crivain, tout en offrant une exp\u00e9rience \u00e9ducative et ludique pour petits et grands, \u00e0 quelques pas des <strong data-start=\"2724\" data-end=\"2742\">Champs-\u00c9lys\u00e9es<\/strong>.<\/p>\n<blockquote class=\"instagram-media\" style=\"background: #FFF; border: 0; border-radius: 3px; box-shadow: 0 0 1px 0 rgba(0,0,0,0.5),0 1px 10px 0 rgba(0,0,0,0.15); margin: 1px; max-width: 540px; min-width: 326px; padding: 0; width: calc(100% - 2px);\" data-instgrm-captioned=\"\" data-instgrm-permalink=\"https:\/\/www.instagram.com\/reel\/DM8GSTSI9IG\/?utm_source=ig_embed&amp;utm_campaign=loading\" data-instgrm-version=\"14\">\n<\/blockquote>\n<p><strong data-start=\"2749\" data-end=\"2809\">6. Urban Photo : 50 ans d\u2019art urbain au Quai de la Photo<\/strong><\/p>\n<p data-start=\"2811\" data-end=\"3149\">Le <strong data-start=\"2814\" data-end=\"2834\">Quai de la Photo<\/strong> invite les visiteurs \u00e0 plonger dans l\u2019histoire de l\u2019art urbain \u00e0 travers <strong data-start=\"2908\" data-end=\"2923\">Urban Photo<\/strong>, une exposition gratuite qui retrace 50 ans d\u2019esth\u00e9tique urbaine. \u00c0 d\u00e9couvrir du 2 octobre au 18 d\u00e9cembre 2025, cette exposition gratuite met en lumi\u00e8re les diff\u00e9rentes facettes de l\u2019art de rue, \u00e0 la fois rebelle et po\u00e9tique.<\/p>\n<blockquote class=\"tiktok-embed\" style=\"max-width: 605px; min-width: 325px;\" cite=\"https:\/\/www.tiktok.com\/@1ereadroite\/video\/7470881394718182678\" data-video-id=\"7470881394718182678\"><p>\n<a title=\"@1ereadroite\" href=\"https:\/\/www.tiktok.com\/@1ereadroite?refer=embed\" target=\"_blank\" rel=\"noopener nofollow\">@1ereadroite<\/a> Expo au Quai de la Photo Ce centre culturel situ\u00e9 sur la Seine organise r\u00e9guli\u00e8rement des \u00e9v\u00e9nements autour de la photo contemporaine, des conf\u00e9rences \u2026 Actuellement c\u2019est Franck Desplanques qui est expos\u00e9 (R\u00e9dacteur de En Terre Inconnue). Des visites guid\u00e9es sont propos\u00e9es \u00e0 12h30, 14h30, 16h30 et 18h30. \ud83d\udccd9 port de la gare, Paris \ud83d\udcb6 gratuit <a title=\"quaidelaphoto\" href=\"https:\/\/www.tiktok.com\/tag\/quaidelaphoto?refer=embed\" target=\"_blank\" rel=\"noopener nofollow\">#quaidelaphoto<\/a> <a title=\"expophoto\" href=\"https:\/\/www.tiktok.com\/tag\/expophoto?refer=embed\" target=\"_blank\" rel=\"noopener nofollow\">#expophoto<\/a> <a title=\"photocontemporaine\" href=\"https:\/\/www.tiktok.com\/tag\/photocontemporaine?refer=embed\" target=\"_blank\" rel=\"noopener nofollow\">#photocontemporaine<\/a> <a title=\"expogratuite\" href=\"https:\/\/www.tiktok.com\/tag\/expogratuite?refer=embed\" target=\"_blank\" rel=\"noopener nofollow\">#expogratuite<\/a> <a title=\"sortiegratuite\" href=\"https:\/\/www.tiktok.com\/tag\/sortiegratuite?refer=embed\" target=\"_blank\" rel=\"noopener nofollow\">#sortiegratuite<\/a> <a title=\"parispascher\" href=\"https:\/\/www.tiktok.com\/tag\/parispascher?refer=embed\" target=\"_blank\" rel=\"noopener nofollow\">#parispascher<\/a> <a title=\"\u266c Niagara Falls - The Weeknd\" href=\"https:\/\/www.tiktok.com\/music\/Niagara-Falls-7465905815166208016?refer=embed\" target=\"_blank\" rel=\"noopener nofollow\">\u266c Niagara Falls \u2013 The Weeknd<\/a>\n<\/p><\/blockquote>\n<p><strong data-start=\"3155\" data-end=\"3220\">7. \u00ab\u00a0Folie\u00a0\u00bb : Installation multisensorielle \u00e0 l\u2019H\u00f4tel de Sully<\/strong><\/p>\n<p data-start=\"3222\" data-end=\"3583\">Du 4 au 13 septembre 2025, l\u2019<strong data-start=\"3251\" data-end=\"3269\">H\u00f4tel de Sully<\/strong> accueille l\u2019installation <strong data-start=\"3295\" data-end=\"3306\">\u00ab\u00a0Folie\u00a0\u00bb<\/strong>, sign\u00e9e <strong data-start=\"3315\" data-end=\"3332\">Lucas Huillet<\/strong> et <strong data-start=\"3336\" data-end=\"3357\">Alexandre Helwani<\/strong>. Une exp\u00e9rience interactive et gratuite qui invite les visiteurs \u00e0 s\u2019allonger sur un \u00e9trange divan et \u00e0 \u00e9veiller tous leurs sens dans un environnement po\u00e9tique. Parfait pour ceux qui cherchent \u00e0 vivre un moment hors du temps.<\/p>\n<blockquote class=\"tiktok-embed\" style=\"max-width: 605px; min-width: 325px;\" cite=\"https:\/\/www.tiktok.com\/@popcornpariss\/video\/7532096349987147030\" data-video-id=\"7532096349987147030\"><p>\n<a title=\"@popcornpariss\" href=\"https:\/\/www.tiktok.com\/@popcornpariss?refer=embed\" target=\"_blank\" rel=\"noopener nofollow\">@popcornpariss<\/a> \u2728 Un tr\u00e9sor Parisien rouvre ses portes gratuitement \u2728 @palaisdeladecouverte \ud83c\udf1f Je vous emm\u00e8ne d\u00e9couvrir l\u2019aile ouest du Palais de la D\u00e9couverte \u2013 le Palais d\u2019Antin, enti\u00e8rement restaur\u00e9 apr\u00e8s 5 ans de travaux\u202f! Sa majestueuse coupole elliptique (632 plaques de verre \ud83d\udc8e) illumine le Palais de la D\u00e9couverte, v\u00e9ritable temple de la science ouvert au grand public . \ud83c\udf1f Pourquoi y aller ? \u2022 La beaut\u00e9 architecturale est bluffante : styles Louis XIV et Louis XV, m\u00e9tal et lumi\u00e8re fusionn\u00e9s \u2728. \u2022 L\u2019entr\u00e9e est gratuite (hors expositions payantes), id\u00e9al pour une sortie familiale ou culturelle sans se ruiner. \u2022 Tous les jours (sauf le lundi) jusqu\u2019au 19h00 pendant tout l\u2019\u00e9t\u00e9 \u2600\ufe0f \ud83d\udccd Palais de la D\u00e9couverte Avenue Franklin Delano Roosevelt, Paris 8e \ud83d\uddd3 mardi au dimanche, de 9h30 \u00e0 19h \ud83c\udf9f Entr\u00e9e libre (acc\u00e8s gratuit aux espaces libres sans r\u00e9servation) \u2014\u2014\u2014\u2014\u2014\u2014\u2014\u2014\u2014\u2014\u2014\u2014- <a title=\"parisexpo\" href=\"https:\/\/www.tiktok.com\/tag\/parisexpo?refer=embed\" target=\"_blank\" rel=\"noopener nofollow\">#parisexpo<\/a> <a title=\"expoparis\" href=\"https:\/\/www.tiktok.com\/tag\/expoparis?refer=embed\" target=\"_blank\" rel=\"noopener nofollow\">#expoparis<\/a> <a title=\"bonplan\" href=\"https:\/\/www.tiktok.com\/tag\/bonplan?refer=embed\" target=\"_blank\" rel=\"noopener nofollow\">#bonplan<\/a> <a title=\"bonplanparis\" href=\"https:\/\/www.tiktok.com\/tag\/bonplanparis?refer=embed\" target=\"_blank\" rel=\"noopener nofollow\">#bonplanparis<\/a> <a title=\"sortiraparis\" href=\"https:\/\/www.tiktok.com\/tag\/sortiraparis?refer=embed\" target=\"_blank\" rel=\"noopener nofollow\">#sortiraparis<\/a> <a title=\"quefaireaparis\" href=\"https:\/\/www.tiktok.com\/tag\/quefaireaparis?refer=embed\" target=\"_blank\" rel=\"noopener nofollow\">#quefaireaparis<\/a> <a title=\"\u266c original sound - PopcornParis\" href=\"https:\/\/www.tiktok.com\/music\/original-sound-7532096325047814934?refer=embed\" target=\"_blank\" rel=\"noopener nofollow\">\u266c original sound \u2013 PopcornParis<\/a>\n<\/p><\/blockquote>\n<p><strong data-start=\"3589\" data-end=\"3671\">8. I dreamt of you in colours : Otobong Nkanga au Mus\u00e9e d\u2019Art Moderne de Paris<\/strong><\/p>\n<p data-start=\"3673\" data-end=\"4008\">Du 10 octobre 2025 au 22 f\u00e9vrier 2026, le <strong data-start=\"3715\" data-end=\"3747\">Mus\u00e9e d\u2019Art Moderne de Paris<\/strong> pr\u00e9sente la premi\u00e8re exposition monographique de <strong data-start=\"3797\" data-end=\"3815\">Otobong Nkanga<\/strong> dans la capitale. L\u2019artiste nous plonge dans un univers onirique avec ses installations, dessins et \u0153uvres in\u00e9dites qui interrogent notre relation \u00e0 la nature, \u00e0 la m\u00e9moire et aux territoires.<br \/>I dreamt of you in colours : Otobong Nkanga au Mus\u00e9e d\u2019Art Moderne de Paris<\/p>\n<blockquote class=\"instagram-media\" style=\"background: #FFF; border: 0; border-radius: 3px; box-shadow: 0 0 1px 0 rgba(0,0,0,0.5),0 1px 10px 0 rgba(0,0,0,0.15); margin: 1px; max-width: 540px; min-width: 326px; padding: 0; width: calc(100% - 2px);\" data-instgrm-captioned=\"\" data-instgrm-permalink=\"https:\/\/www.instagram.com\/reel\/DI36KTQNgul\/?utm_source=ig_embed&amp;utm_campaign=loading\" data-instgrm-version=\"14\">\n<\/blockquote>\n<p><strong data-start=\"4014\" data-end=\"4079\">9. Rock\u2019n\u2019Dr\u00f4le : L\u2019exposition rock au Bon March\u00e9 Rive Gauche<\/strong><\/p>\n<p data-start=\"4081\" data-end=\"4455\">Du 30 ao\u00fbt au 19 octobre 2025, le <strong data-start=\"4115\" data-end=\"4141\">Bon March\u00e9 Rive Gauche<\/strong> se transforme en un temple du rock avec <strong data-start=\"4182\" data-end=\"4198\">Rock\u2019n\u2019Dr\u00f4le<\/strong>, une exposition gratuite sign\u00e9e <strong data-start=\"4231\" data-end=\"4252\">Antoine de Caunes<\/strong>. Riffs, mode, fripes, curiosit\u00e9s et installations \u00e9lectrisent ce lieu mythique du shopping parisien. L\u2019exposition retrace l\u2019histoire du rock \u00e0 travers des objets iconiques et des anecdotes d\u00e9coiffantes.<\/p>\n<p><strong data-start=\"4461\" data-end=\"4528\">10. \u00ab\u00a0577 chaises : l\u2019h\u00e9micycle citoyen\u00a0\u00bb aux Archives Nationales<\/strong><\/p>\n<p data-start=\"4530\" data-end=\"4953\">Du 4 au 13 septembre 2025, les <strong data-start=\"4561\" data-end=\"4584\">Archives Nationales<\/strong> accueillent l\u2019installation <strong data-start=\"4612\" data-end=\"4651\">\u00ab\u00a0577 chaises : l\u2019h\u00e9micycle citoyen\u00a0\u00bb<\/strong>, une \u0153uvre monumentale gratuite et interactive en r\u00e9sonance avec l\u2019Assembl\u00e9e nationale. Chaque chaise, issue du r\u00e9emploi, devient une voix o\u00f9 l\u2019on s\u2019assoit pour r\u00e9fl\u00e9chir \u00e0 notre place dans la soci\u00e9t\u00e9. Cette installation, prolong\u00e9e pour les <strong data-start=\"4893\" data-end=\"4919\">Journ\u00e9es du Patrimoine<\/strong>, invite \u00e0 la r\u00e9flexion citoyenne.<\/p>\n<blockquote class=\"tiktok-embed\" style=\"max-width: 605px; min-width: 325px;\" cite=\"https:\/\/www.tiktok.com\/@florindefrance\/video\/7309180153437998368\" data-video-id=\"7309180153437998368\"><p>\n<a title=\"@florindefrance\" href=\"https:\/\/www.tiktok.com\/@florindefrance?refer=embed\" target=\"_blank\" rel=\"noopener nofollow\">@florindefrance<\/a>C\u2019est dans la cour des Archives Nationales, au 60 rue des francs bourgeois dans le 3\u00e8me arrondissement, c\u2019est une expo photo gratuite jusqu\u2019au 18 fevrier<\/p>\n<p><a title=\"\u266c Heartbeats (Remastered 2023) - Jos\u00e9 Gonz\u00e1lez\" href=\"https:\/\/www.tiktok.com\/music\/Heartbeats-Remastered-2023-7260200057286903810?refer=embed\" target=\"_blank\" rel=\"noopener nofollow\">\u266c Heartbeats (Remastered 2023) \u2013 Jos\u00e9 Gonz\u00e1lez<\/a><\/p>\n<\/blockquote>\n<p><strong data-start=\"4959\" data-end=\"5002\">Bonus : Les Journ\u00e9es du Patrimoine 2025<\/strong><\/p>\n<p data-start=\"5004\" data-end=\"5289\">Les <strong data-start=\"5008\" data-end=\"5034\">Journ\u00e9es du Patrimoine<\/strong> reviennent les 20 et 21 septembre 2025, et \u00e0 cette occasion, de nombreux lieux parisiens ouvriront leurs portes gratuitement pour des visites guid\u00e9es et des \u00e9v\u00e9nements sp\u00e9ciaux. Ne manquez pas cette occasion unique de d\u00e9couvrir Paris sous un autre angle.<\/p>\n<p>                            <img loading=\"lazy\" alt=\"\" src=\"https:\/\/www.europesays.com\/fr\/wp-content\/uploads\/2025\/08\/1755702612_865_e48c0c92e74be801e787788c2ce301fd\"  class=\"avatar avatar-32 photo\" height=\"32\" width=\"32\" decoding=\"async\"\/>                            Vincent Mabire &#8211;<br \/>\n                            Il y a 9 minutes                        <script async src=\"https:\/\/platform.twitter.com\/widgets.js\" charset=\"utf-8\"><\/script><script async src=\"\/\/www.instagram.com\/embed.js\"><\/script><script async src=\"\/\/www.tiktok.com\/embed.js\"><\/script><\/p>\n","protected":false},"excerpt":{"rendered":"&#13; En r\u00e9sum\u00e9&#13; \u2022 Paris propose 10 expositions vari\u00e9es d&rsquo;art, photo et exp\u00e9riences immersives cet automne. \u2022 Yu-Gi-Oh!,&hellip;\n","protected":false},"author":2,"featured_media":331824,"comment_status":"","ping_status":"","sticky":false,"template":"","format":"standard","meta":{"footnotes":""},"categories":[1888],"tags":[1111,1928,11,1927,1777,674,1011,27,12,1926,626,1925,25],"class_list":{"0":"post-331823","1":"post","2":"type-post","3":"status-publish","4":"format-standard","5":"has-post-thumbnail","7":"category-paris","8":"tag-actu","9":"tag-actu-paris","10":"tag-actualites","11":"tag-actualites-paris","12":"tag-eu","13":"tag-europe","14":"tag-fr","15":"tag-france","16":"tag-news","17":"tag-news-paris","18":"tag-paris","19":"tag-paris-news","20":"tag-republique-francaise"},"share_on_mastodon":{"url":"https:\/\/pubeurope.com\/@fr\/115061733668601712","error":""},"_links":{"self":[{"href":"https:\/\/www.europesays.com\/fr\/wp-json\/wp\/v2\/posts\/331823","targetHints":{"allow":["GET"]}}],"collection":[{"href":"https:\/\/www.europesays.com\/fr\/wp-json\/wp\/v2\/posts"}],"about":[{"href":"https:\/\/www.europesays.com\/fr\/wp-json\/wp\/v2\/types\/post"}],"author":[{"embeddable":true,"href":"https:\/\/www.europesays.com\/fr\/wp-json\/wp\/v2\/users\/2"}],"replies":[{"embeddable":true,"href":"https:\/\/www.europesays.com\/fr\/wp-json\/wp\/v2\/comments?post=331823"}],"version-history":[{"count":0,"href":"https:\/\/www.europesays.com\/fr\/wp-json\/wp\/v2\/posts\/331823\/revisions"}],"wp:featuredmedia":[{"embeddable":true,"href":"https:\/\/www.europesays.com\/fr\/wp-json\/wp\/v2\/media\/331824"}],"wp:attachment":[{"href":"https:\/\/www.europesays.com\/fr\/wp-json\/wp\/v2\/media?parent=331823"}],"wp:term":[{"taxonomy":"category","embeddable":true,"href":"https:\/\/www.europesays.com\/fr\/wp-json\/wp\/v2\/categories?post=331823"},{"taxonomy":"post_tag","embeddable":true,"href":"https:\/\/www.europesays.com\/fr\/wp-json\/wp\/v2\/tags?post=331823"}],"curies":[{"name":"wp","href":"https:\/\/api.w.org\/{rel}","templated":true}]}}