{"id":331825,"date":"2025-08-20T15:11:09","date_gmt":"2025-08-20T15:11:09","guid":{"rendered":"https:\/\/www.europesays.com\/fr\/331825\/"},"modified":"2025-08-20T15:11:09","modified_gmt":"2025-08-20T15:11:09","slug":"on-a-refuse-les-visites-des-appartements-a-paris-le-combat-de-locataires-contre-la-vente-a-la-decoupe","status":"publish","type":"post","link":"https:\/\/www.europesays.com\/fr\/331825\/","title":{"rendered":"\u00ab\u00a0On a refus\u00e9 les visites des appartements\u00a0\u00bb\u00a0: \u00e0 Paris, le combat de locataires contre la vente \u00e0 la d\u00e9coupe"},"content":{"rendered":"<p class=\"paragraph text_align_left lp-f-body-02\">Quarante ans que Jean est locataire d\u2019un appartement familial au 8, rue Saint-Bon, dans le <a href=\"https:\/\/www.leparisien.fr\/paris-75\/paris-75004\/\" target=\"_blank\" rel=\"noreferrer nofollow noopener\">IVe arrondissement de Paris<\/a>. En 2022, ce Parisien re\u00e7oit, comme les autres locataires de l\u2019immeuble, un recommand\u00e9 du nouveau promoteur de son appartement et d\u2019une partie de l\u2019immeuble lui demandant de quitter son logement sous six mois sans prendre en compte le bail en cours. Il tombe des nues.<\/p>\n<p class=\"paragraph text_align_left lp-f-body-02\">L\u2019immeuble est d\u00e9tenu \u00e0 pr\u00e8s de 75 % par deux propri\u00e9taires qui \u00ab ne respectent pas les accords collectifs nationaux de vente \u00e0 la d\u00e9coupe \u00bb, gronde Beno\u00eet Filippi, porte-parole de l\u2019Association des comit\u00e9s de d\u00e9fense des locataires (ACDL).<\/p>\n","protected":false},"excerpt":{"rendered":"Quarante ans que Jean est locataire d\u2019un appartement familial au 8, rue Saint-Bon, dans le IVe arrondissement de&hellip;\n","protected":false},"author":2,"featured_media":331826,"comment_status":"","ping_status":"","sticky":false,"template":"","format":"standard","meta":{"footnotes":""},"categories":[1888],"tags":[11,1777,674,1011,27,1116,12,626,25],"class_list":{"0":"post-331825","1":"post","2":"type-post","3":"status-publish","4":"format-standard","5":"has-post-thumbnail","7":"category-paris","8":"tag-actualites","9":"tag-eu","10":"tag-europe","11":"tag-fr","12":"tag-france","13":"tag-immobilier","14":"tag-news","15":"tag-paris","16":"tag-republique-francaise"},"share_on_mastodon":{"url":"","error":""},"_links":{"self":[{"href":"https:\/\/www.europesays.com\/fr\/wp-json\/wp\/v2\/posts\/331825","targetHints":{"allow":["GET"]}}],"collection":[{"href":"https:\/\/www.europesays.com\/fr\/wp-json\/wp\/v2\/posts"}],"about":[{"href":"https:\/\/www.europesays.com\/fr\/wp-json\/wp\/v2\/types\/post"}],"author":[{"embeddable":true,"href":"https:\/\/www.europesays.com\/fr\/wp-json\/wp\/v2\/users\/2"}],"replies":[{"embeddable":true,"href":"https:\/\/www.europesays.com\/fr\/wp-json\/wp\/v2\/comments?post=331825"}],"version-history":[{"count":0,"href":"https:\/\/www.europesays.com\/fr\/wp-json\/wp\/v2\/posts\/331825\/revisions"}],"wp:featuredmedia":[{"embeddable":true,"href":"https:\/\/www.europesays.com\/fr\/wp-json\/wp\/v2\/media\/331826"}],"wp:attachment":[{"href":"https:\/\/www.europesays.com\/fr\/wp-json\/wp\/v2\/media?parent=331825"}],"wp:term":[{"taxonomy":"category","embeddable":true,"href":"https:\/\/www.europesays.com\/fr\/wp-json\/wp\/v2\/categories?post=331825"},{"taxonomy":"post_tag","embeddable":true,"href":"https:\/\/www.europesays.com\/fr\/wp-json\/wp\/v2\/tags?post=331825"}],"curies":[{"name":"wp","href":"https:\/\/api.w.org\/{rel}","templated":true}]}}