{"id":331829,"date":"2025-08-20T15:13:11","date_gmt":"2025-08-20T15:13:11","guid":{"rendered":"https:\/\/www.europesays.com\/fr\/331829\/"},"modified":"2025-08-20T15:13:11","modified_gmt":"2025-08-20T15:13:11","slug":"la-pologne-denonce-une-provocation-russe-apres-lexplosion-dun-drone-dans-lest-du-pays","status":"publish","type":"post","link":"https:\/\/www.europesays.com\/fr\/331829\/","title":{"rendered":"La Pologne d\u00e9nonce une \u00abprovocation\u00bb russe apr\u00e8s l\u2019explosion d\u2019un drone dans l\u2019est du pays"},"content":{"rendered":"<p>Un crat\u00e8re de cinq \u00e0 six m\u00e8tres de large et de 50 centim\u00e8tres de profondeur s\u2019est form\u00e9 suite \u00e0 cette explosion, dont l\u2019origine doit \u00eatre d\u00e9termin\u00e9e par les autorit\u00e9s polonaises.<\/p>\n<p class=\"fig-paragraph\">Le ministre de la D\u00e9fense de la\u00a0<a href=\"http:\/\/www.lefigaro.fr\/international\/la-pologne-annonce-la-fermeture-d-un-consulat-de-la-russie-moscou-promet-une-reponse-adequate-20250512\" target=\"_blank\" data-fig-type=\"NewsFlash\" rel=\"noopener\" data-gtm-custom-categorie=\"navigation\" data-gtm-custom-action=\"crossclick\" data-gtm-custom-label=\"Contextuel\" data-gtm-event=\"customEventSPE\" data-fig-domain=\"LEFIGARO\">Pologne<\/a>\u00a0a d\u00e9nonc\u00e9 ce mercredi 20 ao\u00fbt une \u00abprovocation\u00bb de la Russie, apr\u00e8s la chute et l\u2019explosion dans la nuit d\u2019un\u00a0<a href=\"http:\/\/www.lefigaro.fr\/international\/guerre-en-ukraine-au-moins-onze-blesses-dans-des-attaques-russes-nocturnes-20250716\" target=\"_blank\" data-fig-type=\"NewsFlash\" rel=\"noopener\" data-gtm-custom-categorie=\"navigation\" data-gtm-custom-action=\"crossclick\" data-gtm-custom-label=\"Contextuel\" data-gtm-event=\"customEventSPE\" data-fig-domain=\"LEFIGARO\">drone russe<\/a>\u00a0dans un champ dans l\u2019est du pays, qui n\u2019a pas fait de victime.<\/p>\n<p class=\"fig-paragraph\">\u00abUne fois de plus, nous sommes confront\u00e9s \u00e0 une provocation de la F\u00e9d\u00e9ration de Russie, avec un drone russe\u00bb, a d\u00e9clar\u00e9 \u00e0 la presse Wladyslaw Kosiniak-Kamysz.<\/p>\n<p>                                    <a class=\"fig-a11y-skip a11y-hidden\" href=\"#fig-a11y-skip-main-inarticle\"><br \/>\n        Passer la publicit\u00e9<br \/>\n    <\/a><\/p>\n<p class=\"fig-paragraph\">La police polonaise a d\u00e9clar\u00e9 dans la matin\u00e9e avoir \u00e9t\u00e9 inform\u00e9e d\u2019une \u00abexplosion\u00bb dans un champ de ma\u00efs situ\u00e9 \u00e0 une centaine de kilom\u00e8tres de Varsovie et \u00e0 une distance comparable des fronti\u00e8res avec l\u2019Ukraine et le B\u00e9larus. L\u2019explosion n\u2019a fait aucune victime, selon la m\u00eame source.<\/p>\n<p>L\u2019objet identifi\u00e9 comme un drone<\/p>\n<p class=\"fig-paragraph\">Sur place, un \u00abobjet qui, selon les premi\u00e8res estimations, pourrait \u00eatre un \u00e9l\u00e9ment d\u2019un ancien moteur \u00e0 h\u00e9lice\u00bb, a \u00e9t\u00e9 retrouv\u00e9, a indiqu\u00e9 pour sa part l\u2019arm\u00e9e polonaise sur X, ajoutant qu\u2019\u00abaucune violation de l\u2019espace a\u00e9rien polonais n\u2019a \u00e9t\u00e9 enregistr\u00e9e la nuit derni\u00e8re\u00bb.<\/p>\n<p class=\"fig-paragraph\">Interrog\u00e9 par un journaliste s\u2019il s\u2019agissait d\u2019un drone militaire, Grzegorz Trusiewicz, procureur r\u00e9gional de Lublin, dans l\u2019est de la Pologne, a indiqu\u00e9 \u00e0 la presse que \u00abselon les donn\u00e9es pr\u00e9liminaires, il y a une tr\u00e8s forte probabilit\u00e9\u00bb qu\u2019il s\u2019agisse d\u2019un tel appareil. Il a \u00e9galement exclu la possibilit\u00e9 qu\u2019il s\u2019agisse d\u2019un drone civil ou de contrebande, hypoth\u00e8ses \u00e9voqu\u00e9es plus t\u00f4t par le ministre polonais de la D\u00e9fense Wladyslaw Kosiniak-Kamysz.<\/p>\n<p class=\"fig-paragraph\">Lorsqu\u2019on lui a demand\u00e9 s\u2019il s\u2019agissait d\u2019un \u00abdrone suicide\u00bb, le procureur n\u2019a pas confirm\u00e9 cette affirmation. Il a ajout\u00e9 qu\u2019un expert en armement militaire est envoy\u00e9 sur le site et pourrait \u00eatre en mesure de d\u00e9terminer le type pr\u00e9cis d\u2019engin.<\/p>\n<p>L\u2019origine inconnue, la Russie fortement soup\u00e7onn\u00e9e<\/p>\n<p class=\"fig-paragraph\">Les m\u00e9dias polonais, citant des sources au minist\u00e8re de la D\u00e9fense, estiment qu\u2019il pourrait s\u2019agir d\u2019une version d\u2019un drone russe Gerbera, un type d\u2019appareil habituellement utilis\u00e9 comme leurre dans les frappes russes contre l\u2019Ukraine.\u00a0<a href=\"http:\/\/www.lefigaro.fr\/international\/la-lituanie-appelle-l-otan-a-l-aide-pour-sa-defense-aerienne-apres-la-decouverte-sur-son-sol-d-un-drone-explosif-russe-20250805\" target=\"_blank\" data-fig-type=\"NewsFlash\" rel=\"noopener\" data-gtm-custom-categorie=\"navigation\" data-gtm-custom-action=\"crossclick\" data-gtm-custom-label=\"Contextuel\" data-gtm-event=\"customEventSPE\" data-fig-domain=\"LEFIGARO\">Un drone du m\u00eame type a \u00e9t\u00e9 retrouv\u00e9 d\u00e9but ao\u00fbt en Lituanie<\/a>, poussant Vilnius \u00e0 demander \u00e0 l\u2019OTAN de prendre des \u00abmesures imm\u00e9diates\u00bb pour renforcer sa d\u00e9fense a\u00e9rienne.<\/p>\n<p>                                    <a class=\"fig-a11y-skip a11y-hidden\" href=\"#fig-a11y-skip-main-inarticle_mtf\"><br \/>\n        Passer la publicit\u00e9<br \/>\n    <\/a><\/p>\n<p class=\"fig-paragraph\">En 2023, la Pologne avait annonc\u00e9 qu\u2019un missile russe avait travers\u00e9 son espace a\u00e9rien en survolant sa fronti\u00e8re avec l\u2019Ukraine, au moment o\u00f9 les forces russes infligeaient \u00e0 ce pays des frappes de drones et de missiles. En novembre 2022, un missile de la d\u00e9fense antia\u00e9rienne ukrainienne est tomb\u00e9 sur le village polonais de Przewodow, pr\u00e8s de la fronti\u00e8re, causant la mort de deux civils.<\/p>\n<p class=\"fig-paragraph\">Les autorit\u00e9s polonaises enqu\u00eatent activement pour d\u00e9terminer les origines de l\u2019incident, avec la police militaire d\u00e9ployant un scanner 3D pour aider \u00e0 reconstruire le site, selon le procureur. Plus t\u00f4t, le ministre de la D\u00e9fense W\u0142adys\u0142aw Kosiniak-Kamysz a d\u00e9clar\u00e9\u00a0: \u00abNous ne pouvons exclure aucune de ces hypoth\u00e8ses li\u00e9es \u00e0 un drone russe, un drone bi\u00e9lorusse, un drone de contrebande ou un acte de sabotage sur le territoire de la R\u00e9publique de Pologne\u00bb, pour\u00a0<a href=\"https:\/\/tvpworld.com\/88432799\/polish-eastern-village-hit-by-unidentified-military-drone\" target=\"_blank\" rel=\"sponsored noopener\" data-gtm-custom-categorie=\"navigation\" data-gtm-custom-action=\"crossclick\" data-gtm-custom-label=\"Contextuel\" data-gtm-event=\"customEventSPE\">TVP World<\/a>.<\/p>\n","protected":false},"excerpt":{"rendered":"Un crat\u00e8re de cinq \u00e0 six m\u00e8tres de large et de 50 centim\u00e8tres de profondeur s\u2019est form\u00e9 suite&hellip;\n","protected":false},"author":2,"featured_media":331830,"comment_status":"","ping_status":"","sticky":false,"template":"","format":"standard","meta":{"footnotes":""},"categories":[1591],"tags":[11,564,1887,131,12,2437,1885,1886,132],"class_list":{"0":"post-331829","1":"post","2":"type-post","3":"status-publish","4":"format-standard","5":"has-post-thumbnail","7":"category-russie","8":"tag-actualites","9":"tag-drone","10":"tag-federation-de-russie","11":"tag-guerre-en-ukraine","12":"tag-news","13":"tag-pologne","14":"tag-russia","15":"tag-russian-federation","16":"tag-russie"},"share_on_mastodon":{"url":"https:\/\/pubeurope.com\/@fr\/115061745499442162","error":""},"_links":{"self":[{"href":"https:\/\/www.europesays.com\/fr\/wp-json\/wp\/v2\/posts\/331829","targetHints":{"allow":["GET"]}}],"collection":[{"href":"https:\/\/www.europesays.com\/fr\/wp-json\/wp\/v2\/posts"}],"about":[{"href":"https:\/\/www.europesays.com\/fr\/wp-json\/wp\/v2\/types\/post"}],"author":[{"embeddable":true,"href":"https:\/\/www.europesays.com\/fr\/wp-json\/wp\/v2\/users\/2"}],"replies":[{"embeddable":true,"href":"https:\/\/www.europesays.com\/fr\/wp-json\/wp\/v2\/comments?post=331829"}],"version-history":[{"count":0,"href":"https:\/\/www.europesays.com\/fr\/wp-json\/wp\/v2\/posts\/331829\/revisions"}],"wp:featuredmedia":[{"embeddable":true,"href":"https:\/\/www.europesays.com\/fr\/wp-json\/wp\/v2\/media\/331830"}],"wp:attachment":[{"href":"https:\/\/www.europesays.com\/fr\/wp-json\/wp\/v2\/media?parent=331829"}],"wp:term":[{"taxonomy":"category","embeddable":true,"href":"https:\/\/www.europesays.com\/fr\/wp-json\/wp\/v2\/categories?post=331829"},{"taxonomy":"post_tag","embeddable":true,"href":"https:\/\/www.europesays.com\/fr\/wp-json\/wp\/v2\/tags?post=331829"}],"curies":[{"name":"wp","href":"https:\/\/api.w.org\/{rel}","templated":true}]}}