{"id":331839,"date":"2025-08-20T15:18:11","date_gmt":"2025-08-20T15:18:11","guid":{"rendered":"https:\/\/www.europesays.com\/fr\/331839\/"},"modified":"2025-08-20T15:18:11","modified_gmt":"2025-08-20T15:18:11","slug":"leurope-face-a-un-record-de-cas-de-maladies-lexpress","status":"publish","type":"post","link":"https:\/\/www.europesays.com\/fr\/331839\/","title":{"rendered":"l\u2019Europe face \u00e0 un record de cas de maladies \u2013 L&rsquo;Express"},"content":{"rendered":"<p class=\"paragraph article-body-paragraph article__item   article-body-paragraph--first \">C\u2019est une \u00ab\u00a0nouvelle normalit\u00e9\u00a0\u00bb cr\u00e9\u00e9e par <a href=\"https:\/\/www.lexpress.fr\/environnement\/le-rechauffement-climatique-a-triple-le-nombre-de-morts-lors-de-la-canicule-en-europe-Q2LNAQ3P4ZAULMWTBJXHQYNTDI\/\" target=\"_blank\" rel=\"noreferrer noopener\" title=\"https:\/\/www.lexpress.fr\/environnement\/le-rechauffement-climatique-a-triple-le-nombre-de-morts-lors-de-la-canicule-en-europe-Q2LNAQ3P4ZAULMWTBJXHQYNTDI\/\">le changement climatique<\/a> en Europe. Le continent enregistre cette ann\u00e9e un nombre record de cas de maladies transmises par des moustiques, comme le chikungunya et le virus du Nil occidental, pr\u00e9cise ce mercredi 20 ao\u00fbt l\u2019agence de sant\u00e9 de l\u2019Union europ\u00e9enne.<\/p>\n<p class=\"paragraph article-body-paragraph article__item   \">L\u2019Europe conna\u00eet d\u00e9sormais des saisons de contamination par les moustiques plus longues et <a href=\"https:\/\/www.lexpress.fr\/sciences-sante\/sante\/le-moustique-tigre-est-il-plus-dangereux-que-les-annees-precedentes-4BBVGG3IIZE4BBJV5GRNDD5SOY\/\" target=\"_blank\" rel=\"noreferrer noopener\" title=\"https:\/\/www.lexpress.fr\/sciences-sante\/sante\/le-moustique-tigre-est-il-plus-dangereux-que-les-annees-precedentes-4BBVGG3IIZE4BBJV5GRNDD5SOY\/\">plus intenses<\/a>, rapporte le Centre europ\u00e9en de pr\u00e9vention et de contr\u00f4le des maladies (ECDC) dans un communiqu\u00e9. \u00ab\u00a0Ce changement est caus\u00e9 par des facteurs climatiques et environnementaux comme la hausse des temp\u00e9ratures, des \u00e9t\u00e9s plus longs, des hivers plus doux et des changements dans la pluviom\u00e9trie &#8211; des probl\u00e8mes qui se combinent pour cr\u00e9er un environnement favorable aux moustiques, o\u00f9 ils prosp\u00e8rent et transmettent des virus\u00a0\u00bb, explique l\u2019ECDC.<\/p>\n<p class=\"paragraph article-body-paragraph article__item   \">La directrice de l\u2019agence, Pamela Rendi-Wagner, estime que <a href=\"https:\/\/www.lexpress.fr\/sciences-sante\/sante\/moustique-tigre-en-france-la-menace-qui-plane-sur-les-cinq-prochaines-annees-47LFNMEU6ZHNRFPU5PXX2TDE5A\/\" target=\"_blank\" rel=\"noreferrer noopener\" title=\"https:\/\/www.lexpress.fr\/sciences-sante\/sante\/moustique-tigre-en-france-la-menace-qui-plane-sur-les-cinq-prochaines-annees-47LFNMEU6ZHNRFPU5PXX2TDE5A\/\">l\u2019Europe<\/a> entre alors dans une nouvelle phase o\u00f9 \u00ab\u00a0une transmission plus longue, plus r\u00e9pandue et plus intense de maladies v\u00e9hicul\u00e9es par les moustiques devient la nouvelle normalit\u00e9\u00a0\u00bb. Combin\u00e9e \u00e0 l\u2019augmentation des voyages internationaux, cette propagation rend les \u00e9pid\u00e9mies locales plus probables.<\/p>\n<p>Chikungunya, virus du Nil occidental&#8230;<\/p>\n<p class=\"paragraph article-body-paragraph article__item   \">Le moustique pouvant r\u00e9pandre le virus du chikungunya, s\u2019est d\u00e9sormais \u00e9tabli dans 16 pays europ\u00e9ens et 369 r\u00e9gions, contre seulement 114 r\u00e9gions il y a une d\u00e9cennie, a indiqu\u00e9 l\u2019ECDC. L\u2019Europe a enregistr\u00e9 27 cas de chikungunya pour le moment en 2025, ce qui repr\u00e9sente un nouveau record pour le continent. Aucun d\u00e9c\u00e8s n\u2019a \u00e9t\u00e9 signal\u00e9 en Europe continentale, mais \u00e0 l\u2019\u00e9chelle mondiale, plus de 240 000 cas de chikungunya et 90 d\u00e9c\u00e8s ont \u00e9t\u00e9 enregistr\u00e9s jusqu\u2019\u00e0 pr\u00e9sent en 2025.<\/p>\n<p><strong class=\"article-body-link-list__item text-gray-800 article-body-link-list__item--one-item\">LIRE AUSSI : <a class=\"article-body-link-list__item-link\" href=\"https:\/\/www.lexpress.fr\/sciences-sante\/dengue-du-bon-usage-de-la-guerre-bacteriologique-contre-les-moustiques-par-le-pr-alain-fischer-LTN3RSUQHBDXZNESORX2LJ55IE\/\" target=\"_blank\" rel=\"noreferrer noopener\">Dengue : du bon usage de la guerre bact\u00e9riologique contre les moustiques, par le Pr Alain Fischer<\/a><\/strong><\/p>\n<p class=\"paragraph article-body-paragraph article__item   \">Pour la premi\u00e8re fois, un cas transmis localement a \u00e9t\u00e9 signal\u00e9 en Alsace, dans le nord-est de <a href=\"https:\/\/www.lexpress.fr\/sciences-sante\/sante\/franchises-medicales-affections-longue-duree-arrets-maladie-catherine-vautrin-precise-les-economies-P4RKVEINGVBFZLQEK2RD7HMYDQ\/\" target=\"_blank\" rel=\"noreferrer noopener\" title=\"https:\/\/www.lexpress.fr\/sciences-sante\/sante\/franchises-medicales-affections-longue-duree-arrets-maladie-catherine-vautrin-precise-les-economies-P4RKVEINGVBFZLQEK2RD7HMYDQ\/\">la France<\/a>. Il s\u2019agit d\u2019un \u00ab\u00a0\u00e9v\u00e9nement exceptionnel \u00e0 cette latitude, qui met en \u00e9vidence l\u2019expansion continue vers le nord du risque de transmission\u00a0\u00bb, a soulign\u00e9 l\u2019agence.<\/p>\n<p class=\"paragraph article-body-paragraph article__item   \">Le virus du chikungunya se transmet via les piq\u00fbres de <a href=\"https:\/\/www.lexpress.fr\/sciences-sante\/sante\/paris-2024-letude-qui-detaille-les-risques-de-propagation-de-virus-lies-au-moustique-tigre-5I6FIGGLQJFVJPNLYEJ6SAOVVQ\/\" target=\"_blank\" rel=\"noreferrer noopener\" title=\"https:\/\/www.lexpress.fr\/sciences-sante\/sante\/paris-2024-letude-qui-detaille-les-risques-de-propagation-de-virus-lies-au-moustique-tigre-5I6FIGGLQJFVJPNLYEJ6SAOVVQ\/\">moustiques tigre<\/a> (Aedes albopictus) infect\u00e9s, passant ainsi d\u2019un humain \u00e0 l\u2019autre. Celui-ci est pr\u00e9sent en France m\u00e9tropolitaine depuis 2004, pr\u00e9cise le site <a href=\"https:\/\/www.ameli.fr\/assure\/sante\/themes\/piqure-moustique-maladies\/mecanismes-contamination-maladies-moustiques\" target=\"_blank\" rel=\"noreferrer noopener\" title=\"https:\/\/www.ameli.fr\/assure\/sante\/themes\/piqure-moustique-maladies\/mecanismes-contamination-maladies-moustiques\">l\u2019Assurance Maladie<\/a>. \u00c0 partir de cette date, cet insecte s\u2019est d\u00e9velopp\u00e9 de mani\u00e8re significative, d\u2019abord dans les d\u00e9partements du Sud de la France. Il est notamment pr\u00e9sent dans les d\u00e9partements fran\u00e7ais de l\u2019Oc\u00e9an indien, o\u00f9 il avait provoqu\u00e9 une tr\u00e8s importante \u00e9pid\u00e9mie de chikungunya en 2006. Au 1er janvier 2025, le moustique \u00e9tait implant\u00e9 dans 81 d\u00e9partements hexagonaux (Corse comprise).<\/p>\n<p class=\"paragraph article-body-paragraph article__item   \"><a href=\"https:\/\/www.lexpress.fr\/sciences-sante\/sante\/fromages-contamines-trois-questions-sur-la-listeriose-cette-maladie-a-la-lorigine-dintoxications-UIMU6VKEF5DKZNPCDX57QM57RY\/\" target=\"_blank\" rel=\"noreferrer noopener\" title=\"https:\/\/www.lexpress.fr\/sciences-sante\/sante\/fromages-contamines-trois-questions-sur-la-listeriose-cette-maladie-a-la-lorigine-dintoxications-UIMU6VKEF5DKZNPCDX57QM57RY\/\">L\u2019Europe<\/a> a aussi enregistr\u00e9 le plus grand nombre de cas de virus du Nil occidental en trois ans. L\u2019ECDC s\u2019attend \u00e0 ce que les infections continuent d\u2019augmenter, atteignant probablement un pic saisonnier en ao\u00fbt ou en septembre. Entre le 1er janvier le 13 ao\u00fbt, huit pays europ\u00e9ens ont enregistr\u00e9 335 cas de transmission locale du virus du Nil occidental et 19 morts. Cette ann\u00e9e, pour la premi\u00e8re fois, des infections ont \u00e9t\u00e9 signal\u00e9es dans les provinces italiennes de Latina et de Frosinone. L\u2019Italie est en effet le pays le plus touch\u00e9, avec 274 contaminations.<\/p>\n<p>La \u00ab\u00a0pr\u00e9vention est plus importante que jamais\u00a0\u00bb<\/p>\n<p class=\"paragraph article-body-paragraph article__item   \">\u00ab\u00a0A mesure que le panorama des maladies transmises par les moustiques \u00e9voluera, davantage de gens seront menac\u00e9s \u00e0 l\u2019avenir en Europe\u00a0\u00bb, a r\u00e9sum\u00e9 C\u00e9line Gossner, cheffe de la section consacr\u00e9e aux maladies d\u2019origine alimentaire, hydrique, vectorielle et zoonotique de l\u2019ECDC. Elle a ajout\u00e9 que \u00ab\u00a0la pr\u00e9vention est plus importante que jamais\u00a0\u00bb, \u00e0 la fois par des <a href=\"https:\/\/www.lexpress.fr\/monde\/une-prime-par-moustique-a-manille-une-initiative-locale-pour-lutter-contre-lepidemie-de-dengue-IFBJ5HJ6WVCSRF2WT7VDHZB2SE\/\" target=\"_blank\" rel=\"noreferrer noopener\" title=\"https:\/\/www.lexpress.fr\/monde\/une-prime-par-moustique-a-manille-une-initiative-locale-pour-lutter-contre-lepidemie-de-dengue-IFBJ5HJ6WVCSRF2WT7VDHZB2SE\/\">initiatives<\/a> publiques coordonn\u00e9es et des mesures de protection personnelle.<\/p>\n<\/p>\n<p class=\"paragraph article-body-paragraph article__item    article__text__endpicto\">L\u2019ECDC appelle la population des r\u00e9gions concern\u00e9es \u00e0 se prot\u00e9ger des piq\u00fbres de <a href=\"https:\/\/www.lexpress.fr\/monde\/asie\/la-chine-devoile-un-drone-miniature-de-la-taille-dun-moustique-4EV4P37IMZEQNF73ZYUT3LP2XE\/\" target=\"_blank\" rel=\"noreferrer noopener\" title=\"https:\/\/www.lexpress.fr\/monde\/asie\/la-chine-devoile-un-drone-miniature-de-la-taille-dun-moustique-4EV4P37IMZEQNF73ZYUT3LP2XE\/\">moustiques<\/a> en utilisant du r\u00e9pulsif, en portant des manches longues et des pantalons et en installant des moustiquaires. Aucune mesure n\u2019est efficace \u00e0 100 %, mais c\u2019est la somme de mesures individuelles et collectives qui permet de diminuer la transmission, rappelle aussi le <a href=\"https:\/\/sante.gouv.fr\/sante-et-environnement\/risques-microbiologiques-physiques-et-chimiques\/especes-nuisibles-et-parasites\/moustiques\" target=\"_blank\" rel=\"noreferrer noopener\" title=\"https:\/\/sante.gouv.fr\/sante-et-environnement\/risques-microbiologiques-physiques-et-chimiques\/especes-nuisibles-et-parasites\/moustiques\">minist\u00e8re fran\u00e7ais de la sant\u00e9.<\/a><\/p>\n","protected":false},"excerpt":{"rendered":"C\u2019est une \u00ab\u00a0nouvelle normalit\u00e9\u00a0\u00bb cr\u00e9\u00e9e par le changement climatique en Europe. Le continent enregistre cette ann\u00e9e un nombre&hellip;\n","protected":false},"author":2,"featured_media":331840,"comment_status":"","ping_status":"","sticky":false,"template":"","format":"standard","meta":{"footnotes":""},"categories":[1586],"tags":[11,1777,674,1011,27,12,25,71,11761],"class_list":{"0":"post-331839","1":"post","2":"type-post","3":"status-publish","4":"format-standard","5":"has-post-thumbnail","7":"category-europe","8":"tag-actualites","9":"tag-eu","10":"tag-europe","11":"tag-fr","12":"tag-france","13":"tag-news","14":"tag-republique-francaise","15":"tag-sante","16":"tag-sciences-et-sante"},"share_on_mastodon":{"url":"https:\/\/pubeurope.com\/@fr\/115061765226492544","error":""},"_links":{"self":[{"href":"https:\/\/www.europesays.com\/fr\/wp-json\/wp\/v2\/posts\/331839","targetHints":{"allow":["GET"]}}],"collection":[{"href":"https:\/\/www.europesays.com\/fr\/wp-json\/wp\/v2\/posts"}],"about":[{"href":"https:\/\/www.europesays.com\/fr\/wp-json\/wp\/v2\/types\/post"}],"author":[{"embeddable":true,"href":"https:\/\/www.europesays.com\/fr\/wp-json\/wp\/v2\/users\/2"}],"replies":[{"embeddable":true,"href":"https:\/\/www.europesays.com\/fr\/wp-json\/wp\/v2\/comments?post=331839"}],"version-history":[{"count":0,"href":"https:\/\/www.europesays.com\/fr\/wp-json\/wp\/v2\/posts\/331839\/revisions"}],"wp:featuredmedia":[{"embeddable":true,"href":"https:\/\/www.europesays.com\/fr\/wp-json\/wp\/v2\/media\/331840"}],"wp:attachment":[{"href":"https:\/\/www.europesays.com\/fr\/wp-json\/wp\/v2\/media?parent=331839"}],"wp:term":[{"taxonomy":"category","embeddable":true,"href":"https:\/\/www.europesays.com\/fr\/wp-json\/wp\/v2\/categories?post=331839"},{"taxonomy":"post_tag","embeddable":true,"href":"https:\/\/www.europesays.com\/fr\/wp-json\/wp\/v2\/tags?post=331839"}],"curies":[{"name":"wp","href":"https:\/\/api.w.org\/{rel}","templated":true}]}}