{"id":331851,"date":"2025-08-20T15:26:10","date_gmt":"2025-08-20T15:26:10","guid":{"rendered":"https:\/\/www.europesays.com\/fr\/331851\/"},"modified":"2025-08-20T15:26:10","modified_gmt":"2025-08-20T15:26:10","slug":"atp-la-trouvaille-de-rick-macci-pour-completer-le-trio-avec-sinner-et-alcaraz-je-pense-que-cest-lui-lelu","status":"publish","type":"post","link":"https:\/\/www.europesays.com\/fr\/331851\/","title":{"rendered":"ATP > La trouvaille de Rick Macci pour compl\u00e9ter le trio avec Sinner et Alcaraz : \u00ab\u00a0Je pense que c\u2019est lui l\u2019\u00e9lu\u00a0\u00bb\u202f"},"content":{"rendered":"<p>Rick Macci, c\u00e9l\u00e8bre coach am\u00e9ri\u00adcain, connu notam\u00adment pour avoir entra\u00een\u00e9 les s\u0153urs Williams, est revenu pour<a href=\"https:\/\/www.tennis365.com\/tennis-features\/rick-macci-names-chosen-one-carlos-alcaraz-jannik-sinner-joao-fonseca-new-big-3\" data-wpel-link=\"external\" target=\"_blank\" rel=\"nofollow external noopener\"> Tennis 365<\/a> sur le joueur qu\u2019il voit comme le plus \u00e0 m\u00eame de rejoindre Carlos Alcaraz et Jannik Sinner dans un trio d\u2019exception.<\/p>\n<p><strong>\u00ab\u202fFonseca est le meilleur jeune talent que j\u2019ai vu. Il serait, pour moi, l\u2019\u00e9lu qui pour\u00adrait \u00eatre l\u00e0. Mais il est \u00e0 quelques ann\u00e9es de l\u00e0, m\u00eame s\u2019il pour\u00adrait \u00eatre dans le top 20 d\u2019ici la fin de l\u2019ann\u00e9e, je pense. Et il ne faut pas oublier que, comme tout le monde s\u2019am\u00e9\u00adliore, Sinner et Alcaraz aussi, ils vont se surpasser pour ajouter plus de piquant \u00e0 leur jeu. Ils sont juste au\u2010dessus du lot gr\u00e2ce \u00e0 leur poly\u00adva\u00adlence. Donc, la barre a \u00e9t\u00e9 plac\u00e9e tr\u00e8s haut, mais il y aura toujours une\u00a0suite.\u202f\u00bb<\/strong><\/p>\n<p>Un pronostic qui, pour le moment, semble encore lointain.<\/p>\n<p>Le jeune Br\u00e9silien semble avoir du mal \u00e0 confirmer apr\u00e8s avoir remport\u00e9 son premier titre ATP 250, au tournoi de Buenos Aires.<\/p>\n<p>Sa marge de progres\u00adsion reste impor\u00adtante, et le chemin pour rattraper l\u2019Italien et l\u2019Espagnol semble encore long pour Jo\u00e3o Fonseca.<\/p>\n<p class=\"post-published-date\" style=\"color: silver; font-size: 75%; text-align: left;\">Publi\u00e9 le mercredi 20 ao\u00fbt 2025 \u00e0 16:45<\/p>\n","protected":false},"excerpt":{"rendered":"Rick Macci, c\u00e9l\u00e8bre coach am\u00e9ri\u00adcain, connu notam\u00adment pour avoir entra\u00een\u00e9 les s\u0153urs Williams, est revenu pour Tennis 365&hellip;\n","protected":false},"author":2,"featured_media":251965,"comment_status":"","ping_status":"","sticky":false,"template":"","format":"standard","meta":{"footnotes":""},"categories":[1415],"tags":[1744,1011,27,2201,2127,60,1467],"class_list":{"0":"post-331851","1":"post","2":"type-post","3":"status-publish","4":"format-standard","5":"has-post-thumbnail","7":"category-tennis","8":"tag-alcaraz","9":"tag-fr","10":"tag-france","11":"tag-serena-williams","12":"tag-sinner","13":"tag-sports","14":"tag-tennis"},"share_on_mastodon":{"url":"https:\/\/pubeurope.com\/@fr\/115061796873366349","error":""},"_links":{"self":[{"href":"https:\/\/www.europesays.com\/fr\/wp-json\/wp\/v2\/posts\/331851","targetHints":{"allow":["GET"]}}],"collection":[{"href":"https:\/\/www.europesays.com\/fr\/wp-json\/wp\/v2\/posts"}],"about":[{"href":"https:\/\/www.europesays.com\/fr\/wp-json\/wp\/v2\/types\/post"}],"author":[{"embeddable":true,"href":"https:\/\/www.europesays.com\/fr\/wp-json\/wp\/v2\/users\/2"}],"replies":[{"embeddable":true,"href":"https:\/\/www.europesays.com\/fr\/wp-json\/wp\/v2\/comments?post=331851"}],"version-history":[{"count":0,"href":"https:\/\/www.europesays.com\/fr\/wp-json\/wp\/v2\/posts\/331851\/revisions"}],"wp:featuredmedia":[{"embeddable":true,"href":"https:\/\/www.europesays.com\/fr\/wp-json\/wp\/v2\/media\/251965"}],"wp:attachment":[{"href":"https:\/\/www.europesays.com\/fr\/wp-json\/wp\/v2\/media?parent=331851"}],"wp:term":[{"taxonomy":"category","embeddable":true,"href":"https:\/\/www.europesays.com\/fr\/wp-json\/wp\/v2\/categories?post=331851"},{"taxonomy":"post_tag","embeddable":true,"href":"https:\/\/www.europesays.com\/fr\/wp-json\/wp\/v2\/tags?post=331851"}],"curies":[{"name":"wp","href":"https:\/\/api.w.org\/{rel}","templated":true}]}}