{"id":331854,"date":"2025-08-20T15:28:10","date_gmt":"2025-08-20T15:28:10","guid":{"rendered":"https:\/\/www.europesays.com\/fr\/331854\/"},"modified":"2025-08-20T15:28:10","modified_gmt":"2025-08-20T15:28:10","slug":"pol-espargaro-remplace-vinales-chez-ktm-tech3-en-hongrie","status":"publish","type":"post","link":"https:\/\/www.europesays.com\/fr\/331854\/","title":{"rendered":"Pol Espargaro remplace Vinales chez KTM Tech3 en Hongrie"},"content":{"rendered":"<p>KTM a choisi de pallier l\u2019absence de Maverick Vinales, bless\u00e9, en faisant revenir Pol Espargaro au sein de son \u00e9quipe satellite Tech3 ce week-end en Hongrie.<\/p>\n<p class=\"fig-paragraph\">Un fr\u00e8re peut en cacher un autre. Pol Espargar\u00f3 sera au guidon de la KTM Tech3 ce week-end en Hongrie pour la quinzi\u00e8me manche de la saison 2025 de\u00a0<a href=\"http:\/\/www.lefigaro.fr\/sports\/moto\/motogp-marc-marquez-remporte-le-grand-prix-d-autriche-jorge-martin-abandonne-20250817\" data-fig-type=\"NewsFlash\" data-gtm-custom-categorie=\"navigation\" data-gtm-custom-action=\"crossclick\" data-gtm-custom-label=\"Contextuel\" data-gtm-event=\"customEventSPE\" data-fig-domain=\"LEFIGARO\" target=\"_blank\" rel=\"noopener\">MotoGP<\/a>. L\u2019Espagnol remplace son compatriote\u00a0<a href=\"http:\/\/www.lefigaro.fr\/sports\/moto\/moto-gp-toujours-blesse-a-l-epaule-maverick-vinales-declare-forfait-pour-la-hongrie-20250817\" data-fig-type=\"NewsFlash\" data-gtm-custom-categorie=\"navigation\" data-gtm-custom-action=\"crossclick\" data-gtm-custom-label=\"Contextuel\" data-gtm-event=\"customEventSPE\" data-fig-domain=\"LEFIGARO\" target=\"_blank\" rel=\"noopener\">Maverick Vinales<\/a>, toujours convalescent et qui n\u2019avait pas \u00e9t\u00e9 en mesure de participer au Grand Prix d\u2019Autriche dimanche dernier.<\/p>\n<p class=\"fig-paragraph\">Pol Espargar\u00f3 avait d\u00e9j\u00e0 remplac\u00e9 Vinales en R\u00e9publique tch\u00e8que en juillet. Le pilote de 34 ans retrouvera son a\u00een\u00e9 Aleix (37 ans), charg\u00e9 de pallier l\u2019absence du Tha\u00eflandais Somkiat Chantra chez Honda-LCR, aux c\u00f4t\u00e9s de\u00a0<a href=\"http:\/\/www.lefigaro.fr\/sports\/moto\/motogp-zarco-sans-coequipier-en-autriche-ce-week-end-20250813\" data-fig-type=\"NewsFlash\" data-gtm-custom-categorie=\"navigation\" data-gtm-custom-action=\"crossclick\" data-gtm-custom-label=\"Contextuel\" data-gtm-event=\"customEventSPE\" data-fig-domain=\"LEFIGARO\" target=\"_blank\" rel=\"noopener\">Johann Zarco<\/a>. Maverick Vinales a un peu plus de deux semaines pour se remettre de sa blessure avant le Grand Prix de Barcelone, pr\u00e9vu le 7 septembre.<\/p>\n","protected":false},"excerpt":{"rendered":"KTM a choisi de pallier l\u2019absence de Maverick Vinales, bless\u00e9, en faisant revenir Pol Espargaro au sein de&hellip;\n","protected":false},"author":2,"featured_media":331855,"comment_status":"","ping_status":"","sticky":false,"template":"","format":"standard","meta":{"footnotes":""},"categories":[1413],"tags":[10860,1011,27,1457,1456,1458,60],"class_list":{"0":"post-331854","1":"post","2":"type-post","3":"status-publish","4":"format-standard","5":"has-post-thumbnail","7":"category-moto","8":"tag-aleix-espargaro","9":"tag-fr","10":"tag-france","11":"tag-moto","12":"tag-motocycle","13":"tag-motogp","14":"tag-sports"},"share_on_mastodon":{"url":"https:\/\/pubeurope.com\/@fr\/115061804481415022","error":""},"_links":{"self":[{"href":"https:\/\/www.europesays.com\/fr\/wp-json\/wp\/v2\/posts\/331854","targetHints":{"allow":["GET"]}}],"collection":[{"href":"https:\/\/www.europesays.com\/fr\/wp-json\/wp\/v2\/posts"}],"about":[{"href":"https:\/\/www.europesays.com\/fr\/wp-json\/wp\/v2\/types\/post"}],"author":[{"embeddable":true,"href":"https:\/\/www.europesays.com\/fr\/wp-json\/wp\/v2\/users\/2"}],"replies":[{"embeddable":true,"href":"https:\/\/www.europesays.com\/fr\/wp-json\/wp\/v2\/comments?post=331854"}],"version-history":[{"count":0,"href":"https:\/\/www.europesays.com\/fr\/wp-json\/wp\/v2\/posts\/331854\/revisions"}],"wp:featuredmedia":[{"embeddable":true,"href":"https:\/\/www.europesays.com\/fr\/wp-json\/wp\/v2\/media\/331855"}],"wp:attachment":[{"href":"https:\/\/www.europesays.com\/fr\/wp-json\/wp\/v2\/media?parent=331854"}],"wp:term":[{"taxonomy":"category","embeddable":true,"href":"https:\/\/www.europesays.com\/fr\/wp-json\/wp\/v2\/categories?post=331854"},{"taxonomy":"post_tag","embeddable":true,"href":"https:\/\/www.europesays.com\/fr\/wp-json\/wp\/v2\/tags?post=331854"}],"curies":[{"name":"wp","href":"https:\/\/api.w.org\/{rel}","templated":true}]}}