{"id":331856,"date":"2025-08-20T15:29:15","date_gmt":"2025-08-20T15:29:15","guid":{"rendered":"https:\/\/www.europesays.com\/fr\/331856\/"},"modified":"2025-08-20T15:29:15","modified_gmt":"2025-08-20T15:29:15","slug":"nutribullet-x-mclaren-f1-team","status":"publish","type":"post","link":"https:\/\/www.europesays.com\/fr\/331856\/","title":{"rendered":"Nutribullet x McLaren F1 Team"},"content":{"rendered":"<p>Commen\u00e7ons par dire qu&rsquo;il n&rsquo;y a pas de lien imm\u00e9diat ou instinctif entre une entreprise qui fabrique des mixeurs pour des smoothies sains et une \u00e9quipe de Formule 1 de comp\u00e9tition. Oui, tu peux vraiment creuser dans le mat\u00e9riel de presse, et il est dit que les deux \u00ab\u00a0combinent puissance et pr\u00e9cision\u00a0\u00bb, mais la v\u00e9rit\u00e9 est que ce lien est un peu tir\u00e9 par les cheveux.<\/p>\n<p>Cependant, malgr\u00e9 le discours marketing \u00e9vident, nous nous en fichons un peu, car tout comme pour les mod\u00e8les McLaren de OnePlus, la marque orange de l&rsquo;\u00e9curie de course ajoute presque toujours une touche de flair aux produits de ses partenaires, et ce n&rsquo;est pas une exception.<\/p>\n<p>Il y a trois produits \u00ab\u00a0Nutribullet x McLaren Team\u00a0\u00bb dans cette gamme : Portable, Pro 900, et Ultra. Les deux derniers sont des produits traditionnels Nutribullet, bien que l\u00e9g\u00e8rement am\u00e9lior\u00e9s et avec le langage de conception plut\u00f4t attrayant de McLaren comme emballage, et Portable est en fait&#8230; bien, portable dans le sens o\u00f9 le mixeur lui-m\u00eame fonctionne sur batterie, de sorte que tu peux le charger avec des ingr\u00e9dients et les mixer au travail pour un r\u00e9sultat final frais.<\/p>\n<p><img loading=\"lazy\" decoding=\"async\" id=\"img-1898043-4629463\" data-fullsize=\"\/media\/94\/nutribulletxmclaren_4629463b.jpg\" data-lazy=\"\" src=\"https:\/\/www.europesays.com\/fr\/wp-content\/uploads\/2025\/08\/nutribulletxmclaren_4629463_650x.jpg\" width=\"650\" onclick=\"if (!window.__cfRLUnblockHandlers) return false; gallery_openmodal('1898043','4629463',false,'296806f2f3f138794fccf685d8d691b9');\" height=\"347\" alt=\"Nutribullet x McLaren F1 Team\" class=\"rwd_col_content lazy\" data-cf-modified-a3beb0e00c4996d4445f0426-=\"\"\/><\/p>\n<p>Quoi qu&rsquo;il en soit, tu obtiens la belle couleur \u00ab\u00a0McLaren Papaya\u00a0\u00bb, un mat\u00e9riau \u00e9tonnamment durable et la fonctionnalit\u00e9 bien connue de Nutribullet qui est devenue l&rsquo;\u00e9pine dorsale de tant d&rsquo;appareils \u00e0 travers le monde. Et oui, il existe bien s\u00fbr des blenders relativement peu encombrants qui peuvent faire la m\u00eame chose, mais encore une fois, il faut juste accepter que certains produits, ou m\u00eame certains fabricants, sont pr\u00e9f\u00e9r\u00e9s pour une raison, et quand on prend un de ces blenders McLaren Nutribullet, on comprend pourquoi.<\/p>\n<p>Ceci est une annonce:<\/p>\n<p>Cependant, \u00e0 bien des \u00e9gards, c&rsquo;est un produit assez simple \u00e0 d\u00e9crire, car il s&rsquo;agit en fait simplement d&rsquo;un mixeur avec un r\u00e9cipient que tu peux visser et qui fonctionne en m\u00eame temps comme une tasse \u00e0 boire portable. L&rsquo;id\u00e9e est que tu pr\u00e9pares ton repas directement dans ton Nutribullet x McLaren F1 Team, et que tu as alors tout ce dont tu as besoin dans cette seule machine. Cela limite son utilisation, pourrait-on dire, mais d&rsquo;un autre c\u00f4t\u00e9, cela \u00e9limine aussi la corv\u00e9e de racler le smoothie de ton mixeur existant dans un gobelet quelconque, car ici, tout est dans un seul et m\u00eame appareil.<\/p>\n<p><img loading=\"lazy\" decoding=\"async\" id=\"img-1898043-4629473\" data-fullsize=\"\/media\/94\/nutribulletxmclaren_4629473b.jpg\" data-lazy=\"\" src=\"https:\/\/www.europesays.com\/fr\/wp-content\/uploads\/2025\/08\/nutribulletxmclaren_4629473_650x.jpg\" width=\"650\" onclick=\"if (!window.__cfRLUnblockHandlers) return false; gallery_openmodal('1898043','4629473',false,'296806f2f3f138794fccf685d8d691b9');\" height=\"483\" alt=\"Nutribullet x McLaren F1 Team\" class=\"rwd_col_content lazy\" data-cf-modified-a3beb0e00c4996d4445f0426-=\"\"\/><\/p>\n<p>Si nous nous en tenons au mod\u00e8le Ultra, il est \u00e9quip\u00e9 d&rsquo;un moteur de 1200 watts, ce qui en soi n&rsquo;est pas innovant &#8211; tu peux te procurer un mixeur Tauros de 1800 watts pour la moiti\u00e9 de ce que Nutribullet demande ici, mais tu obtiens une lame rev\u00eatue de titane et des gobelets assortis en Tritan Renew avec l&rsquo;option de Nutribullet. Mesur\u00e9 uniquement sur la puissance, c&rsquo;est un peu d\u00e9cevant, mais en fait c&rsquo;est un peu comme mesurer les voitures familiales uniquement sur les chevaux-vapeur ; c&rsquo;est un facteur, bien s\u00fbr, mais ce n&rsquo;est pas la seule fa\u00e7on de mesurer la qualit\u00e9 ou la performance. Ce qui est important, c&rsquo;est que je n&rsquo;ai jamais rencontr\u00e9 de probl\u00e8me avec la fonction de mixage elle-m\u00eame lorsque j&rsquo;utilisais le Ultra.<\/p>\n<p>Mais ce qui est amusant, c&rsquo;est que je n&rsquo;ai pas non plus rencontr\u00e9 de probl\u00e8mes avec le Pro 900, qui co\u00fbte moins cher et n&rsquo;a pas de lame recouverte de titane. Bien s\u00fbr, tu obtiens des tasses de mixage avec l&rsquo;offre Ultra, ce qui \u00e0 lui seul peut compenser l&rsquo;augmentation du prix, mais il y a des indications que m\u00eame les 900 watts sont suffisants.<\/p>\n<p>Ceci est une annonce:<\/p>\n<p><img loading=\"lazy\" decoding=\"async\" id=\"img-1898043-4629483\" data-fullsize=\"\/media\/94\/nutribulletxmclaren_4629483b.jpg\" data-lazy=\"\" src=\"https:\/\/www.europesays.com\/fr\/wp-content\/uploads\/2025\/08\/nutribulletxmclaren_4629483_650x.jpg\" width=\"650\" onclick=\"if (!window.__cfRLUnblockHandlers) return false; gallery_openmodal('1898043','4629483',false,'296806f2f3f138794fccf685d8d691b9');\" height=\"483\" alt=\"Nutribullet x McLaren F1 Team\" class=\"rwd_col_content lazy\" data-cf-modified-a3beb0e00c4996d4445f0426-=\"\"\/><\/p>\n<p>Portable est d&rsquo;une taille amusante, mais \u00e9tonnamment fonctionnelle. La batterie de 2000mAh est suffisante pour une fois et demie le prix, mais tu la rechargerais probablement apr\u00e8s une seule utilisation, donc elle est certainement suffisante pour mixer une portion compl\u00e8te dans le r\u00e9cipient lui-m\u00eame. La puissance de sortie n&rsquo;est pas sp\u00e9cifi\u00e9e, mais elle semble \u00eatre d&rsquo;environ 600 watts, et il \u00e9tait clair que le moteur lui-m\u00eame avait un peu plus de mal avec certains articles. Cependant, il est abordable \u00e0 50 livres sterling, ce qui semble extr\u00eamement raisonnable.<\/p>\n<p>Dans l&rsquo;ensemble, ce sont des produits solides comme le roc, rendus encore plus agr\u00e9ables par le flair offert par McLaren F1 Team, quelque chose que je ne pensais pas pouvoir dire un jour. Il est difficile de leur donner une note commune, mais en m\u00eame temps, il semble inutile de les examiner individuellement quand le Pro 900 et le Ultra en particulier sont si similaires. Le fait est que ces mixeurs sont attrayants, fonctionnent bien et sont disponibles \u00e0 des prix relativement raisonnables, et cela suffit.<\/p>\n","protected":false},"excerpt":{"rendered":"Commen\u00e7ons par dire qu&rsquo;il n&rsquo;y a pas de lien imm\u00e9diat ou instinctif entre une entreprise qui fabrique des&hellip;\n","protected":false},"author":2,"featured_media":331857,"comment_status":"","ping_status":"","sticky":false,"template":"","format":"standard","meta":{"footnotes":""},"categories":[1412],"tags":[1451,1452,1453,1454,1455,1011,27,60],"class_list":{"0":"post-331856","1":"post","2":"type-post","3":"status-publish","4":"format-standard","5":"has-post-thumbnail","7":"category-f1","8":"tag-f1","9":"tag-formula-1","10":"tag-formula1","11":"tag-formule-1","12":"tag-formule1","13":"tag-fr","14":"tag-france","15":"tag-sports"},"share_on_mastodon":{"url":"https:\/\/pubeurope.com\/@fr\/115061808535725342","error":""},"_links":{"self":[{"href":"https:\/\/www.europesays.com\/fr\/wp-json\/wp\/v2\/posts\/331856","targetHints":{"allow":["GET"]}}],"collection":[{"href":"https:\/\/www.europesays.com\/fr\/wp-json\/wp\/v2\/posts"}],"about":[{"href":"https:\/\/www.europesays.com\/fr\/wp-json\/wp\/v2\/types\/post"}],"author":[{"embeddable":true,"href":"https:\/\/www.europesays.com\/fr\/wp-json\/wp\/v2\/users\/2"}],"replies":[{"embeddable":true,"href":"https:\/\/www.europesays.com\/fr\/wp-json\/wp\/v2\/comments?post=331856"}],"version-history":[{"count":0,"href":"https:\/\/www.europesays.com\/fr\/wp-json\/wp\/v2\/posts\/331856\/revisions"}],"wp:featuredmedia":[{"embeddable":true,"href":"https:\/\/www.europesays.com\/fr\/wp-json\/wp\/v2\/media\/331857"}],"wp:attachment":[{"href":"https:\/\/www.europesays.com\/fr\/wp-json\/wp\/v2\/media?parent=331856"}],"wp:term":[{"taxonomy":"category","embeddable":true,"href":"https:\/\/www.europesays.com\/fr\/wp-json\/wp\/v2\/categories?post=331856"},{"taxonomy":"post_tag","embeddable":true,"href":"https:\/\/www.europesays.com\/fr\/wp-json\/wp\/v2\/tags?post=331856"}],"curies":[{"name":"wp","href":"https:\/\/api.w.org\/{rel}","templated":true}]}}