{"id":331858,"date":"2025-08-20T15:30:19","date_gmt":"2025-08-20T15:30:19","guid":{"rendered":"https:\/\/www.europesays.com\/fr\/331858\/"},"modified":"2025-08-20T15:30:19","modified_gmt":"2025-08-20T15:30:19","slug":"cyclisme-tour-du-limousin-hecatombe-chez-groupama-fdj-deja-3-abandons-en-une-etape","status":"publish","type":"post","link":"https:\/\/www.europesays.com\/fr\/331858\/","title":{"rendered":"Cyclisme. Tour du Limousin &#8211; H\u00e9catombe chez Groupama-FDJ&#8230; d\u00e9j\u00e0 3 abandons en une \u00e9tape !"},"content":{"rendered":"<p>D\u00e9cid\u00e9ment, ce d\u00e9but de <strong><a href=\"https:\/\/www.cyclismactu.net\/..\/news-tour-de-limousin-route-thomas-gachignard-domine-1ere-etape-et-ewen-costiou-89680.html\" target=\"_blank\" rel=\"nofollow noopener\">Tour du Limousin<\/a><\/strong>\u00a0ne va pas\u00a0laisser un souvenir imp\u00e9rissable du c\u00f4t\u00e9 de l&rsquo;\u00e9quipe <strong>Groupama-FDJ<\/strong>&#8230; Si la formation fran\u00e7aise n&rsquo;a pas r\u00e9ussi \u00e0 peser sur le final de la 1\u00e8re \u00e9tape vers\u00a0La Courtine mardi, elle a surtout \u00e9t\u00e9 victime d&rsquo;une sacr\u00e9 malchance avec les chutes successives de <strong>Lorenzo Germani<\/strong> et <strong>Quentin Pacher<\/strong>, deux de ses plus belles cartes pour jouer un beaux r\u00e9sultats. Si le premier a franchi la ligne en avant-derni\u00e8re position \u00e0 plus de 20 minutes du vainqueur, le puncheur fran\u00e7ais a lui \u00e9t\u00e9 contraint directement \u00e0 l&rsquo;abandon&#8230; imit\u00e9 ce mercredi matin par son co\u00e9quipier italien, finalement pas bien remis de sa chute et non-partant. <\/p>\n<p>Vid\u00e9o &#8211; Thomas Gachignard triomphe, la Groupama-FDJ pleure&#8230; Lire la suite de l&rsquo;article&#13;<\/p>\n<p>\u00a0<\/p>\n<p>&#13;<br \/>\nD\u00e9j\u00e0 plus que 4 coureurs pour la suite !&#13;<\/p>\n<p>Mais l&rsquo;h\u00e9catombe ne s&rsquo;est pas arr\u00eat\u00e9e l\u00e0, puisque\u00a0<strong>Eddy Le Huitouze<\/strong>\u00a0n&rsquo;a \u00e9galement pas pris le d\u00e9part, malade. C&rsquo;est donc \u00e0 seulement quatre coureurs apr\u00e8s une journ\u00e9e de course que la\u00a0<strong>Groupama-FDJ <\/strong>va poursuivre sa route, <strong>R\u00e9my Rochas, Lewis Bower, Tom Donnenwirth<\/strong> et <strong>Olivier Le Gac<\/strong> ayant la lourde t\u00e2che d&rsquo;essayer de faire oublier cette journ\u00e9e noire lors des trois prochaines \u00e9tapes. 15e de la 1\u00e8re \u00e9tape,\u00a0<strong>Tom Donnenwirth <\/strong>occupe actuellement la 9e place du g\u00e9n\u00e9ral, \u00e0 22 secondes du vainqueur de la veille<strong> <a href=\"https:\/\/www.cyclismactu.net\/..\/news-tour-du-limousin-route-thomas-gachignard-une-annee-tellement-compliquee-pour-moi-89686.html\" target=\"_blank\" rel=\"nofollow noopener\">Thomas Gachignard<\/a><\/strong> (TotalEnergies).<\/p>\n<p>&#13;<\/p>\n<p>\u00a0<\/p>\n<p>&#13;<br \/>\nLe parcours du Tour du Limousin -P\u00e9rigord -Nouvelle-Aquitaine 2025&#13;<\/p>\n<p><strong>Mardi 19 ao\u00fbt<\/strong>\u00a0&#8211; \u00e9tape 1 :\u00a0Panazol &#8211; La Courtine\u00a0 \/ 184,6 km<\/p>\n<p>&#13;<\/p>\n<p><img decoding=\"async\" src=\"https:\/\/www.europesays.com\/fr\/wp-content\/uploads\/2025\/08\/limousin1.jpg\" style=\"max-width:100%;max-height:100%;\" alt=\"image\" loading=\"lazy\"\/><\/p>\n<p>&#13;<\/p>\n<p>\u00a0<\/p>\n<p>&#13;<\/p>\n<p><strong>Mercredi 20 ao\u00fbt<\/strong>\u00a0&#8211; \u00e9tape 2 : Thiviers &#8211; Gr\u00e8zes Les C\u00f4teaux P\u00e9rigourdins \/ 174,3 km<\/p>\n<p>&#13;<\/p>\n<p><img decoding=\"async\" src=\"https:\/\/www.europesays.com\/fr\/wp-content\/uploads\/2025\/08\/limousin2.jpg\" style=\"max-width:100%;max-height:100%;\" alt=\"image\" loading=\"lazy\"\/><\/p>\n<p>&#13;<\/p>\n<p>\u00a0<\/p>\n<p>&#13;<\/p>\n<p><strong>Jeudi 21 ao\u00fbt<\/strong>\u00a0&#8211; \u00e9tape 3 : Saint-Jal &#8211; Masseret \/ 182 km<\/p>\n<p>&#13;<\/p>\n<p><img decoding=\"async\" src=\"https:\/\/www.europesays.com\/fr\/wp-content\/uploads\/2025\/08\/limousin3.jpg\" style=\"max-width:100%;max-height:100%;\" alt=\"image\" loading=\"lazy\"\/><\/p>\n<p>&#13;<\/p>\n<p>\u00a0<\/p>\n<p>&#13;<\/p>\n<p><strong>Vendredi 22 ao\u00fbt<\/strong>\u00a0&#8211; \u00e9tape 4 : Saint Hilaire Bonneval &#8211; Limoges \/ 164,5 km<\/p>\n<p>&#13;<\/p>\n<p><img decoding=\"async\" src=\"https:\/\/www.europesays.com\/fr\/wp-content\/uploads\/2025\/08\/limousin4.jpg\" style=\"max-width:100%;max-height:100%;\" alt=\"image\" loading=\"lazy\"\/><\/p>\n<p>&#13;<br \/>\nTour du Limousin &#8211; Perigord &#8211; Nouvelle-Aquitaine &#8211; Classement de la 1\u00e8 \u00e9tape Tour du Limousin &#8211; Perigord &#8211; Nouvelle-Aquitaine &#8211; Classement g\u00e9n\u00e9ral provisoire apr\u00e8s la 1\u00e8 \u00e9tape<\/p>\n","protected":false},"excerpt":{"rendered":"D\u00e9cid\u00e9ment, ce d\u00e9but de Tour du Limousin\u00a0ne va pas\u00a0laisser un souvenir imp\u00e9rissable du c\u00f4t\u00e9 de l&rsquo;\u00e9quipe Groupama-FDJ&#8230; Si&hellip;\n","protected":false},"author":2,"featured_media":331859,"comment_status":"","ping_status":"","sticky":false,"template":"","format":"standard","meta":{"footnotes":""},"categories":[1411],"tags":[1154,207,211,1011,27,209,60,210,46909,212,208,213],"class_list":{"0":"post-331858","1":"post","2":"type-post","3":"status-publish","4":"format-standard","5":"has-post-thumbnail","7":"category-cyclisme","8":"tag-cycling","9":"tag-cyclisme","10":"tag-ffc","11":"tag-fr","12":"tag-france","13":"tag-route","14":"tag-sports","15":"tag-tour-de-france","16":"tag-tour-du-limousin","17":"tag-uci","18":"tag-velo","19":"tag-world-tour"},"share_on_mastodon":{"url":"https:\/\/pubeurope.com\/@fr\/115061812605971701","error":""},"_links":{"self":[{"href":"https:\/\/www.europesays.com\/fr\/wp-json\/wp\/v2\/posts\/331858","targetHints":{"allow":["GET"]}}],"collection":[{"href":"https:\/\/www.europesays.com\/fr\/wp-json\/wp\/v2\/posts"}],"about":[{"href":"https:\/\/www.europesays.com\/fr\/wp-json\/wp\/v2\/types\/post"}],"author":[{"embeddable":true,"href":"https:\/\/www.europesays.com\/fr\/wp-json\/wp\/v2\/users\/2"}],"replies":[{"embeddable":true,"href":"https:\/\/www.europesays.com\/fr\/wp-json\/wp\/v2\/comments?post=331858"}],"version-history":[{"count":0,"href":"https:\/\/www.europesays.com\/fr\/wp-json\/wp\/v2\/posts\/331858\/revisions"}],"wp:featuredmedia":[{"embeddable":true,"href":"https:\/\/www.europesays.com\/fr\/wp-json\/wp\/v2\/media\/331859"}],"wp:attachment":[{"href":"https:\/\/www.europesays.com\/fr\/wp-json\/wp\/v2\/media?parent=331858"}],"wp:term":[{"taxonomy":"category","embeddable":true,"href":"https:\/\/www.europesays.com\/fr\/wp-json\/wp\/v2\/categories?post=331858"},{"taxonomy":"post_tag","embeddable":true,"href":"https:\/\/www.europesays.com\/fr\/wp-json\/wp\/v2\/tags?post=331858"}],"curies":[{"name":"wp","href":"https:\/\/api.w.org\/{rel}","templated":true}]}}