{"id":331860,"date":"2025-08-20T15:31:10","date_gmt":"2025-08-20T15:31:10","guid":{"rendered":"https:\/\/www.europesays.com\/fr\/331860\/"},"modified":"2025-08-20T15:31:10","modified_gmt":"2025-08-20T15:31:10","slug":"kolo-muani-dans-lattente-de-son-transfert-a-la-juve","status":"publish","type":"post","link":"https:\/\/www.europesays.com\/fr\/331860\/","title":{"rendered":"Kolo Muani dans l&rsquo;attente de son transfert \u00e0 la Juve"},"content":{"rendered":"<p><img width=\"780\" height=\"470\" src=\"https:\/\/www.europesays.com\/fr\/wp-content\/uploads\/2025\/08\/randal-kolo-muani-napoli-v-juventus-serie-a-2025-780x470.jpg\" class=\"attachment-jannah-image-post size-jannah-image-post wp-post-image\" alt=\"Randal Kolo Muani\" is_main_img=\"1\" decoding=\"async\" fetchpriority=\"high\"\/><\/p>\n<p>Invit\u00e9 \u00e0 quitter le PSG cet \u00e9t\u00e9, Randal Kolo Muani est<br \/>\ntoujours dans l\u2019attente d\u2019une arriv\u00e9e \u00e0 la Juventus Turin, qui doit<br \/>\nd\u2019abord boucler un d\u00e9part.<\/p>\n<p>Pas dans les plans de <strong>Luis Enrique<\/strong>,<br \/>\n<strong><a href=\"https:\/\/canal-supporters.com\/mercato-sans-langue-de-bois-randal-kolo-muani-donne-sa-preference-pour-son-avenir\" title=\"\" target=\"_blank\" rel=\"noopener\">Randal Kolo Muani<\/a><\/strong> a retrouv\u00e9 des couleurs<br \/>\nlors de son pr\u00eat de six mois \u00e0 la <strong>Juventus Turin<\/strong><br \/>\ndurant la seconde partie de la saison 2024-2025 (10 buts et 3<br \/>\npasses d\u00e9cisives en 22 matches). Malgr\u00e9 des int\u00e9r\u00eats de clubs de<br \/>\n<strong>Premier League<\/strong>, l\u2019international fran\u00e7ais avait<br \/>\npour seul objectif de poursuivre sa carri\u00e8re chez la Vieille<br \/>\nDame.<\/p>\n<p>La Juve veut<br \/>\nd\u2019abord finaliser le d\u00e9part de Douglas Luiz<\/p>\n<p>Si tout est quasi boucl\u00e9 entre les deux formations, qui<br \/>\ntravaillent sur un pr\u00eat payant de 10M\u20ac assortie d\u2019une obligation<br \/>\nd\u2019achat de 35-40\u20acM li\u00e9e \u00e0 certaines conditions facilement<br \/>\natteignables, <strong>Randal Kolo Muani<\/strong> doit encore se<br \/>\nmontrer patient avant d\u2019arriver dans le Pi\u00e9mont. En effet, comme le<br \/>\nrapporte la <strong><a href=\"https:\/\/www.gazzetta.it\/Calcio\/Serie-A\/Juventus\/20-08-2025\/juve-kolo-muani-la-svolta-douglas-luiz-al-nottingham-lo-sblocca.shtml?refresh_ce\" target=\"_blank\" rel=\"noopener\" title=\"\">Gazzetta dello<br \/>\nSport<\/a><\/strong>, l\u2019avenir du Fran\u00e7ais est li\u00e9 \u00e0 celui de<br \/>\n<strong>Douglas Luiz<\/strong>. Avant de valider le dossier<br \/>\n<strong>Randal Kolo Muani<\/strong>, la <strong>Juve<\/strong> veut<br \/>\nfinaliser le d\u00e9part du milieu br\u00e9silien \u00e0 <strong>Nottingham<br \/>\nForrest<\/strong>, qui se fera sous la forme d\u2019un pr\u00eat avec<br \/>\nobligation d\u2019achat. \u00ab\u00a0Un accord a \u00e9t\u00e9 trouv\u00e9 avec le club<br \/>\nanglais sur la formule mais il manque encore celui sur le montant,<br \/>\nque le joueur et la <strong>Juventus<\/strong> (et par ricochet<br \/>\n<strong>Kolo<\/strong>) esp\u00e8rent voir se concr\u00e9tiser rapidement,<br \/>\nafin de mettre un terme \u00e0 la double saga du mercato<br \/>\nbianconero.\u00a0\u00bb<\/p>\n<p>Le directeur g\u00e9n\u00e9ral de<br \/>\nla\u00a0<strong>Juve<\/strong>,\u00a0<strong><a href=\"https:\/\/canal-supporters.com\/mercato-le-souhait-de-randal-kolo-muani-confirme-par-le-dg-de-la-juventus-turin\" title=\"\" target=\"_blank\" rel=\"noopener\">Damien Comolli<\/a><\/strong>, esp\u00e8re en tirer 40M\u20ac pour<br \/>\n\u00e9viter une moins-value (<strong>Douglas Luiz<\/strong> a \u00e9t\u00e9 recrut\u00e9<br \/>\ncontre 50M\u20ac \u00e0 l\u2019\u00e9t\u00e9 2024). Ainsi, les discussions se poursuivent<br \/>\navec la formation anglaise. De son c\u00f4t\u00e9, <strong>Randal Kolo<br \/>\nMuani<\/strong> a d\u00e9j\u00e0 trouv\u00e9 un accord avec le club du<br \/>\n<strong>Pi\u00e9mont<\/strong> pour un contrat de cinq ans. La<br \/>\n<strong>Juve<\/strong> esp\u00e8re r\u00e9cup\u00e9rer l\u2019attaquant parisien avant<br \/>\nle d\u00e9but du championnat ce week-end (dimanche soir contre<br \/>\n<strong>Parme<\/strong>).<\/p>\n<p>De son c\u00f4t\u00e9, <strong>Fabrizio Romano<\/strong> rapporte que le<br \/>\nnum\u00e9ro 23 du <strong>PSG<\/strong> reste calme concernant son<br \/>\navenir, lui qui est attendu \u00e0 la <strong>Juventus<\/strong> avant la<br \/>\nfin du mercato estival. L\u2019international fran\u00e7ais ne n\u00e9gocie avec<br \/>\naucune autre formation et attend patiemment que le club italien<br \/>\nfinalise ses d\u00e9parts.<\/p>\n<\/p>\n<p>Youtube :<br \/>\n<strong><a href=\"https:\/\/www.youtube.com\/@CanalSupportersParis\" target=\"_blank\" rel=\"noopener\" title=\"\">Canal Supporters<br \/>\nParis<\/a><\/strong><\/p>\n","protected":false},"excerpt":{"rendered":"Invit\u00e9 \u00e0 quitter le PSG cet \u00e9t\u00e9, Randal Kolo Muani est toujours dans l\u2019attente d\u2019une arriv\u00e9e \u00e0 la&hellip;\n","protected":false},"author":2,"featured_media":331861,"comment_status":"","ping_status":"","sticky":false,"template":"","format":"standard","meta":{"footnotes":""},"categories":[1410],"tags":[46910,63,1011,27,7155,46911,1434,1435,46912,91,92,93,7157,60,96],"class_list":{"0":"post-331860","1":"post","2":"type-post","3":"status-publish","4":"format-standard","5":"has-post-thumbnail","7":"category-football","8":"tag-douglas-luiz","9":"tag-football","10":"tag-fr","11":"tag-france","12":"tag-kolo-muani","13":"tag-kolo-muani-psg","14":"tag-mercato","15":"tag-mercato-psg","16":"tag-nottingham-forrest","17":"tag-paris-saint-germain","18":"tag-paris-sg","19":"tag-psg","20":"tag-randal-kolo-muani","21":"tag-sports","22":"tag-une"},"share_on_mastodon":{"url":"https:\/\/pubeurope.com\/@fr\/115061816783575144","error":""},"_links":{"self":[{"href":"https:\/\/www.europesays.com\/fr\/wp-json\/wp\/v2\/posts\/331860","targetHints":{"allow":["GET"]}}],"collection":[{"href":"https:\/\/www.europesays.com\/fr\/wp-json\/wp\/v2\/posts"}],"about":[{"href":"https:\/\/www.europesays.com\/fr\/wp-json\/wp\/v2\/types\/post"}],"author":[{"embeddable":true,"href":"https:\/\/www.europesays.com\/fr\/wp-json\/wp\/v2\/users\/2"}],"replies":[{"embeddable":true,"href":"https:\/\/www.europesays.com\/fr\/wp-json\/wp\/v2\/comments?post=331860"}],"version-history":[{"count":0,"href":"https:\/\/www.europesays.com\/fr\/wp-json\/wp\/v2\/posts\/331860\/revisions"}],"wp:featuredmedia":[{"embeddable":true,"href":"https:\/\/www.europesays.com\/fr\/wp-json\/wp\/v2\/media\/331861"}],"wp:attachment":[{"href":"https:\/\/www.europesays.com\/fr\/wp-json\/wp\/v2\/media?parent=331860"}],"wp:term":[{"taxonomy":"category","embeddable":true,"href":"https:\/\/www.europesays.com\/fr\/wp-json\/wp\/v2\/categories?post=331860"},{"taxonomy":"post_tag","embeddable":true,"href":"https:\/\/www.europesays.com\/fr\/wp-json\/wp\/v2\/tags?post=331860"}],"curies":[{"name":"wp","href":"https:\/\/api.w.org\/{rel}","templated":true}]}}