{"id":331862,"date":"2025-08-20T15:32:14","date_gmt":"2025-08-20T15:32:14","guid":{"rendered":"https:\/\/www.europesays.com\/fr\/331862\/"},"modified":"2025-08-20T15:32:14","modified_gmt":"2025-08-20T15:32:14","slug":"ou-trouver-les-membres-des-familles-royales-lete-voici-leurs-meilleures-adresses-de-2025","status":"publish","type":"post","link":"https:\/\/www.europesays.com\/fr\/331862\/","title":{"rendered":"O\u00f9 trouver les membres des familles royales l\u2019\u00e9t\u00e9 ? Voici leurs meilleures adresses de 2025"},"content":{"rendered":"<p>Routiniers ou aventuriers, les membres des familles royales croquent \u00e0 pleines dents <a target=\"_blank\" href=\"https:\/\/www.pointdevue.fr\/royal\/espagne\/en-images-felipe-et-letizia-despagne-a-palma-le-temps-des-vacances\" rel=\"nofollow noopener\">leurs vacances d\u2019\u00e9t\u00e9<\/a>. Un moment de d\u00e9contraction o\u00f9 ils peuvent troquer leurs tenues officielles pour des maillots de bain, et quel bonheur d&rsquo;abandonner les escarpins le temps de quelques jours\u2026 Si certains se rendent dans <a target=\"_blank\" href=\"https:\/\/www.pointdevue.fr\/royal\/couronnes-du-monde\/en-images-les-residences-dete-des-tetes-couronnees\" rel=\"nofollow noopener\">leur r\u00e9sidence estivale comme \u00e0 l\u2019accoutum\u00e9e<\/a>, d\u2019autres d\u00e9couvrent de nouveaux endroits et, par la m\u00eame occasion, des adresses attrayantes.<strong> D\u2019une galerie d\u2019art \u00e0 un bar du coin en passant par un \u00e9tablissement de luxe, chacun suit son programme<\/strong>. Et si vous souhaitez vous en inspirer, voici les endroits qu\u2019ils ont visit\u00e9s cet \u00e9t\u00e9. Sortez les carnets !\u00a0<\/p>\n<p><img decoding=\"async\" src=\"https:\/\/www.europesays.com\/fr\/wp-content\/uploads\/2025\/08\/Capture_d\u2019\u00e9cran_2025-08-20_115117nxs3hqbM4i.jpg\" alt=\"Les princesses Maria Chiara et Maria Carolina de Bourbon-Siciles avec la princesse Louise, le prince Nicolas et le prince Aymeric de Belgique, le 4 ao\u00fbt 2025.\"\/><strong>Les princesses Maria Chiara et Maria Carolina de Bourbon-Siciles avec la princesse Louise, le prince Nicolas et le prince Aymeric de Belgique, le 4 ao\u00fbt 2025.<\/strong> \u00a9 Capture d&rsquo;\u00e9cran Instagram\/ @chiaradebourbonLe Club 55 pour les princesses Bourbon-Siciles mais pas que&#8230;<\/p>\n<p>Au d\u00e9but du mois d\u2019ao\u00fbt, les s\u0153urs <a target=\"_blank\" href=\"https:\/\/www.pointdevue.fr\/grand-angle\/biographies\/maria-chiara-de-bourbon-des-deux-siciles\" rel=\"nofollow noopener\">Maria Chiara<\/a> et <a target=\"_blank\" href=\"https:\/\/www.pointdevue.fr\/grand-angle\/biographies\/maria-carolina-de-bourbon-des-deux-siciles\" rel=\"nofollow noopener\">Maria Carolina<\/a> de Bourbon-Siciles et leurs parents ont \u00e9t\u00e9 aper\u00e7us non loin de Saint-Tropez avec les enfants de <a target=\"_blank\" href=\"https:\/\/www.pointdevue.fr\/grand-angle\/biographies\/laurent-de-belgique\" rel=\"nofollow noopener\">Laurent de Belgique<\/a>. La princesse <a target=\"_blank\" href=\"https:\/\/www.pointdevue.fr\/grand-angle\/biographies\/louise-de-belgique\" rel=\"nofollow noopener\">Louise<\/a>, ainsi que ses fr\u00e8res les princes <a target=\"_blank\" href=\"https:\/\/www.pointdevue.fr\/grand-angle\/biographies\/nicolas-de-belgique\" rel=\"nofollow noopener\">Nicolas<\/a> et <a target=\"_blank\" href=\"https:\/\/www.pointdevue.fr\/grand-angle\/biographies\/aymeric-de-belgique\" rel=\"nofollow noopener\">Aymeric<\/a>, se sont retrouv\u00e9s au Club 55 <a target=\"_blank\" href=\"https:\/\/www.pointdevue.fr\/royal\/belgique\/a-saint-tropez-les-princesses-de-bourbon-siciles-retrouvent-les-enfants-du-prince-laurent-de-belgique\" rel=\"nofollow noopener\">pour un d\u00e9jeuner \u00ab\u00a0en famille\u00a0\u00bb<\/a>. Ce lieu tr\u00e8s pris\u00e9 situ\u00e9 \u00e0 Ramatuelle existe depuis 1955 et a pour devise : \u00ab\u00a0Ici le client n\u2019est pas le roi\u2026 parce qu\u2019il est un ami.\u00a0\u00bb Et le 19 ao\u00fbt, c\u2019est <a target=\"_blank\" href=\"https:\/\/www.pointdevue.fr\/royal\/royaume-uni\/entre-terre-et-mer-kitty-spencer-avec-sa-fille-et-son-epoux-dans-les-hamptons\" rel=\"nofollow noopener\">Kitty Spencer et son \u00e9poux, Michael Lewis<\/a>, qui ont \u00e9t\u00e9 aper\u00e7us aux abords de l\u2019\u00e9tablissement\u2026 C\u00e9l\u00e9brit\u00e9s et membres de la royaut\u00e9 se croisent les pieds dans le sable de la plage de Pampelonne. Un cadre idyllique.<\/p>\n<p>Du design pour la princesse Alexandra de Hanovre<\/p>\n<p>Apr\u00e8s avoir <a target=\"_blank\" href=\"https:\/\/www.pointdevue.fr\/royal\/monaco\/alexandra-de-hanovre-profite-des-vacances-avec-son-petit-ami-ben-sylvester-strautmann\" rel=\"nofollow noopener\">pass\u00e9 des vacances au large<\/a>, la fille de <a target=\"_blank\" href=\"https:\/\/www.pointdevue.fr\/grand-angle\/biographies\/caroline-de-monaco\" rel=\"nofollow noopener\">Caroline de Hanovre<\/a> est de retour sur terre, \u00e0 Monaco. Et la jeune femme en a profit\u00e9 pour faire un arr\u00eat \u00e0 la galerie Boketto qui a retenu toute son attention. Le concept ? Un lieu \u00ab\u00a0d\u00e9di\u00e9 au design du XX\u1d49 si\u00e8cle\u201d et qui s\u2019inspire de \u201cla signification japonaise de \u00ab\u00a0Boketto\u00a0\u00bb \u2013 l\u2019art de contempler sans pens\u00e9e pr\u00e9cise \u2013 et met en sc\u00e8ne une s\u00e9lection \u00e9clectique de mobilier vintage.\u00a0\u00bb <a target=\"_blank\" href=\"https:\/\/www.pointdevue.fr\/grand-angle\/biographies\/alexandra-de-hanovre\" rel=\"nofollow noopener\">Alexandra de Hanovre<\/a> n\u2019est pas la seule \u00e0 avoir appr\u00e9ci\u00e9 la visite, <strong>son chien Elouise \u00e9tait aussi de la partie et prend la pose sur le compte Instagram de la galerie.<\/strong><\/p>\n<p>Le roi Philippe de Belgique mise sur la simplicit\u00e9 \u00e0 l\u2019\u00eele d\u2019Yeu<\/p>\n<p>C\u2019est un moment de d\u00e9tente et d\u2019anonymat pour le <a target=\"_blank\" href=\"https:\/\/www.pointdevue.fr\/grand-angle\/biographies\/philippe-de-belgique\" rel=\"nofollow noopener\">roi Philippe<\/a> et la <a target=\"_blank\" href=\"https:\/\/www.pointdevue.fr\/grand-angle\/biographies\/mathilde-de-belgique\" rel=\"nofollow noopener\">reine Mathilde<\/a>. Leur <a target=\"_blank\" href=\"https:\/\/www.pointdevue.fr\/royal\/belgique\/philippe-de-belgique-un-vacancier-presque-comme-les-autres-sur-lile-dyeu\" rel=\"nofollow noopener\">amour pour l\u2019\u00eele d\u2019Yeu n\u2019est pas nouveau<\/a> mais une enqu\u00eate r\u00e9cente de Het Laatste Nieuws a permis de d\u00e9voiler leurs adresses pr\u00e9f\u00e9r\u00e9es. <strong>Et dans la liste, ce bar nomm\u00e9 \u00c0 l\u2019abri des coups de mer, un \u00e9tablissement authentique et embl\u00e9matique o\u00f9 locaux et touristes se c\u00f4toient dans la plus grande simplicit\u00e9.<\/strong> La d\u00e9coration est emplie de charme et transporte les clients dans l&rsquo;univers de la p\u00eache. De quoi faire oublier \u00e0 Philippe et Mathilde leur Belgique ador\u00e9e mais seulement le temps d\u2019un caf\u00e9\u2026\u00a0<\/p>\n<p><img decoding=\"async\" src=\"https:\/\/www.europesays.com\/fr\/wp-content\/uploads\/2025\/08\/Capture_d\u2019\u00e9cran_2025-08-20_120400rHm0yBLg4F.jpg\" alt=\"Louis et Marie Ducruet avec leurs filles devant le ch\u00e2teau de Disneyland Tokyo.\"\/><strong>Louis et Marie Ducruet avec leurs filles devant le ch\u00e2teau de Disneyland Tokyo.<\/strong> \u00a9 Capture d&rsquo;\u00e9cran Instagram\/@marieducruetLouis et Marie Ducruet entre grand frisson et \u00e9merveillement<\/p>\n<p>Les jeunes parents ont mis\u00e9 sur le Japon cet \u00e9t\u00e9 2025 pour leur voyage en famille <a target=\"_blank\" href=\"https:\/\/www.pointdevue.fr\/royal\/monaco\/louis-et-marie-ducruet-nous-presentent-leur-fille-victoire\" rel=\"nofollow noopener\">avec leurs filles Victoire et Constance<\/a>. Sur les photos publi\u00e9es par <a target=\"_blank\" href=\"https:\/\/www.pointdevue.fr\/grand-angle\/biographies\/marie-ducruet\" rel=\"nofollow noopener\">Marie Ducruet<\/a>, <strong>une activit\u00e9 se d\u00e9marque : Disneyland Tokyo<\/strong>. Leurs deux enfants avec eux, <a target=\"_blank\" href=\"https:\/\/www.pointdevue.fr\/grand-angle\/biographies\/louis-ducruet\" rel=\"nofollow noopener\">Louis<\/a> et Marie en ont pris plein les yeux et sont m\u00eame repartis avec un souvenir\u2026 Des Crocs \u00e0 l\u2019effigie du parc d&rsquo;attractions pour leurs filles !\u00a0<\/p>\n<p>Le nouveau restaurant pr\u00e9f\u00e9r\u00e9 de Meghan\u00a0<\/p>\n<p><a target=\"_blank\" href=\"https:\/\/www.pointdevue.fr\/royal\/royaume-uni\/44-anecdotes-pour-les-44-ans-de-meghan\" rel=\"nofollow noopener\">Elle c\u00e9l\u00e9brait ses 44 ans le 4 ao\u00fbt dernier<\/a> et en a profit\u00e9 pour s\u2019offrir une sortie dans un tr\u00e8s bon restaurant. <strong>C\u2019est Funke \u00e0 Beverly Hills qui a retenu toute son attention et qui a obtenu sa validation !<\/strong> Dans son post Instagram, <a target=\"_blank\" href=\"https:\/\/www.pointdevue.fr\/royal\/royaume-uni\/lieu-exceptionnel-et-messages-de-ses-amies-meghan-a-dignement-fete-ses-44-ans\" rel=\"nofollow noopener\">elle remercie le chef Evan Funke<\/a> pour un repas qui rentre dans le \u201ctop 5\u201d des meilleurs de sa vie. Le chef sicilien ma\u00eetrise l\u2019art de la p\u00e2te avec brio et <a target=\"_blank\" href=\"https:\/\/www.pointdevue.fr\/grand-angle\/biographies\/meghan-markle\" rel=\"nofollow noopener\">Meghan<\/a> l\u2019art de l\u2019influence\u2026 Dans les commentaires, les fans de la duchesse de Sussex se pressent pour obtenir une pr\u00e9cieuse r\u00e9servation dans cet \u00e9tablissement luxueux.\u00a0<\/p>\n<p><img decoding=\"async\" src=\"https:\/\/www.europesays.com\/fr\/wp-content\/uploads\/2025\/08\/Capture_d\u2019\u00e9cran_2025-08-20_120556EI45wCYIB9.jpg\" alt=\"Les jumelles Eliza et Amelia Spencer \u00e0 Santorin, en ao\u00fbt 2025.\"\/><strong>Les jumelles Eliza et Amelia Spencer \u00e0 Santorin, en ao\u00fbt 2025.<\/strong> \u00a9 Capture d&rsquo;\u00e9cran Instagram\/@elizavspencerEliza et Amelia Spencer \u00e0 Santorin<\/p>\n<p>Ce n\u2019\u00e9tait pas seulement un voyage mais aussi le lieu d\u2019une <a target=\"_blank\" href=\"https:\/\/www.pointdevue.fr\/royal\/royaume-uni\/lady-eliza-spencer-la-niece-de-diana-en-route-vers-le-mariage\" rel=\"nofollow noopener\">demande en mariage pour Eliza Spencer<\/a> qui est d\u00e9sormais fianc\u00e9e \u00e0 Channing Millerd. Toujours accompagn\u00e9e de sa jumelle <a target=\"_blank\" href=\"https:\/\/www.pointdevue.fr\/grand-angle\/biographies\/amelia-spencer\" rel=\"nofollow noopener\">Amelia Spencer<\/a> et de son mari Greg Mallet, le quatuor a s\u00e9journ\u00e9 dans un \u00e9tablissement luxueux. <strong>Le Grace Hotel, Auberge Resorts Collection qui offre un panorama parfait pour profiter d\u2019un coucher de soleil \u00e0 couper le souffle\u2026<\/strong> Le lieu parfait pour une demande en mariage des plus romantiques !\u00a0<\/p>\n<p>Cahors a gagn\u00e9 le c\u0153ur de Margrethe de Danemark<\/p>\n<p>C\u2019est une habitu\u00e9e des lieux, <strong>la <\/strong><a target=\"_blank\" href=\"https:\/\/www.pointdevue.fr\/grand-angle\/biographies\/reine-margrethe\" rel=\"nofollow noopener\"><strong>reine Margrethe<\/strong><\/a><strong> de Danemark est souvent aper\u00e7ue dans les all\u00e9es du march\u00e9 de Cahors.<\/strong> Presque incognito. Et si cette ann\u00e9e elle n\u2019y a pas (encore?) \u00e9t\u00e9 vue, en 2024 et en 2023, <a target=\"_blank\" href=\"https:\/\/www.pointdevue.fr\/royal\/danemark\/presque-incognito-margrethe-de-danemark-fait-son-marche-a-cahors\" rel=\"nofollow noopener\">des photos de Margrethe faisant son march\u00e9<\/a> avaient circul\u00e9. Concernant sa demeure ? La famille royale danoise loge au <a target=\"_blank\" href=\"https:\/\/www.pointdevue.fr\/royal\/danemark\/le-prince-henrik-dans-son-chateau-de-cayx\" rel=\"nofollow noopener\">ch\u00e2teau de Cayx<\/a> pendant leur s\u00e9jour dans le sud de la France.<\/p>\n<p>Culture et couleur pour Elo\u00efse d\u2019Orange-Nassau<\/p>\n<p>Apr\u00e8s un passage \u00e0 la Fashion Week haute couture de Paris, la comtesse <a target=\"_blank\" href=\"https:\/\/www.pointdevue.fr\/grand-angle\/biographies\/eloise-dorange-nassau\" rel=\"nofollow noopener\">Elo\u00efse d\u2019Orange-Nassau<\/a> a profit\u00e9 de son s\u00e9jour pour d\u00e9couvrir une exposition. <strong>Sur son compte Instagram, elle a d\u00e9voil\u00e9 des images de la <\/strong><a target=\"_blank\" href=\"https:\/\/www.pointdevue.fr\/society\/soirees\/la-fondation-louis-vuitton-a-lheure-de-la-coree\" rel=\"nofollow noopener\"><strong>Fondation Louis Vuitton<\/strong><\/a><strong> qui accueille en ce moment les \u0153uvres de David Hockney\u2026<\/strong> Une parenth\u00e8se color\u00e9e r\u00e9unit 400 \u0153uvres de l\u2019artiste, une premi\u00e8re de cette ampleur. Et il ne vous reste que quelques jours pour la d\u00e9couvrir, elle ferme ses portes le 1er septembre !<\/p>\n<p>March\u00e9, restaurant, bar, \u00e9tablissement de luxe, parc d&rsquo;attractions ou exposition culturelle, il y en a pour tous les go\u00fbts\u2026 Et aux quatre coins du globe.\u00a0<\/p>\n<p><strong>Lire aussi &gt;&gt; <\/strong><a target=\"_blank\" href=\"https:\/\/www.pointdevue.fr\/royal\/royaume-uni\/lautriche-newton-abbot-et-la-suisse-les-vacances-au-vert-damelia-windsor\" rel=\"nofollow noopener\">L\u2019Autriche, Newton Abbot et la Suisse : les vacances au vert d\u2019Amelia Windsor<\/a><\/p>\n","protected":false},"excerpt":{"rendered":"Routiniers ou aventuriers, les membres des familles royales croquent \u00e0 pleines dents leurs vacances d\u2019\u00e9t\u00e9. Un moment de&hellip;\n","protected":false},"author":2,"featured_media":331863,"comment_status":"","ping_status":"","sticky":false,"template":"","format":"standard","meta":{"footnotes":""},"categories":[1359],"tags":[58,59,1011,27,973],"class_list":{"0":"post-331862","1":"post","2":"type-post","3":"status-publish","4":"format-standard","5":"has-post-thumbnail","7":"category-people","8":"tag-divertissement","9":"tag-entertainment","10":"tag-fr","11":"tag-france","12":"tag-people"},"share_on_mastodon":{"url":"https:\/\/pubeurope.com\/@fr\/115061820329124514","error":""},"_links":{"self":[{"href":"https:\/\/www.europesays.com\/fr\/wp-json\/wp\/v2\/posts\/331862","targetHints":{"allow":["GET"]}}],"collection":[{"href":"https:\/\/www.europesays.com\/fr\/wp-json\/wp\/v2\/posts"}],"about":[{"href":"https:\/\/www.europesays.com\/fr\/wp-json\/wp\/v2\/types\/post"}],"author":[{"embeddable":true,"href":"https:\/\/www.europesays.com\/fr\/wp-json\/wp\/v2\/users\/2"}],"replies":[{"embeddable":true,"href":"https:\/\/www.europesays.com\/fr\/wp-json\/wp\/v2\/comments?post=331862"}],"version-history":[{"count":0,"href":"https:\/\/www.europesays.com\/fr\/wp-json\/wp\/v2\/posts\/331862\/revisions"}],"wp:featuredmedia":[{"embeddable":true,"href":"https:\/\/www.europesays.com\/fr\/wp-json\/wp\/v2\/media\/331863"}],"wp:attachment":[{"href":"https:\/\/www.europesays.com\/fr\/wp-json\/wp\/v2\/media?parent=331862"}],"wp:term":[{"taxonomy":"category","embeddable":true,"href":"https:\/\/www.europesays.com\/fr\/wp-json\/wp\/v2\/categories?post=331862"},{"taxonomy":"post_tag","embeddable":true,"href":"https:\/\/www.europesays.com\/fr\/wp-json\/wp\/v2\/tags?post=331862"}],"curies":[{"name":"wp","href":"https:\/\/api.w.org\/{rel}","templated":true}]}}