{"id":331864,"date":"2025-08-20T15:33:10","date_gmt":"2025-08-20T15:33:10","guid":{"rendered":"https:\/\/www.europesays.com\/fr\/331864\/"},"modified":"2025-08-20T15:33:10","modified_gmt":"2025-08-20T15:33:10","slug":"a-douarnenez-andree-louarn-transforme-vos-photos-en-oeuvres-dart","status":"publish","type":"post","link":"https:\/\/www.europesays.com\/fr\/331864\/","title":{"rendered":"\u00c0 Douarnenez, Andr\u00e9e Louarn transforme vos photos en \u0153uvres d\u2019art"},"content":{"rendered":"<p>Andr\u00e9e Louarn, pass\u00e9e par les Beaux-Arts de Rennes et de Nantes avant de devenir d\u00e9coratrice de cin\u00e9ma, se voue dor\u00e9navant enti\u00e8rement \u00e0 sa passion pour les arts plastiques dans son charmant atelier douarneniste, venelle Madezo, o\u00f9 elle accueille les curieux avec enthousiasme et sinc\u00e9rit\u00e9.<\/p>\n<p>L\u2019inspiration autour de son actuel projet, elle l\u2019a trouv\u00e9e \u00e0 partir de photos de sa famille qu\u2019elle a d\u00e9nich\u00e9es. \u00ab\u00a0Ma grand-m\u00e8re tenait le bistro Au lever de l\u2019aurore qui s\u2019appelle maintenant la Moussette\u00a0\u00bb. Madame Le Rouge faisait partie de ces femmes du Rosmeur tr\u00e8s respect\u00e9es \u00e0 l\u2019instar de <a href=\"https:\/\/www.letelegramme.fr\/finistere\/douarnenez-29100\/cest-ma-jeunesse-qui-part-avec-elle-les-douarnenistes-semeuvent-du-deces-de-micheline-hascoet-6737084.php\" title=\"www.letelegramme.fr\" target=\"_blank\" rel=\"noopener\">Micheline Hasco\u00ebt<\/a>, d\u00e9c\u00e9d\u00e9e en d\u00e9but d\u2019ann\u00e9e. \u00ab\u00a0Avant elle, c\u2019\u00e9tait sa belle-m\u00e8re qui tenait le bistro. Je me suis inspir\u00e9e d\u2019une photo des ann\u00e9es 40 pour r\u00e9aliser cette toile\u00a0\u00bb, montre-t-elle fi\u00e8rement. La famille paternelle est aussi repr\u00e9sent\u00e9e, entour\u00e9e de pigeons \u00e0 Li\u00e8ge. \u00ab\u00a0C\u2019est une photo que je connais depuis que je suis gamine et que je trouve tellement dr\u00f4le\u00a0!\u00a0\u00bb.<\/p>\n<p>Reproductions num\u00e9rot\u00e9es de certaines \u0153uvres<\/p>\n<p>Dor\u00e9navant, Andr\u00e9e Louarn reprend, sur commande, des photos de sc\u00e8nes familiales ou pas, anciennes ou pas, en y ajoutant sa patte afin d\u2019en faire de v\u00e9ritables \u0153uvres d\u2019art. \u00ab\u00a0C\u2019est rendre contemporain quelque chose d\u2019ancien car le trait est vivant. C\u2019est toujours ma personnalit\u00e9 qui s\u2019exprime\u00a0\u00bb, analyse-t-elle. Quelque part entre Fernand L\u00e9ger et Pierre de Belay. \u00ab\u00a0Je suis partie de mon histoire \u00e0 moi mais je ne suis pas du tout centr\u00e9e sur les photos d\u2019archives. Ce qui va m\u2019int\u00e9resser c\u2019est le trait, la courbe. Si je ne trouve pas un int\u00e9r\u00eat graphique \u00e0 la photo que l\u2019on me pr\u00e9sente, je serai contrainte de dire non. Qui veut vient avec sa photo, m\u00eame prise il y a trois jours, et on discute\u00a0\u00bb, lance-t-elle. Une bonne id\u00e9e de cadeau personnalis\u00e9.<\/p>\n<p>En parall\u00e8le, elle ne d\u00e9laisse pas ses t\u00eates et ses mains en c\u00e9ramique, ses tableaux oniriques d\u2019apr\u00e8s mod\u00e8le vivant comme \u00ab\u00a0Sieste bleue\u00a0\u00bb. Elle propose aussi des reproductions num\u00e9rot\u00e9es de certaines de ses \u0153uvres comme le c\u00e9l\u00e8bre \u00ab\u00a0Retour de p\u00eache\u00a0\u00bb que tout ancien Douarneniste qui se respecte conna\u00eet in\u00e9vitablement l\u2019ayant vu au bar de la Rade o\u00f9 l\u2019artiste Jean-Yves Lappart avait r\u00e9alis\u00e9 une fresque d\u2019apr\u00e8s cette m\u00eame photo.<\/p>\n<p>Pratique<\/p>\n<p class=\"note\">Atelier d\u2019Andr\u00e9e Louarn\u00a0: 6, venelle Madezo, \u00e0 Douarnenez. Ouvert de 16\u00a0h \u00e0 19\u00a0h, et certains matins. Tous les jours sauf dimanche et lundi. <a href=\"https:\/\/andreelouarn.fr\/\" title=\"andreelouarn.fr\" target=\"_blank\" rel=\"noopener\">www.andreelouarn.fr<\/a><\/p>\n","protected":false},"excerpt":{"rendered":"Andr\u00e9e Louarn, pass\u00e9e par les Beaux-Arts de Rennes et de Nantes avant de devenir d\u00e9coratrice de cin\u00e9ma, se&hellip;\n","protected":false},"author":2,"featured_media":331865,"comment_status":"","ping_status":"","sticky":false,"template":"","format":"standard","meta":{"footnotes":""},"categories":[1358],"tags":[8913,1348,1384,1385,46914,251,1386,58,3320,59,1011,27,9585,46913],"class_list":{"0":"post-331864","1":"post","2":"type-post","3":"status-publish","4":"format-standard","5":"has-post-thumbnail","7":"category-arts-et-design","8":"tag-art-plastique","9":"tag-arts","10":"tag-arts-and-design","11":"tag-arts-et-design","12":"tag-cap-sizun-douarnenez","13":"tag-culture","14":"tag-design","15":"tag-divertissement","16":"tag-douarnenez","17":"tag-entertainment","18":"tag-fr","19":"tag-france","20":"tag-visiter-la-bretagne","21":"tag-visiter-le-finistere-sud"},"share_on_mastodon":{"url":"https:\/\/pubeurope.com\/@fr\/115061824500123806","error":""},"_links":{"self":[{"href":"https:\/\/www.europesays.com\/fr\/wp-json\/wp\/v2\/posts\/331864","targetHints":{"allow":["GET"]}}],"collection":[{"href":"https:\/\/www.europesays.com\/fr\/wp-json\/wp\/v2\/posts"}],"about":[{"href":"https:\/\/www.europesays.com\/fr\/wp-json\/wp\/v2\/types\/post"}],"author":[{"embeddable":true,"href":"https:\/\/www.europesays.com\/fr\/wp-json\/wp\/v2\/users\/2"}],"replies":[{"embeddable":true,"href":"https:\/\/www.europesays.com\/fr\/wp-json\/wp\/v2\/comments?post=331864"}],"version-history":[{"count":0,"href":"https:\/\/www.europesays.com\/fr\/wp-json\/wp\/v2\/posts\/331864\/revisions"}],"wp:featuredmedia":[{"embeddable":true,"href":"https:\/\/www.europesays.com\/fr\/wp-json\/wp\/v2\/media\/331865"}],"wp:attachment":[{"href":"https:\/\/www.europesays.com\/fr\/wp-json\/wp\/v2\/media?parent=331864"}],"wp:term":[{"taxonomy":"category","embeddable":true,"href":"https:\/\/www.europesays.com\/fr\/wp-json\/wp\/v2\/categories?post=331864"},{"taxonomy":"post_tag","embeddable":true,"href":"https:\/\/www.europesays.com\/fr\/wp-json\/wp\/v2\/tags?post=331864"}],"curies":[{"name":"wp","href":"https:\/\/api.w.org\/{rel}","templated":true}]}}