{"id":331866,"date":"2025-08-20T15:34:15","date_gmt":"2025-08-20T15:34:15","guid":{"rendered":"https:\/\/www.europesays.com\/fr\/331866\/"},"modified":"2025-08-20T15:34:15","modified_gmt":"2025-08-20T15:34:15","slug":"decouvrez-qui-sont-les-cinq-finalistes-pour-le-prix-du-livre-de-lausanne-rts-ch","status":"publish","type":"post","link":"https:\/\/www.europesays.com\/fr\/331866\/","title":{"rendered":"D\u00e9couvrez qui sont les cinq finalistes pour le Prix du livre de Lausanne &#8211; rts.ch"},"content":{"rendered":"<p>\u00ab\u00a0Les petites musiques\u00a0\u00bb de Roland Buti, \u00ab\u00a0La m\u00e9canique des ailes\u00a0\u00bb de Chlo\u00e9 Falcy, \u00ab\u00a0Le printemps peut-\u00eatre\u00a0\u00bb de L\u00e9na Furlan, \u00ab\u00a0Le match du si\u00e8cle\u00a0\u00bb de Philippe Lamon et \u00ab\u00a0Calcaires\u00a0\u00bb d&rsquo;Antoine Rubin sont les cinq ouvrages en lice pour la 12e \u00e9dition du Prix du livre de la Ville de Lausanne.<\/p>\n<p>Roman sensible, fiction historique, r\u00e9cit intime, histoire comique ou exploration po\u00e9tique, qui remportera le Prix du livre de la Ville de Lausanne ? Le public pourra se faire une opinion jusqu&rsquo;au 31 d\u00e9cembre gr\u00e2ce \u00e0 des entretiens avec les autrices et les auteurs \u00e0 Plateforme 10 \u00e0 Lausanne. Des clubs de lecture autour de la s\u00e9lection sont aussi au programme, sans oublier la soir\u00e9e de lancement du Prix, pr\u00e9vue le 1er septembre \u00e0 la biblioth\u00e8que de la Sallaz.<\/p>\n<p>Le r\u00e9alisateur et producteur lausannois Lionel Baier est le parrain de cette 12e \u00e9dition. Lanc\u00e9 en 2015, le Prix du livre de la Ville de Lausanne r\u00e9compense chacun des auteurs en lice de la somme de 5000 francs. La laur\u00e9ate ou le laur\u00e9at est ensuite accueilli pour une r\u00e9sidence d&rsquo;\u00e9criture d\u2019un mois au Ch\u00e2teau de Lavigny (VD).<\/p>\n<p>En attendant la d\u00e9signation du ou de la laur\u00e9ate le 2 f\u00e9vrier 2026, d\u00e9couvrez l&rsquo;univers des cinq auteurs et autrices de cette ann\u00e9e.<\/p>\n<p>\u00ab\u00a0Les petites musiques\u00a0\u00bb de Roland Buti, Zo\u00e9<\/p>\n<p>Dans ce roman historique sensible, Roland Buti raconte l&rsquo;enfance insouciante d&rsquo;un fr\u00e8re et d&rsquo;une soeur dans une petite ville des montagnes jurassiennes. En grandissant, l&rsquo;attitude indocile et sauvage de la soeur poussera ses parents \u00e0 l&rsquo;interner pour \u00ab\u00a0la remettre dans le droit chemin\u00a0\u00bb.<\/p>\n<p><strong class=\"inline-title\">&gt;&gt; A lire aussi\u00a0: <\/strong><a href=\"https:\/\/www.rts.ch\/info\/culture\/livres\/2025\/article\/les-petites-musiques-de-roland-buti-un-roman-d-apprentissage-ancre-dans-le-jura-vaudois-28747359.html\" data-item-id=\"richtext_link\" target=\"_blank\" rel=\"noopener\">\u00ab\u00a0Les petites musiques\u00a0\u00bb de Roland Buti, une jeunesse \u00e0 l\u2019\u00e9preuve de la m\u00e9canique sociale<\/a><\/p>\n<p>\u00ab\u00a0La m\u00e9canique des ailes\u00a0\u00bb de Chlo\u00e9 Falcy, H\u00e9lice H\u00e9las<\/p>\n<p>Librement inspir\u00e9 de la vie du biologiste Eug\u00e8ne Gabritschevsky, \u00ab\u00a0La m\u00e9canique des ailes\u00a0\u00bb emm\u00e8ne le lectorat de la Russie des tsars \u00e0 un h\u00f4pital psychiatrique en Allemagne. Passionn\u00e9 par les insectes, le h\u00e9ros vit des crises de dissociation qui l&rsquo;obligeront \u00e0 vivre clo\u00eetr\u00e9 dans un h\u00f4pital psychiatrique pendant de longues ann\u00e9es.<\/p>\n<p>Contenu externe<\/p>\n<p> Ce contenu externe ne peut pas \u00eatre affich\u00e9 car il est susceptible de collecter des donn\u00e9es personnelles. Pour voir ce contenu vous devez autoriser la cat\u00e9gorie <strong>R\u00e9seaux sociaux<\/strong>. <\/p>\n<p> Accepter Plus d&rsquo;info <\/p>\n<p>    \u00ab\u00a0Le printemps peut-\u00eatre\u00a0\u00bb de L\u00e9na Furlan, Slatkine<\/p>\n<p>Dans ce roman, il est question d&rsquo;une relation fusionnelle entre deux soeurs. L\u00e9na Furlan \u00e9gr\u00e8ne le quotidien d&rsquo;Ada et Anna, leur travail, leurs soir\u00e9es, leurs \u00e9changes. Jusqu&rsquo;\u00e0 ce qu&rsquo;un souvenir tragique du pass\u00e9 les force \u00e0 affronter le silence et les non-dits.<\/p>\n<p><strong class=\"inline-title\">&gt;&gt; A lire aussi \u00a0: <\/strong><a href=\"https:\/\/www.rts.ch\/info\/culture\/livres\/2025\/article\/le-printemps-peut-etre-premier-roman-de-lena-furlan-sur-l-amour-toxique-28778287.html\" data-item-id=\"richtext_link\" target=\"_blank\" rel=\"noopener\">\u00ab\u00a0Le printemps peut-\u00eatre\u00a0\u00bb de L\u00e9na Furlan, une ann\u00e9e dans la vie d&rsquo;Ada<\/a><\/p>\n<p>\u00ab\u00a0Le match du si\u00e8cle\u00a0\u00bb de Philippe Lamon, Cousu Mouche<\/p>\n<p>Ici il est question d&rsquo;un tennisman vaudois v\u00e9g\u00e9tant entre la 300e et la 400e place au classement ATP. Pr\u00eat \u00e0 tout pour remonter la pente, Gilles Gagniez essaie par tous les moyens de poursuivre et de financer sa carri\u00e8re, jusqu&rsquo;au jour o\u00f9 un riche homme d\u2019affaires lui fait une proposition d\u00e9lirante.<\/p>\n<p>Contenu externe<\/p>\n<p> Ce contenu externe ne peut pas \u00eatre affich\u00e9 car il est susceptible de collecter des donn\u00e9es personnelles. Pour voir ce contenu vous devez autoriser la cat\u00e9gorie <strong>R\u00e9seaux sociaux<\/strong>. <\/p>\n<p> Accepter Plus d&rsquo;info <\/p>\n<p>    \u00ab\u00a0Calcaires\u00a0\u00bb d&rsquo;Antoine Rubin, La Veilleuse<\/p>\n<p>Trois histoires qui s&rsquo;articulent autour d&rsquo;un massif de calcaire. Dans ce roman, Antoine Rubin nous emm\u00e8ne de la cha\u00eene du Jura \u00e0 Uranium City au Canada pour \u00e9voquer une montagne grignot\u00e9e par une carri\u00e8re, des squats transform\u00e9s en immeubles et une ville d\u00e9vast\u00e9e par l\u2019exploitation mini\u00e8re.<\/p>\n<p><strong class=\"inline-title\">&gt;&gt; A lire \u00e9galement\u00a0: <\/strong><a href=\"https:\/\/www.rts.ch\/info\/culture\/livres\/2025\/article\/calcaires-d-antoine-rubin-voyage-entre-beton-et-dechets-nucleaires-28896543.html\" data-item-id=\"richtext_link\" target=\"_blank\" rel=\"noopener\">\u00ab\u00a0Calcaires\u00a0\u00bb d&rsquo;Antoine Rubin, la grande torpeur dans la montagne<\/a><\/p>\n<p class=\"sources\">ats\/sc<\/p>\n<p class=\"article-footnote\">Cette information sera trait\u00e9e dans l&rsquo;\u00e9mission Vertigo du 20 ao\u00fbt 2025.<\/p>\n","protected":false},"excerpt":{"rendered":"\u00ab\u00a0Les petites musiques\u00a0\u00bb de Roland Buti, \u00ab\u00a0La m\u00e9canique des ailes\u00a0\u00bb de Chlo\u00e9 Falcy, \u00ab\u00a0Le printemps peut-\u00eatre\u00a0\u00bb de L\u00e9na&hellip;\n","protected":false},"author":2,"featured_media":331867,"comment_status":"","ping_status":"","sticky":false,"template":"","format":"standard","meta":{"footnotes":""},"categories":[1357],"tags":[1693,1379,5873,14306,251,58,59,1011,27,5874,26705,1351,1380,873,46915,4767,25214,46916,2004,71],"class_list":{"0":"post-331866","1":"post","2":"type-post","3":"status-publish","4":"format-standard","5":"has-post-thumbnail","7":"category-livres","8":"tag-arts-et-divertissement","9":"tag-books","10":"tag-centre-de-soins","11":"tag-competition-sportive","12":"tag-culture","13":"tag-divertissement","14":"tag-entertainment","15":"tag-fr","16":"tag-france","17":"tag-hopitaux-et-cliniques","18":"tag-lausanne","19":"tag-litterature","20":"tag-livres","21":"tag-musique","22":"tag-philippe-lamon","23":"tag-printemps","24":"tag-prix-et-recompenses","25":"tag-roland-buti","26":"tag-roman","27":"tag-sante"},"share_on_mastodon":{"url":"https:\/\/pubeurope.com\/@fr\/115061828125979660","error":""},"_links":{"self":[{"href":"https:\/\/www.europesays.com\/fr\/wp-json\/wp\/v2\/posts\/331866","targetHints":{"allow":["GET"]}}],"collection":[{"href":"https:\/\/www.europesays.com\/fr\/wp-json\/wp\/v2\/posts"}],"about":[{"href":"https:\/\/www.europesays.com\/fr\/wp-json\/wp\/v2\/types\/post"}],"author":[{"embeddable":true,"href":"https:\/\/www.europesays.com\/fr\/wp-json\/wp\/v2\/users\/2"}],"replies":[{"embeddable":true,"href":"https:\/\/www.europesays.com\/fr\/wp-json\/wp\/v2\/comments?post=331866"}],"version-history":[{"count":0,"href":"https:\/\/www.europesays.com\/fr\/wp-json\/wp\/v2\/posts\/331866\/revisions"}],"wp:featuredmedia":[{"embeddable":true,"href":"https:\/\/www.europesays.com\/fr\/wp-json\/wp\/v2\/media\/331867"}],"wp:attachment":[{"href":"https:\/\/www.europesays.com\/fr\/wp-json\/wp\/v2\/media?parent=331866"}],"wp:term":[{"taxonomy":"category","embeddable":true,"href":"https:\/\/www.europesays.com\/fr\/wp-json\/wp\/v2\/categories?post=331866"},{"taxonomy":"post_tag","embeddable":true,"href":"https:\/\/www.europesays.com\/fr\/wp-json\/wp\/v2\/tags?post=331866"}],"curies":[{"name":"wp","href":"https:\/\/api.w.org\/{rel}","templated":true}]}}