{"id":331868,"date":"2025-08-20T15:35:17","date_gmt":"2025-08-20T15:35:17","guid":{"rendered":"https:\/\/www.europesays.com\/fr\/331868\/"},"modified":"2025-08-20T15:35:17","modified_gmt":"2025-08-20T15:35:17","slug":"tavernost-reste-ferme-face-a-canal-et-defend-la-nouvelle-chaine-devant-les-presidents-de-club","status":"publish","type":"post","link":"https:\/\/www.europesays.com\/fr\/331868\/","title":{"rendered":"Tavernost reste ferme face \u00e0 Canal+ et d\u00e9fend la nouvelle cha\u00eene devant les pr\u00e9sidents de club"},"content":{"rendered":"<p>INFO RMC SPORT &#8211; Canal+ n&rsquo;est pour l&rsquo;heure pas distributeur de la cha\u00eene Ligue 1+, qui diffuse huit des neuf matchs de championnat par journ\u00e9e. Mais la cha\u00eene crypt\u00e9e souhaite \u00ab\u00a0contraindre\u00a0\u00bb cette distribution, selon les explications de Nicolas De Tavernost, pr\u00e9sident de LFP Media, dans un courrier que RMC Sport a pu consulter.<\/p>\n<p>Dans un courrier envoy\u00e9 aux pr\u00e9sidents de clubs, et consult\u00e9 par RMC Sport ce mercredi, <a href=\"https:\/\/rmcsport.bfmtv.com\/football\/ligue-1\/video-les-fans-se-sont-appropries-cette-chaine-de-tavernost-se-felicite-du-premier-week-end-de-ligue-1_VN-202508190240.html\" title=\"&quot;Les fans se sont appropri\u00e9s cette chaine&quot;, De Tavernost se f\u00e9licite du premier week-end de Ligue 1+\" class=\"internal_link\" rel=\"nofollow noopener\" target=\"_blank\">Nicolas De Tavernost<\/a>, pr\u00e9sident de LFP Media, fait un point \u00e0 date sur la relation avec le groupe <a href=\"https:\/\/rmcsport.bfmtv.com\/football\/ligue-1\/ligue-1-la-porte-est-grande-ouverte-pour-canal-promet-nicolas-de-tavernost-qui-confirme-que-ce-n-est-pas-regle-avec-be-in_AV-202508180532.html\" title=\"Ligue 1+: \u200b&quot;La porte est grande ouverte pour Canal&quot;, promet Nicolas de Tavernost qui confirme que &quot;ce n&#039;est pas r\u00e9gl\u00e9&quot; avec beIN\" class=\"internal_link\" rel=\"nofollow noopener\" target=\"_blank\">Canal+<\/a>. \u00ab\u00a0Pour rappel, LFP Media avait entam\u00e9 le 6 mai dernier des n\u00e9gociations avec le Groupe Canal+ pour parvenir \u00e0 un accord de distribution, qu&rsquo;il soit sous la forme exclusive ou non-exclusive. Le Groupe Canal+ avait d\u00e9cid\u00e9 de rompre unilat\u00e9ralement les n\u00e9gociations avec LFP Media et l&rsquo;avait fait savoir publiquement par une interview\u00a0\u00bb, explique dans un premier temps l&rsquo;ancien homme fort de M6 afin de poser le contexte sur le pass\u00e9 avec le Groupe Canal.<\/p>\n<p>Et de poursuivre: \u00ab\u00a0Malgr\u00e9 cela, nous avons cherch\u00e9 \u00e0 conserver les relations avec le Groupe Canal+ et celui-ci est revenu aupr\u00e8s de LFP Media \u00e0 une semaine de la reprise du championnat pour proposer de n\u00e9gocier un accord de distribution non-exclusive pour <a href=\"https:\/\/rmcsport.bfmtv.com\/football\/ligue-1\/un-matelas-d-argent-le-patron-de-lfp-media-devoile-combien-vont-gagner-les-clubs-francais-avec-la-chaine-ligue-1_AV-202508180528.html\" title=\"&quot;Un matelas d&#039;argent&quot;: le patron de LFP Media d\u00e9voile combien vont gagner les clubs fran\u00e7ais avec la cha\u00eene Ligue 1+\" class=\"internal_link\" rel=\"nofollow noopener\" target=\"_blank\">notre plateforme Ligue 1+<\/a>\u00ab\u00a0. Cette explication confirme les informations publi\u00e9es ces derni\u00e8res heures dans les m\u00e9dias sur un accord de distribution qui a capot\u00e9 au dernier moment.<\/p>\n<p>\u00ab\u00a0Nous avons men\u00e9 ces n\u00e9gociations complexes de bonne fois pour essayer de parvenir \u00e0 un accord de distribution, ce qui pour l&rsquo;essentiel a \u00e9t\u00e9 fait, certains points demeurant \u00e0 convenir, en le conditionnant naturellement \u00e0 l&rsquo;abandon des poursuites judiciaires en cours conduites par le Groupe Canal+ \u00e0 l&rsquo;encontre de la Ligue et des clubs\u00a0\u00bb, ajoute <a href=\"https:\/\/rmcsport.bfmtv.com\/football\/ligue-1\/ligue-1-aucune-consigne-de-ne-pas-les-montrer-banderoles-polemiques-nicolas-de-tavernost-l-assure-ligue1-ne-cachera-rien_AV-202508190203.html\" title=\"Ligue 1+: &quot;Aucune consigne de ne pas les montrer&quot;, Banderoles, pol\u00e9miques... Nicolas de Tavernost l&#039;assure, Ligue1+ ne cachera rien\" class=\"internal_link\" rel=\"nofollow noopener\" target=\"_blank\">Nicolas De Tavernost<\/a>. Et de poursuivre son explication dans ce mail envoy\u00e9 aux patrons des clubs de premi\u00e8re division: \u00ab\u00a0Je vous rappelle que le Groupe Canal+ continue de poursuivre LFP\/LFP Media apr\u00e8s une d\u00e9cision de la Cour de cassation le 27 septembre 2024, et r\u00e9clame un d\u00e9dommagement de plus de 600 millions d&rsquo;euros pour un pr\u00e9tendu pr\u00e9judice subi. L&rsquo;instruction de cette \u00e9ni\u00e8me proc\u00e9dure est en cours et de nouvelles plaidoiries doivent avoir leu en novembre prochain\u00a0\u00bb.<\/p>\n<p>\u00ab\u00a0Le Groupe Canal+ a refus\u00e9 de retirer ses poursuites\u00a0\u00bb<\/p>\n<p>C&rsquo;est ensuite le passage important de ce mail qui intervient: \u00ab\u00a0La demande de retrait des poursuites est non seulement motiv\u00e9e pour mettre fin \u00e0 un combat judiciaire quasi permanent depuis quatre ans men\u00e9 par le groupe Canal+, mais \u00e9galement pour marquer un lien de confiance r\u00e9tabli entre LFP\/LFP Media et le Groupe Canal+. C&rsquo;est d&rsquo;autant plus important que l&rsquo;ex\u00e9cution d&rsquo;un contrat de distribution, compte tenu de la position du Groupe Canal+ dans le march\u00e9, n\u00e9cessite une proximit\u00e9 des deux groupes pour que celui-ci soit correctement ex\u00e9cut\u00e9\u00a0\u00bb, ajoute \u00ab\u00a0NDT\u00a0\u00bb.<\/p>\n<p><img class=\"lozad\"  width=\"1\" height=\"1\" alt=\"L\u2019\u00e9mission qui dit tout haut ce que le monde du foot pense tout bas ! L\u2019\u00ab After Foot \u00bb, \u00e9mission de foot la plus puissante en France, entame sa 19e saison ! &#10;\u00ab G\u00e9n\u00e9ration After \u00bb, \u00e9mission compos\u00e9e de chroniqueurs qui ont grandi avec l\u2019After, vous accompagne de 20h00 \u00e0 22h00. Avec Nicolas Jamain en chef d\u2019orchestre, entour\u00e9 de Kevin Diaz, Walid Acherchour, Ricardo Faty, Simon Dutin, Jimmy Braun et Sofiane Zouaoui.&#10;Au programme, des d\u00e9bats passionn\u00e9s, de nombreux invit\u00e9s et de nouvelles chroniques. &#10;De 22h00 \u00e0 minuit, place \u00e0 la version originelle et historique de l\u2019After autour de Gilbert Brisbois, Daniel Riolo, St\u00e9phane Guy et Florent Gautreau. Les soirs de Ligue des Champions, J\u00e9r\u00f4me Rothen et Emmanuel Petit viennent renforcer l\u2019\u00e9quipe. &#10;Les soirs de matchs, Nicolas Vilas est aux commandes de l\u2019After Live, le nouveau rendez-vous qui r\u00e9invente le commentaire de match: au 3216, surs les r\u00e9seaux sociaux ou le chat Youtube, venez participer.&#10;C'est toujours Thibaut Giangrande pilote l\u2019After Foot le samedi soir.\"\/>Le Top de l&rsquo;After Foot : \u00ab\u00a0Nous avons plus de 600 000 abonn\u00e9s, c&rsquo;est extr\u00eamement satisfaisant\u00a0\u00bb. Nicolas de Tavernost, directeur g\u00e9n\u00e9ral de LFP m\u00e9dia, invit\u00e9 de l\u2019After \u2013 18\/08<\/p>\n<p>Et de finir sur les volont\u00e9s de Canal+ : \u00ab\u00a0Le Groupe Canal+ a refus\u00e9 de retirer ses poursuites, et, malgr\u00e9 l&rsquo;absence explicite d&rsquo;un accord entre celui-ci et LFP Media, souhaite d\u00e9sormais contraindre la distribution de Ligue 1+. Il nous para\u00eet tr\u00e8s important que soit r\u00e9tabli un nouveau climat de confiance entre le Groupe Canal+ et LFP\/LFP Media, ce que ne peut augurer la poursuite des proc\u00e9dures judiciaires par le Groupe Canal+\u00a0\u00bb. Nicolas De Tavernost terminera son mail en pr\u00e9cisant que \u00ab\u00a0l&rsquo;hyper distribution\u00a0\u00bb mise en place par Ligue 1+ \u00ab\u00a0malgr\u00e9 cette absence regrettable\u00a0\u00bb permet \u00e0 la nouvelle plate-forme de \u00ab\u00a0r\u00e9ussir son lancement\u00a0\u00bb.<\/p>\n<p>Dans ce courrier d\u00e9voil\u00e9 par RMC Sport, Nicolas De Tavernost, patron de LFP Media, a alert\u00e9 les pr\u00e9sidents de clubs via un mail ce mercredi matin sur la relation avec Canal+. Comme \u00e9voqu\u00e9 hier, un deal \u00e9tait sur le point d&rsquo;\u00eatre sign\u00e9 entre les deux parties pour une distribution non-exclusive de la nouvelle cha\u00eene de la LFP. Dans son mail, l&rsquo;ancien patron de M6 est tr\u00e8s clair et exprime l&rsquo;id\u00e9e que l&rsquo;accord n&rsquo;a pas \u00e9t\u00e9 sign\u00e9 apr\u00e8s une dizaine de jours de n\u00e9gociations. En revanche, ce n&rsquo;est pas le m\u00eame son de cloche du c\u00f4t\u00e9 de Canal. La cha\u00eene crypt\u00e9e estime que l&rsquo;accord est act\u00e9 et qu&rsquo;elle peut diffuser la cha\u00eene Ligue 1+ dans les prochains jours. C&rsquo;est pour cette raison que \u00ab\u00a0NDT\u00a0\u00bb a d\u00e9cid\u00e9 de mettre au courant les pr\u00e9sidents de clubs, d\u00e8s ce mercredi matin. Ce courrier d\u00e9voil\u00e9 par RMC Sport ouvre donc un nouveau th\u00e8me de conflit entre Canal+ et la LFP. Affaire \u00e0 suivre&#8230;<\/p>\n","protected":false},"excerpt":{"rendered":"INFO RMC SPORT &#8211; Canal+ n&rsquo;est pour l&rsquo;heure pas distributeur de la cha\u00eene Ligue 1+, qui diffuse huit&hellip;\n","protected":false},"author":2,"featured_media":331869,"comment_status":"","ping_status":"","sticky":false,"template":"","format":"standard","meta":{"footnotes":""},"categories":[1356],"tags":[58,59,1011,27,252,1364],"class_list":{"0":"post-331868","1":"post","2":"type-post","3":"status-publish","4":"format-standard","5":"has-post-thumbnail","7":"category-television","8":"tag-divertissement","9":"tag-entertainment","10":"tag-fr","11":"tag-france","12":"tag-television","13":"tag-tv"},"share_on_mastodon":{"url":"https:\/\/pubeurope.com\/@fr\/115061832032408477","error":""},"_links":{"self":[{"href":"https:\/\/www.europesays.com\/fr\/wp-json\/wp\/v2\/posts\/331868","targetHints":{"allow":["GET"]}}],"collection":[{"href":"https:\/\/www.europesays.com\/fr\/wp-json\/wp\/v2\/posts"}],"about":[{"href":"https:\/\/www.europesays.com\/fr\/wp-json\/wp\/v2\/types\/post"}],"author":[{"embeddable":true,"href":"https:\/\/www.europesays.com\/fr\/wp-json\/wp\/v2\/users\/2"}],"replies":[{"embeddable":true,"href":"https:\/\/www.europesays.com\/fr\/wp-json\/wp\/v2\/comments?post=331868"}],"version-history":[{"count":0,"href":"https:\/\/www.europesays.com\/fr\/wp-json\/wp\/v2\/posts\/331868\/revisions"}],"wp:featuredmedia":[{"embeddable":true,"href":"https:\/\/www.europesays.com\/fr\/wp-json\/wp\/v2\/media\/331869"}],"wp:attachment":[{"href":"https:\/\/www.europesays.com\/fr\/wp-json\/wp\/v2\/media?parent=331868"}],"wp:term":[{"taxonomy":"category","embeddable":true,"href":"https:\/\/www.europesays.com\/fr\/wp-json\/wp\/v2\/categories?post=331868"},{"taxonomy":"post_tag","embeddable":true,"href":"https:\/\/www.europesays.com\/fr\/wp-json\/wp\/v2\/tags?post=331868"}],"curies":[{"name":"wp","href":"https:\/\/api.w.org\/{rel}","templated":true}]}}