{"id":331870,"date":"2025-08-20T15:36:17","date_gmt":"2025-08-20T15:36:17","guid":{"rendered":"https:\/\/www.europesays.com\/fr\/331870\/"},"modified":"2025-08-20T15:36:17","modified_gmt":"2025-08-20T15:36:17","slug":"la-rappeuse-americaine-doechii-annule-son-concert","status":"publish","type":"post","link":"https:\/\/www.europesays.com\/fr\/331870\/","title":{"rendered":"la rappeuse am\u00e9ricaine Doechii annule son concert"},"content":{"rendered":"<p>La rappeuse am\u00e9ricaine Doechii annule sa venue \u00e0 Rock en Seine, \u00e0 deux jours d&rsquo;un concert tr\u00e8s attendu. La raison n&rsquo;a pas \u00e9t\u00e9 pr\u00e9cis\u00e9e par les organisateurs.<\/p>\n<p>C&rsquo;\u00e9tait l&rsquo;une des figures les plus attendues de cette \u00e9dition 2025. Doechii ne performera finalement pas \u00e0 <a href=\"https:\/\/www.bfmtv.com\/people\/rock-en-seine-chappell-roan-doechii-queen-of-stone-age-en-tetes-d-affiche_AD-202508180156.html\" title=\"Rock en Seine : Chappell Roan, Doechii, Queen of Stone Age en t\u00eates d&#039;affiche\" class=\"internal_link\" rel=\"nofollow noopener\" target=\"_blank\">Rock en Seine<\/a>. La rappeuse am\u00e9ricaine de 27 ans, qui cartonne avec Anxiety et a re\u00e7u le Grammy du meilleur album rap de l&rsquo;ann\u00e9e pour sa troisi\u00e8me mixtape, Alligator Bites Never Heal, devait r\u00e9aliser son concert jeudi 21 ao\u00fbt, un jour apr\u00e8s l&rsquo;ouverture du festival dans le domaine national de Saint-Cloud, pr\u00e8s de Paris.<\/p>\n<blockquote class=\"embed embed_quote\"><p>\u00ab\u00a0Nous sommes au regret de vous annoncer que Doechii ne pourra pas se produire \u00e0 Rock en Seine ce jeudi\u00a0\u00bb, a indiqu\u00e9 le festival sur ses r\u00e9seaux sociaux.<\/p><\/blockquote>\n<p>La raison n&rsquo;a pas \u00e9t\u00e9 pr\u00e9cis\u00e9e. La rappeuse a aussi annul\u00e9 sa participation \u00e0 deux autres concerts pr\u00e9vus samedi et dimanche \u00e0 Londres et Bristol, en Angleterre.<\/p>\n<p>Annulation de derni\u00e8re minute<\/p>\n<p>Originaire de Floride, Doechii s&rsquo;est faite discr\u00e8te en France, o\u00f9 elle n&rsquo;a donn\u00e9 que deux concerts parisiens: l&rsquo;un en mars lors d&rsquo;un d\u00eener de gala, l&rsquo;autre \u00e0 l&rsquo;Alhambra en octobre 2024, dans un d\u00e9cor inspir\u00e9 des marais, clin d&rsquo;oeil \u00e0 son \u00c9tat natal et \u00e0 son surnom de \u00ab\u00a0princesse des mar\u00e9cages\u00a0\u00bb.<\/p>\n<p>Jaylah Ji&rsquo;mya Hickmon, de son vrai nom, a d&rsquo;abord s\u00e9duit les r\u00e9seaux sociaux avec ses chansons comme Anxiety reprise du titre mondialement connu Somebody That I Used To Know de Gotye.<\/p>\n<p>Adoub\u00e9e par ses pairs comme Kendrick Lamar ou Tyler, The Creator, elle ma\u00eetrise l&rsquo;art des paroles incisives, avec un sens ac\u00e9r\u00e9 de l&rsquo;humour, comme lorsqu&rsquo;elle combat son alter ego int\u00e9rieur dans Denial Is A River.<\/p>\n<p>Cette annulation de derni\u00e8re minute est un nouveau coup dur pour <a href=\"https:\/\/www.bfmtv.com\/people\/musique\/rock-en-seine-saint-cloud-retire-sa-subvention-au-festival-en-raison-de-la-participation-du-groupe-pro-palestinien-kneecap_AD-202507170174.html\" title=\"Rock en Seine: Saint-Cloud retire sa subvention au festival en raison de la participation du groupe pro-palestinien Kneecap\" class=\"internal_link\" rel=\"nofollow noopener\" target=\"_blank\">Rock en Seine<\/a>, qui attire quelque 40.000 spectateurs par jour.<\/p>\n<p>L&rsquo;\u00e9v\u00e9nement, pilot\u00e9 par le g\u00e9ant des festivals musicaux et tourn\u00e9es AEG et le groupe de Matthieu Pigasse, Combat, avait d\u00e9j\u00e0 d\u00fb faire face \u00e0 l&rsquo;annulation de sa t\u00eate d&rsquo;affiche du jeudi: ASAP Rocky, d\u00e9sengag\u00e9 de plusieurs gros festivals europ\u00e9ens, a \u00e9t\u00e9 remplac\u00e9 par Kid Cudi, autre rappeur am\u00e9ricain \u00e0 succ\u00e8s.<\/p>\n<p>Une compensation a \u00e9t\u00e9 propos\u00e9e par l&rsquo;organisation aux festivaliers ayant achet\u00e9 un billet pour cette journ\u00e9e.<\/p>\n<p>Apr\u00e8s une ouverture par la popstar Chappell Roan, le festival doit accueillir de nombreux artistes jusqu&rsquo;\u00e0 dimanche, dont Queens of the Stone Age, Justice et Kneecap.<\/p>\n","protected":false},"excerpt":{"rendered":"La rappeuse am\u00e9ricaine Doechii annule sa venue \u00e0 Rock en Seine, \u00e0 deux jours d&rsquo;un concert tr\u00e8s attendu.&hellip;\n","protected":false},"author":2,"featured_media":331871,"comment_status":"","ping_status":"","sticky":false,"template":"","format":"standard","meta":{"footnotes":""},"categories":[1355],"tags":[58,59,1011,27,1361,873],"class_list":{"0":"post-331870","1":"post","2":"type-post","3":"status-publish","4":"format-standard","5":"has-post-thumbnail","7":"category-musique","8":"tag-divertissement","9":"tag-entertainment","10":"tag-fr","11":"tag-france","12":"tag-music","13":"tag-musique"},"share_on_mastodon":{"url":"https:\/\/pubeurope.com\/@fr\/115061836102447108","error":""},"_links":{"self":[{"href":"https:\/\/www.europesays.com\/fr\/wp-json\/wp\/v2\/posts\/331870","targetHints":{"allow":["GET"]}}],"collection":[{"href":"https:\/\/www.europesays.com\/fr\/wp-json\/wp\/v2\/posts"}],"about":[{"href":"https:\/\/www.europesays.com\/fr\/wp-json\/wp\/v2\/types\/post"}],"author":[{"embeddable":true,"href":"https:\/\/www.europesays.com\/fr\/wp-json\/wp\/v2\/users\/2"}],"replies":[{"embeddable":true,"href":"https:\/\/www.europesays.com\/fr\/wp-json\/wp\/v2\/comments?post=331870"}],"version-history":[{"count":0,"href":"https:\/\/www.europesays.com\/fr\/wp-json\/wp\/v2\/posts\/331870\/revisions"}],"wp:featuredmedia":[{"embeddable":true,"href":"https:\/\/www.europesays.com\/fr\/wp-json\/wp\/v2\/media\/331871"}],"wp:attachment":[{"href":"https:\/\/www.europesays.com\/fr\/wp-json\/wp\/v2\/media?parent=331870"}],"wp:term":[{"taxonomy":"category","embeddable":true,"href":"https:\/\/www.europesays.com\/fr\/wp-json\/wp\/v2\/categories?post=331870"},{"taxonomy":"post_tag","embeddable":true,"href":"https:\/\/www.europesays.com\/fr\/wp-json\/wp\/v2\/tags?post=331870"}],"curies":[{"name":"wp","href":"https:\/\/api.w.org\/{rel}","templated":true}]}}