{"id":331878,"date":"2025-08-20T15:40:09","date_gmt":"2025-08-20T15:40:09","guid":{"rendered":"https:\/\/www.europesays.com\/fr\/331878\/"},"modified":"2025-08-20T15:40:09","modified_gmt":"2025-08-20T15:40:09","slug":"soutenue-par-son-fils-adoptif-macha-meril-fait-ses-adieux-a-sa-soeur-la-princesse-helene-gagarine","status":"publish","type":"post","link":"https:\/\/www.europesays.com\/fr\/331878\/","title":{"rendered":"Soutenue par son fils adoptif, Macha M\u00e9ril fait ses adieux \u00e0 sa s\u0153ur la princesse H\u00e9l\u00e8ne Gagarine"},"content":{"rendered":"<p>Soud\u00e9es, Macha M\u00e9ril et Elisabeth ont fait leurs adieux \u00e0 leur s\u0153ur. Ce mercredi 20\u00a0ao\u00fbt se tenait \u00e0 Paris les obs\u00e8ques de la princesse\u00a0H\u00e9l\u00e8ne Gagarine. Une c\u00e9r\u00e9monie religieuse donn\u00e9e en\u00a0la cath\u00e9drale Saint-Alexandre-Nevsky, \u00e9glise orthodoxe russe du XIIe arrondissement de la capitale, six jours apr\u00e8s l\u2019annonce de la disparition de la princesse.<\/p>\n<p>En plus de son autre s\u0153ur Elisabeth, Macha M\u00e9ril &#8211; de son vrai nom Maria-Magdalena Vladimirovna\u00a0Gagarine &#8211; \u00e9tait \u00e9paul\u00e9e en cette \u00e9prouvante journ\u00e9e par son fils Gianguido, qu\u2019elle a adopt\u00e9 suite \u00e0 son mariage avec le r\u00e9alisateur italien Gian Vittorio Baldi. La com\u00e9dienne de 84\u00a0ans conna\u00eet bien la cath\u00e9drale Saint-Alexandre-Nevsky puisque c\u2019est l\u00e0 qu\u2019elle <a href=\"https:\/\/www.parismatch.com\/People\/Macha-Meril-une-mariee-tout-en-blanc-595932\" rel=\"nofollow noopener\" target=\"_blank\">s\u2019\u00e9tait mari\u00e9e avec Michel Legrand en 2014<\/a>, cinq ans avant sa disparition.<\/p>\n<p>    La suite apr\u00e8s cette publicit\u00e9<\/p>\n<p>Contrairement \u00e0 sa s\u0153ur Macha, qui a choisi une carri\u00e8re sous les deux des projecteurs, H\u00e9l\u00e8ne Gagarine a elle aussi \u00e9volu\u00e9 dans le cin\u00e9ma, mais dans l\u2019ombre, en tant que productrice et monteuse. Son d\u00e9c\u00e8s, \u00e0 l\u2019\u00e2ge de 96\u00a0ans, a \u00e9t\u00e9 annonc\u00e9 par \u00ab<a href=\"https:\/\/carnetdujour.lefigaro.fr\/deces\/annonces\/586990098\/\" target=\"_blank\" rel=\"nofollow noopener\">\u00a0Le Figaro<\/a>\u00a0\u00bb le 14\u00a0ao\u00fbt dernier. Apr\u00e8s la c\u00e9r\u00e9monie religieuse, les proches se sont retrouv\u00e9s mercredi au cimeti\u00e8re russe de\u00a0Sainte-Genevi\u00e8ve-des-Bois (dans l\u2019Essonne) pour l\u2019inhumation.<\/p>\n<p>    La suite apr\u00e8s cette publicit\u00e9<\/p>\n<p>Macha, Elisabeth et H\u00e9l\u00e8ne, h\u00e9riti\u00e8res de la famille Gagarine<\/p>\n<p>Si H\u00e9l\u00e8ne Gagarine portait le titre de princesse, comme ses s\u0153urs Macha et Elisabeth, c\u2019est parce que leur p\u00e8re \u00e9tait le prince russe Vladimir Anatolievitch Gagarine. De son mariage avec la noble\u00a0Maria Vsevolodovna Bielska\u00efa, ce dernier avait \u00e9galement un fils, George, tu\u00e9 en Allemagne pendant la Seconde Guerre mondiale. L\u2019ann\u00e9e suivante, le prince est d\u00e9c\u00e9d\u00e9 apr\u00e8s avoir contract\u00e9 le typhus.<\/p>\n<p>Apr\u00e8s avoir pass\u00e9 ses premi\u00e8res ann\u00e9es \u00e0 Rabat, pendant le protectorat fran\u00e7ais au Maroc (o\u00f9 son p\u00e8re travaillait en tant qu\u2019ing\u00e9nieur), Macha M\u00e9ril a grandi en r\u00e9gion parisienne avec sa m\u00e8re et ses deux s\u0153urs. Au moment de commencer sa carri\u00e8re de com\u00e9dienne, Maria-Magdalena s\u2019est choisi pour nom de sc\u00e8ne \u00ab\u00a0Macha\u00a0\u00bb, diminutif russe de Maria. Le nom de M\u00e9ril est quant \u00e0 lui un hommage \u00e0 la chanteuse de jazz Helen Merrill.<\/p>\n","protected":false},"excerpt":{"rendered":"Soud\u00e9es, Macha M\u00e9ril et Elisabeth ont fait leurs adieux \u00e0 leur s\u0153ur. Ce mercredi 20\u00a0ao\u00fbt se tenait \u00e0&hellip;\n","protected":false},"author":2,"featured_media":331879,"comment_status":"","ping_status":"","sticky":false,"template":"","format":"standard","meta":{"footnotes":""},"categories":[8],"tags":[58,59,1011,27],"class_list":{"0":"post-331878","1":"post","2":"type-post","3":"status-publish","4":"format-standard","5":"has-post-thumbnail","7":"category-divertissement","8":"tag-divertissement","9":"tag-entertainment","10":"tag-fr","11":"tag-france"},"share_on_mastodon":{"url":"https:\/\/pubeurope.com\/@fr\/115061851791733983","error":""},"_links":{"self":[{"href":"https:\/\/www.europesays.com\/fr\/wp-json\/wp\/v2\/posts\/331878","targetHints":{"allow":["GET"]}}],"collection":[{"href":"https:\/\/www.europesays.com\/fr\/wp-json\/wp\/v2\/posts"}],"about":[{"href":"https:\/\/www.europesays.com\/fr\/wp-json\/wp\/v2\/types\/post"}],"author":[{"embeddable":true,"href":"https:\/\/www.europesays.com\/fr\/wp-json\/wp\/v2\/users\/2"}],"replies":[{"embeddable":true,"href":"https:\/\/www.europesays.com\/fr\/wp-json\/wp\/v2\/comments?post=331878"}],"version-history":[{"count":0,"href":"https:\/\/www.europesays.com\/fr\/wp-json\/wp\/v2\/posts\/331878\/revisions"}],"wp:featuredmedia":[{"embeddable":true,"href":"https:\/\/www.europesays.com\/fr\/wp-json\/wp\/v2\/media\/331879"}],"wp:attachment":[{"href":"https:\/\/www.europesays.com\/fr\/wp-json\/wp\/v2\/media?parent=331878"}],"wp:term":[{"taxonomy":"category","embeddable":true,"href":"https:\/\/www.europesays.com\/fr\/wp-json\/wp\/v2\/categories?post=331878"},{"taxonomy":"post_tag","embeddable":true,"href":"https:\/\/www.europesays.com\/fr\/wp-json\/wp\/v2\/tags?post=331878"}],"curies":[{"name":"wp","href":"https:\/\/api.w.org\/{rel}","templated":true}]}}