{"id":331882,"date":"2025-08-20T15:42:10","date_gmt":"2025-08-20T15:42:10","guid":{"rendered":"https:\/\/www.europesays.com\/fr\/331882\/"},"modified":"2025-08-20T15:42:10","modified_gmt":"2025-08-20T15:42:10","slug":"vol-paris-ajaccio-cinq-blesses-legers-apres-plusieurs-turbulences","status":"publish","type":"post","link":"https:\/\/www.europesays.com\/fr\/331882\/","title":{"rendered":"Vol Paris &#8211; Ajaccio : cinq bless\u00e9s l\u00e9gers apr\u00e8s \u00ab\u00a0plusieurs turbulences\u00a0\u00bb"},"content":{"rendered":"<p>La violence des chocs a surpris l&rsquo;ensemble des passagers. Ce mercredi 20\u00a0ao\u00fbt, cinq personnes ont \u00e9t\u00e9 bless\u00e9es au cours du vol AF 4236 reliant Paris Orly \u00e0 Ajaccio, op\u00e9r\u00e9 par Air France, qui a atterri \u00e0 14\u00a0h\u00a030. Parmi les bless\u00e9s, figurent trois membres d&rsquo;\u00e9quipage et deux passagers. L&rsquo;avion transportait 143 passagers et comptait quatre personnels de bord.<\/p>\n<p>Au moins une personne a \u00e9t\u00e9 bless\u00e9e au niveau de la t\u00eate. Toutes les victimes sont des bless\u00e9s l\u00e9gers.<\/p>\n<p>\u00ab\u00a0Air France confirme que le vol AF4236 du 20\u00a0ao\u00fbt 2025 reliant Paris-Orly \u00e0 Ajaccio a rencontr\u00e9 de fortes turbulences lors de la travers\u00e9e d&rsquo;orages violents pendant la croisi\u00e8re\u00a0\u00bb, a d\u00e9clar\u00e9 la compagnie \u00e0\u00a0Corse-Matin, confirmant que \u00ab\u00a02 clients ont \u00e9t\u00e9 bless\u00e9s, ainsi que 3 membres de l&rsquo;\u00e9quipage commercial qui proc\u00e9daient \u00e0 la v\u00e9rification des ceintures de s\u00e9curit\u00e9.\u00a0\u00bb<\/p>\n<p>\u00ab\u00a0Une grosse secousse\u00a0\u00bb blesse des passagers non attach\u00e9s<\/p>\n<p>\u00ab\u00a0L&rsquo;A320 est pass\u00e9 dans un orage violent, qui a subi plusieurs turbulences au cours du vol\u00a0\u00bb, ont annonc\u00e9 les services de secours contact\u00e9s par Corse-Matin, tandis qu&rsquo;un second secouriste interrog\u00e9 \u00e0 l&rsquo;a\u00e9roport \u00e9voque en particulier une \u00ab\u00a0grosse secousse\u00a0\u00bb. L&rsquo;orage violent n&rsquo;a pas pu \u00eatre \u00e9vit\u00e9 par le commandement de bord.<\/p>\n<p>Tr\u00e8s vite, l&rsquo;assistance s&rsquo;est organis\u00e9e autour des personnes impact\u00e9es par les secousses. \u00ab\u00a0Les pilotes ont sollicit\u00e9 l&rsquo;assistance des \u00e9quipes m\u00e9dicales d&rsquo;urgence de l&rsquo;a\u00e9roport de destination, qui \u00e9taient pr\u00e9sentes d\u00e8s l&rsquo;arriv\u00e9e de l&rsquo;appareil au point de parking et ont rapidement pris en charge les bless\u00e9s\u00a0\u00bb, pr\u00e9cise Air France.<\/p>\n<p>Parmi les victimes, certaines ont \u00e9t\u00e9 \u00e9vacu\u00e9es de l&rsquo;a\u00e9ronef de type A320 F-HBNJ sur civi\u00e8res, d&rsquo;apr\u00e8s nos observations.<\/p>\n<p>Selon nos informations, les personnes bless\u00e9es n&rsquo;\u00e9taient pas attach\u00e9es. \u00ab\u00a0De fa\u00e7on g\u00e9n\u00e9rale, il n&rsquo;y a aucun risque d\u00e8s lors qu&rsquo;un passager est attach\u00e9, c&rsquo;est pourquoi il est toujours conseill\u00e9 d&rsquo;avoir sa ceinture attach\u00e9e en toutes circonstances\u00a0\u00bb, rappelle un employ\u00e9 de l&rsquo;a\u00e9roport d&rsquo;Ajaccio. \u00ab\u00a0Ceux qui n&rsquo;\u00e9taient pas attach\u00e9s ont \u00e9t\u00e9 bless\u00e9s\u00a0\u00bb, confirme ce salari\u00e9.<\/p>\n<p>En compl\u00e9ment des pompiers exer\u00e7ant \u00e0 l&rsquo;a\u00e9roport d&rsquo;Ajaccio Napol\u00e9on Bonaparte, des services de secours d&rsquo;Ajaccio et de Pietrosella \u00e9taient arriv\u00e9s en renfort sur le tarmac de l&rsquo;a\u00e9roport \u00e0 14 h 50, afin de proc\u00e9der \u00e0 l&rsquo;\u00e9vacuation des cinq personnes bless\u00e9es.<\/p>\n<p>Quatre ambulances, un v\u00e9hicule de commandement et un m\u00e9decin Samu ont \u00e9t\u00e9 d\u00e9p\u00each\u00e9s sur place.<\/p>\n<p>Des m\u00e9caniciens d&rsquo;Air Corsica mobilis\u00e9s<\/p>\n<p>Sollicit\u00e9e, la direction d&rsquo;Air Corsica annonce que des m\u00e9caniciens de la compagnie insulaire, habitu\u00e9s \u00e0 traiter les a\u00e9ronefs A320 dans l&rsquo;exercice de leur profession, ont \u00e9t\u00e9 mobilis\u00e9s pour \u00ab\u00a0assister l&rsquo;\u00e9quipe technique\u00a0\u00bb\u00a0d&rsquo;Air France.<\/p>\n<p>\u00ab\u00a0Les \u00e9quipes d&rsquo;Air France en a\u00e9roport ont accueilli les autres clients et leur ont propos\u00e9 leur assistance\u00a0\u00bb, abonde la compagnie nationale.<\/p>\n<p>L&rsquo;avion concern\u00e9 par les turbulences restera, pour une dur\u00e9e encore ind\u00e9termin\u00e9e, sur le tarmac de l&rsquo;a\u00e9roport ajaccien. Dans ce contexte, un avion d\u00e9tenu par Air Corsica va \u00eatre affr\u00e9t\u00e9 pour assurer le vol retour AF 4237 Ajaccio &#8211; Paris Orly, initialement pr\u00e9vu \u00e0 15\u00a0h\u00a020. Son d\u00e9part est finalement fix\u00e9 \u00e0 17\u00a0h\u00a030.<\/p>\n<p>Plus d&rsquo;informations \u00e0 venir\u2026<\/p>\n","protected":false},"excerpt":{"rendered":"La violence des chocs a surpris l&rsquo;ensemble des passagers. Ce mercredi 20\u00a0ao\u00fbt, cinq personnes ont \u00e9t\u00e9 bless\u00e9es au&hellip;\n","protected":false},"author":2,"featured_media":331883,"comment_status":"","ping_status":"","sticky":false,"template":"","format":"standard","meta":{"footnotes":""},"categories":[6],"tags":[17,5622,150,4901,35,3216,33,34,274,1011,27,12091,626,1175],"class_list":{"0":"post-331882","1":"post","2":"type-post","3":"status-publish","4":"format-standard","5":"has-post-thumbnail","7":"category-economie","8":"tag-17","9":"tag-ajaccio","10":"tag-apres","11":"tag-blesses","12":"tag-business","13":"tag-cinq","14":"tag-economie","15":"tag-economy","16":"tag-faits-divers-justice","17":"tag-fr","18":"tag-france","19":"tag-legers","20":"tag-paris","21":"tag-vol"},"share_on_mastodon":{"url":"https:\/\/pubeurope.com\/@fr\/115061859638355822","error":""},"_links":{"self":[{"href":"https:\/\/www.europesays.com\/fr\/wp-json\/wp\/v2\/posts\/331882","targetHints":{"allow":["GET"]}}],"collection":[{"href":"https:\/\/www.europesays.com\/fr\/wp-json\/wp\/v2\/posts"}],"about":[{"href":"https:\/\/www.europesays.com\/fr\/wp-json\/wp\/v2\/types\/post"}],"author":[{"embeddable":true,"href":"https:\/\/www.europesays.com\/fr\/wp-json\/wp\/v2\/users\/2"}],"replies":[{"embeddable":true,"href":"https:\/\/www.europesays.com\/fr\/wp-json\/wp\/v2\/comments?post=331882"}],"version-history":[{"count":0,"href":"https:\/\/www.europesays.com\/fr\/wp-json\/wp\/v2\/posts\/331882\/revisions"}],"wp:featuredmedia":[{"embeddable":true,"href":"https:\/\/www.europesays.com\/fr\/wp-json\/wp\/v2\/media\/331883"}],"wp:attachment":[{"href":"https:\/\/www.europesays.com\/fr\/wp-json\/wp\/v2\/media?parent=331882"}],"wp:term":[{"taxonomy":"category","embeddable":true,"href":"https:\/\/www.europesays.com\/fr\/wp-json\/wp\/v2\/categories?post=331882"},{"taxonomy":"post_tag","embeddable":true,"href":"https:\/\/www.europesays.com\/fr\/wp-json\/wp\/v2\/tags?post=331882"}],"curies":[{"name":"wp","href":"https:\/\/api.w.org\/{rel}","templated":true}]}}