{"id":331884,"date":"2025-08-20T15:43:11","date_gmt":"2025-08-20T15:43:11","guid":{"rendered":"https:\/\/www.europesays.com\/fr\/331884\/"},"modified":"2025-08-20T15:43:11","modified_gmt":"2025-08-20T15:43:11","slug":"emmanuel-macron-redit-tout-le-mal-quil-pense-de-loffensive-israelienne-a-gaza","status":"publish","type":"post","link":"https:\/\/www.europesays.com\/fr\/331884\/","title":{"rendered":"Emmanuel Macron redit tout le mal qu\u2019il pense de l\u2019offensive isra\u00e9lienne \u00e0 Gaza"},"content":{"rendered":"<p>        <img decoding=\"async\" loading=\"lazy\" src=\"https:\/\/www.europesays.com\/fr\/wp-content\/uploads\/2025\/08\/fead6ae_sirius-fs-upload-1-abicuys9wtew-1743589989964-000-38a89j6.jpg\"  width=\"728\" height=\"409\" alt=\"\u00ab\u00a0Non \u00e0 la guerre, oui \u00e0 la paix et \u00e0 la s\u00e9curit\u00e9 pour tous\u00a0\u00bb, a encore martel\u00e9 le pr\u00e9sident fran\u00e7ais face aux nouvelles actions militaires d\u2019Isra\u00ebl pr\u00e9vues dans la bande de Gaza.\"\/>  <\/p>\n<p>SARAH MEYSSONNIER \/ AFP<\/p>\n<p>\u00ab\u00a0Non \u00e0 la guerre, oui \u00e0 la paix et \u00e0 la s\u00e9curit\u00e9 pour tous\u00a0\u00bb, a encore martel\u00e9 le pr\u00e9sident fran\u00e7ais face aux nouvelles actions militaires d\u2019Isra\u00ebl pr\u00e9vues dans la bande de Gaza.<\/p>\n<p class=\"asset asset-text\">INTERNATIONAL &#8211; Le torchon diplomatique continue de br\u00fbler entre Paris et Tel-Aviv. Apr\u00e8s la lettre envoy\u00e9e par le <a href=\"https:\/\/www.huffingtonpost.fr\/international\/video\/benjamin-netanyahu-denonce-les-manifestants-en-israel-la-mere-d-un-otage-replique-a-ses-accusations_253678.html\" target=\"_blank\" rel=\"noopener\">Premier ministre isra\u00e9lien Benjamin Netanyahu<\/a> \u00e0 <a href=\"https:\/\/www.huffingtonpost.fr\/politique\/article\/face-a-l-infox-transphobe-visant-brigitte-emmanuel-macron-veut-defendre-son-honneur_253744.html\" target=\"_blank\" rel=\"noopener\">Emmanuel Macron<\/a> et la r\u00e9ponse de ce dernier, les relations entre les deux pays continuent de se fragiliser.<\/p>\n<p class=\"asset asset-text\">En cause\u00a0? \u00ab\u00a0<a href=\"https:\/\/www.huffingtonpost.fr\/international\/article\/israel-se-rapproche-un-peu-plus-de-la-prise-de-la-ville-de-gaza-avec-cette-decision_253774.html\" target=\"_blank\" rel=\"noopener\">L\u2019offensive militaire sur Gaza que pr\u00e9pare Isra\u00ebl<\/a>\u00a0\u00bb, <a href=\"https:\/\/www.huffingtonpost.fr\/international\/article\/une-violation-grave-du-droit-la-france-exhorte-israel-a-stopper-ce-projet-en-cisjordanie_253659.html\" target=\"_blank\" rel=\"noopener\">une nouvelle fois d\u00e9nonc\u00e9e<\/a> par le pr\u00e9sident fran\u00e7ais dans un message sur X ce mercredi 20\u00a0ao\u00fbt. Emmanuel Macron y \u00e9crit aussi qu\u2019apr\u00e8s un nouvel appel avec le Roi de Jordanie Abdallah II puis avec le Pr\u00e9sident \u00e9gyptien Sissi, les trois hommes partagent \u00ab\u00a0la m\u00eame conviction\u00a0\u00bb. Celle que cette nouvelle offensive arm\u00e9e sur <a href=\"https:\/\/www.huffingtonpost.fr\/culture\/article\/s-il-vous-plait-allez-a-gaza-l-appel-de-madonna-au-pape-leon-xiv_253509.html\" target=\"_blank\" rel=\"noopener\">Gaza<\/a> \u00ab\u00a0ne peut conduire qu\u2019\u00e0 un v\u00e9ritable d\u00e9sastre pour les deux peuples\u00a0\u00bb.<\/p>\n<p class=\"asset asset-text\">Un message du locataire de l\u2019\u00c9lys\u00e9e qui intervient peu de temps apr\u00e8s l\u2019annonce isra\u00e9lienne du rappel de 60\u00a0000\u00a0r\u00e9servistes dans le cadre du feu vert pour <a href=\"https:\/\/www.huffingtonpost.fr\/international\/article\/benjamin-netanyahu-detaille-le-sort-qu-il-reserve-aux-gazaouis-dans-son-plan-pour-l-enclave-palestinienne_253527.html\" target=\"_blank\" rel=\"noopener\">prendre le contr\u00f4le de la ville palestinienne<\/a>. Le cabinet de s\u00e9curit\u00e9 pr\u00e9sid\u00e9 par Benjamin Netanyahu ayant approuv\u00e9 d\u00e9but ao\u00fbt un plan pour s\u2019emparer de la ville et de camps de r\u00e9fugi\u00e9s du centre du territoire, consid\u00e9r\u00e9s comme les derniers bastions du Hamas.<\/p>\n<p> La lecture de ce contenu est susceptible d\u2019entra\u00eener un d\u00e9p\u00f4t de cookies de la part de l\u2019op\u00e9rateur tiers qui l\u2019h\u00e9berge. Compte-tenu des choix que vous avez exprim\u00e9s en mati\u00e8re de d\u00e9p\u00f4t de cookies, nous avons bloqu\u00e9 l\u2019affichage de ce contenu. Si vous souhaitez y acc\u00e9der, vous devez accepter la cat\u00e9gorie de cookies \u201cContenus tiers\u201d en cliquant sur le bouton ci-dessous. <\/p>\n<p> Lire la Vid\u00e9o        <\/p>\n<p class=\"asset asset-text\">Cette op\u00e9ration de conqu\u00eate \u00ab\u00a0entra\u00eenera la r\u00e9gion dans une guerre permanente\u00a0\u00bb, ajoute le pr\u00e9sident fran\u00e7ais, qui en profite pour lister pour la seconde fois en dix jours les termes qui, selon lui, peuvent \u00ab\u00a0mettre fin \u00e0 cette guerre\u00a0\u00bb. Il rappelle ainsi qu\u2019il milite pour la \u00ab\u00a0mise en place d\u2019un cessez-le-feu permanent \u00e0 Gaza\u00a0\u00bb, la \u00ab\u00a0lib\u00e9ration de tous les otages\u00a0\u00bb, l\u2019\u00ab\u00a0acheminement massif d\u2019aide humanitaire aux Gazaouis\u00a0\u00bb, le \u00ab\u00a0d\u00e9sarmement du Hamas et le renforcement de l\u2019Autorit\u00e9 palestinienne \u00e0 Gaza\u00a0\u00bb.<\/p>\n<p class=\"asset asset-text\">Et pour y parvenir, il se joint \u00e0 la Jordanie et \u00e0 l\u2019\u00c9gypte pour r\u00e9clamer la mise en \u0153uvre d\u2019une \u00ab\u00a0mission de stabilisation internationale pour Gaza\u00a0\u00bb et d\u2019\u00ab\u00a0une solution politique qui r\u00e9ponde aux aspirations des deux peuples\u00a0\u00bb.<\/p>\n<p class=\"asset asset-text\">\u00ab\u00a0Non \u00e0 la guerre, oui \u00e0 la paix et \u00e0 la s\u00e9curit\u00e9 pour tous\u00a0\u00bb, fini par conclure le chef de l\u2019\u00c9tat au moment o\u00f9 la relation avec Isra\u00ebl semble plus tendue que jamais.<\/p>\n<p>    \u00ab\u00a0Vaines pol\u00e9miques\u00a0\u00bb    <\/p>\n<p class=\"asset asset-text\">Il faut dire qu\u2019\u00e0 la veille de ce nouveau message contre l\u2019action politique et militaire isra\u00e9lienne, le ton est encore mont\u00e9 d\u2019un cran. Mardi, <a href=\"https:\/\/www.huffingtonpost.fr\/international\/article\/netanyahu-appelle-macron-a-renoncer-sur-la-palestine-avant-cette-date-symbolique_253759.html\" target=\"_blank\" rel=\"noopener\">Benjamin Netanyahu<\/a> avait en effet accus\u00e9 la France \u2212 dans une lettre adress\u00e9e \u00e0 Emmanuel Macron \u2212 de nourrir l\u2019antis\u00e9mitisme \u00e0 cause de la volont\u00e9 du pr\u00e9sident fran\u00e7ais de <a href=\"https:\/\/www.huffingtonpost.fr\/international\/article\/emmanuel-macron-annonce-la-reconnaissance-de-l-etat-de-palestine-par-la-france-en-septembre_252960.html\" target=\"_blank\" rel=\"noopener\">reconna\u00eetre l\u2019\u00c9tat palestinien<\/a>. \u00ab\u00a0Je vous appelle \u00e0 remplacer la faiblesse par l\u2019action, l\u2019apaisement par la volont\u00e9, et \u00e0 le faire avant une date claire\u00a0: la nouvelle ann\u00e9e juive, le 23\u00a0septembre\u00a02025\u00a0\u00bb, r\u00e9clamait le dirigeant isra\u00e9lien pour <a href=\"https:\/\/www.huffingtonpost.fr\/international\/article\/netanyahu-appelle-macron-a-renoncer-sur-la-palestine-avant-cette-date-symbolique_253759.html\" target=\"_blank\" rel=\"noopener\">forcer Emmanuel Macron \u00e0 revenir sur sa d\u00e9cision<\/a>, qui doit \u00eatre officialis\u00e9 en septembre lors d\u2019un sommet \u00e0 New York sur la solution \u00e0 deux \u00c9tats.<\/p>\n<p class=\"asset asset-text\">En guise de premi\u00e8re r\u00e9ponse, l\u2019\u00c9lys\u00e9e avait estim\u00e9 ne pas avoir \u00ab\u00a0de le\u00e7ons \u00e0 recevoir dans la lutte contre l\u2019antis\u00e9mitisme\u00a0\u00bb. Et sur BFMTV, le ministre des Affaires europ\u00e9ennes, Benjamin Haddad, a appel\u00e9 \u00e0 ne pas \u00ab\u00a0instrumentaliser\u00a0\u00bb le sujet de \u00ab\u00a0l\u2019antis\u00e9mitisme qui empoisonne nos soci\u00e9t\u00e9s europ\u00e9ennes\u00a0\u00bb. Car les autorit\u00e9s fran\u00e7aises ont, selon lui, \u00e9t\u00e9 \u00ab\u00a0toujours extr\u00eamement mobilis\u00e9es contre l\u2019antis\u00e9mitisme\u00a0\u00bb.<\/p>\n<p class=\"asset asset-text\">Preuve du climat tendu et persistant entre Paris et Tel-Aviv, le Conseil repr\u00e9sentatif des institutions juives de France a rappel\u00e9 ce mercredi que \u00ab\u00a0le combat contre l\u2019antis\u00e9mitisme doit rassembler et non diviser\u00a0\u00bb. \u00ab\u00a0La relation entre la France et Isra\u00ebl, fond\u00e9e sur des valeurs d\u00e9mocratiques partag\u00e9es et des combats communs notamment contre le terrorisme, m\u00e9rite mieux que de vaines pol\u00e9miques\u00a0\u00bb, a comment\u00e9 le pr\u00e9sident du Crif Yonathan Arfi sur X.<\/p>\n","protected":false},"excerpt":{"rendered":"SARAH MEYSSONNIER \/ AFP \u00ab\u00a0Non \u00e0 la guerre, oui \u00e0 la paix et \u00e0 la s\u00e9curit\u00e9 pour tous\u00a0\u00bb,&hellip;\n","protected":false},"author":2,"featured_media":331885,"comment_status":"","ping_status":"","sticky":false,"template":"","format":"standard","meta":{"footnotes":""},"categories":[5],"tags":[11,3448,3259,1073,1011,27,665,14,664,12,28],"class_list":{"0":"post-331884","1":"post","2":"type-post","3":"status-publish","4":"format-standard","5":"has-post-thumbnail","7":"category-international","8":"tag-actualites","9":"tag-benjamin-netanyahou","10":"tag-conflit-israelo-palestinien","11":"tag-emmanuel-macron","12":"tag-fr","13":"tag-france","14":"tag-gaza","15":"tag-international","16":"tag-israel","17":"tag-news","18":"tag-world"},"share_on_mastodon":{"url":"https:\/\/pubeurope.com\/@fr\/115061863675799688","error":""},"_links":{"self":[{"href":"https:\/\/www.europesays.com\/fr\/wp-json\/wp\/v2\/posts\/331884","targetHints":{"allow":["GET"]}}],"collection":[{"href":"https:\/\/www.europesays.com\/fr\/wp-json\/wp\/v2\/posts"}],"about":[{"href":"https:\/\/www.europesays.com\/fr\/wp-json\/wp\/v2\/types\/post"}],"author":[{"embeddable":true,"href":"https:\/\/www.europesays.com\/fr\/wp-json\/wp\/v2\/users\/2"}],"replies":[{"embeddable":true,"href":"https:\/\/www.europesays.com\/fr\/wp-json\/wp\/v2\/comments?post=331884"}],"version-history":[{"count":0,"href":"https:\/\/www.europesays.com\/fr\/wp-json\/wp\/v2\/posts\/331884\/revisions"}],"wp:featuredmedia":[{"embeddable":true,"href":"https:\/\/www.europesays.com\/fr\/wp-json\/wp\/v2\/media\/331885"}],"wp:attachment":[{"href":"https:\/\/www.europesays.com\/fr\/wp-json\/wp\/v2\/media?parent=331884"}],"wp:term":[{"taxonomy":"category","embeddable":true,"href":"https:\/\/www.europesays.com\/fr\/wp-json\/wp\/v2\/categories?post=331884"},{"taxonomy":"post_tag","embeddable":true,"href":"https:\/\/www.europesays.com\/fr\/wp-json\/wp\/v2\/tags?post=331884"}],"curies":[{"name":"wp","href":"https:\/\/api.w.org\/{rel}","templated":true}]}}