{"id":331890,"date":"2025-08-20T15:46:18","date_gmt":"2025-08-20T15:46:18","guid":{"rendered":"https:\/\/www.europesays.com\/fr\/331890\/"},"modified":"2025-08-20T15:46:18","modified_gmt":"2025-08-20T15:46:18","slug":"saint-etienne-interpelle-avec-15-g-de-ketamine-a-chateaucreux","status":"publish","type":"post","link":"https:\/\/www.europesays.com\/fr\/331890\/","title":{"rendered":"Saint-\u00c9tienne : interpell\u00e9 avec 15 g de k\u00e9tamine \u00e0 Ch\u00e2teaucreux"},"content":{"rendered":"<p>Dimanche 17 ao\u00fbt vers 19 heures, lors d\u2019une patrouille \u00e0 proximit\u00e9 de la gare de Ch\u00e2teaucreux, la section d\u2019intervention de la police a rep\u00e9r\u00e9 deux individus semblant vouloir les \u00e9viter.<\/p>\n<p>\u00c0 la vue des policiers, l\u2019un d\u2019eux, \u00e2g\u00e9 de 18 ans, a pris la fuite avant d\u2019\u00eatre rapidement rattrap\u00e9 et interpell\u00e9. Lors de la fouille, les agents ont d\u00e9couvert qu\u2019il dissimulait dans son pantalon un sachet contenant <strong>15 grammes<\/strong> de poudre blanche, identifi\u00e9e comme de la <strong>k\u00e9tamine<\/strong>.<\/p>\n<p>Le jeune homme sera convoqu\u00e9 devant la justice pour r\u00e9bellion et usage de stup\u00e9fiants.<\/p>\n<p>L&rsquo;autre individu n&rsquo;avait rien sur lui.<\/p>\n<p>C. Ercilla<\/p>\n","protected":false},"excerpt":{"rendered":"Dimanche 17 ao\u00fbt vers 19 heures, lors d\u2019une patrouille \u00e0 proximit\u00e9 de la gare de Ch\u00e2teaucreux, la section&hellip;\n","protected":false},"author":2,"featured_media":331891,"comment_status":"","ping_status":"","sticky":false,"template":"","format":"standard","meta":{"footnotes":""},"categories":[9653],"tags":[1111,11,2430,1777,674,1011,27,12,25,4001],"class_list":{"0":"post-331890","1":"post","2":"type-post","3":"status-publish","4":"format-standard","5":"has-post-thumbnail","7":"category-saint-etienne","8":"tag-actu","9":"tag-actualites","10":"tag-auvergne-rhone-alpes","11":"tag-eu","12":"tag-europe","13":"tag-fr","14":"tag-france","15":"tag-news","16":"tag-republique-francaise","17":"tag-saint-etienne"},"share_on_mastodon":{"url":"https:\/\/pubeurope.com\/@fr\/115061875404635654","error":""},"_links":{"self":[{"href":"https:\/\/www.europesays.com\/fr\/wp-json\/wp\/v2\/posts\/331890","targetHints":{"allow":["GET"]}}],"collection":[{"href":"https:\/\/www.europesays.com\/fr\/wp-json\/wp\/v2\/posts"}],"about":[{"href":"https:\/\/www.europesays.com\/fr\/wp-json\/wp\/v2\/types\/post"}],"author":[{"embeddable":true,"href":"https:\/\/www.europesays.com\/fr\/wp-json\/wp\/v2\/users\/2"}],"replies":[{"embeddable":true,"href":"https:\/\/www.europesays.com\/fr\/wp-json\/wp\/v2\/comments?post=331890"}],"version-history":[{"count":0,"href":"https:\/\/www.europesays.com\/fr\/wp-json\/wp\/v2\/posts\/331890\/revisions"}],"wp:featuredmedia":[{"embeddable":true,"href":"https:\/\/www.europesays.com\/fr\/wp-json\/wp\/v2\/media\/331891"}],"wp:attachment":[{"href":"https:\/\/www.europesays.com\/fr\/wp-json\/wp\/v2\/media?parent=331890"}],"wp:term":[{"taxonomy":"category","embeddable":true,"href":"https:\/\/www.europesays.com\/fr\/wp-json\/wp\/v2\/categories?post=331890"},{"taxonomy":"post_tag","embeddable":true,"href":"https:\/\/www.europesays.com\/fr\/wp-json\/wp\/v2\/tags?post=331890"}],"curies":[{"name":"wp","href":"https:\/\/api.w.org\/{rel}","templated":true}]}}