{"id":331892,"date":"2025-08-20T15:47:10","date_gmt":"2025-08-20T15:47:10","guid":{"rendered":"https:\/\/www.europesays.com\/fr\/331892\/"},"modified":"2025-08-20T15:47:10","modified_gmt":"2025-08-20T15:47:10","slug":"ligue-2-cest-le-retour-de-100-sainte-sur-ici-saint-etienne-loire-pour-suivre-toute-lactu-des-verts-a-la-radio","status":"publish","type":"post","link":"https:\/\/www.europesays.com\/fr\/331892\/","title":{"rendered":"Ligue 2 : c&rsquo;est le retour de \u00ab\u00a0100% Saint\u00e9\u00a0\u00bb sur ICI Saint-\u00c9tienne Loire pour suivre toute l&rsquo;actu des Verts \u00e0 la radio"},"content":{"rendered":"<p>Avec le retour du championnat, c&rsquo;est le retour de vos rendez-vous d\u00e8s le 22 ao\u00fbt sur ICI Saint-\u00c9tienne Loire pour suivre toute l&rsquo;actu et ne louper aucune info sur l&rsquo;ASSE. C&rsquo;est en \u00e9coute ou r\u00e9\u00e9coute tous les jours, en semaine et les week-ends.<\/p>\n<p>C&rsquo;est reparti pour une saison\u00a0! ICI Saint-\u00c9tienne Loire est toujours derri\u00e8re les Verts pour vous faire vivre en direct les soir\u00e9es de Ligue 2, le mercato, les r\u00e9actions, les rebondissements, les bons moments et les moins bons, l&rsquo;\u00e9quipe, les entra\u00eenements,\u00a0<a class=\"IciLink ici-link IciArticleLink g-ici-body-regular-1 underline brand svelte-lu7k6w\" href=\"https:\/\/www.francebleu.fr\/personnes\/as-saint-etienne\" rel=\"nofollow noopener\" target=\"_blank\">tout tout tout sur l&rsquo;AS Saint-\u00c9tienne.<\/a>\u00a0\u00c0 \u00e9couter et r\u00e9\u00e9couter sur ici.fr et sur les applis ICI et Radio France.<\/p>\n<p>100% Saint\u00e9, le d\u00e9brief<\/p>\n<p><a class=\"IciLink ici-link IciArticleLink g-ici-body-regular-1 underline brand svelte-lu7k6w\" href=\"https:\/\/www.francebleu.fr\/emissions\/100-sainte\/saint-etienne-loire\" rel=\"nofollow noopener\" target=\"_blank\"><strong>Tous les lundis, de 18h \u00e0 19h<\/strong><\/a>\u00a0autour de Martin Moulier, retrouvez les journalistes, chroniqueurs et consultants dans notre studio\u00a0:\u00a0J\u00e9r\u00e9my Marillier, Rodolphe Montagnier, Olivier Roch\u00e9,\u00a0<a target=\"_blank\" rel=\"nofollow noopener noreferrer\" class=\"IciLink ici-link IciArticleLink g-ici-body-regular-1 underline brand svelte-lu7k6w\" href=\"https:\/\/www.envertetcontretous.fr\/\">Paul Rivolier (evect.fr) et Joris Saby (evect.fr)<\/a>. Vous retrouverez les rubriques habituelles\u00a0: le d\u00e9brief\u00a0du match du week-end avec les notes des joueurs, les tops, les flops, un d\u00e9bat, un jeu et l&rsquo;actu sur la vie du club (celle les autres Verts, les f\u00e9minines, le foot fauteuil, les salari\u00e9s du club&#8230;). <strong>Intervenez en direct au 04.77.10.00.10 ou\u00a0laissez-nous un message vocal via Whatsapp au m\u00eame num\u00e9ro.<\/strong><\/p>\n<p>Cette ann\u00e9e, nous accueillons \u00e9galement de nouvelles rubriques\u00a0:<\/p>\n<ul>\n<li><strong>Dans le r\u00e9tro &#8211;<\/strong> Il y a 50 ans, l\u2019\u00e9pop\u00e9e des Verts avec le retour sur la saison 1975-1976<\/li>\n<li><strong>Paroles de supporters &#8211;<\/strong> Vos r\u00e9actions, vos messages, vos avis, des coups de chapeau et coups de gueule<\/li>\n<\/ul>\n<p><img loading=\"lazy\" decoding=\"async\" class=\"VisualPreview svelte-1rldrkz\" src=\"data:image\/jpeg;base64,\/9j\/2wBDACgcHiMeGSgjISMtKygwPGRBPDc3PHtYXUlkkYCZlo+AjIqgtObDoKrarYqMyP\/L2u71\/\/\/\/m8H\/\/\/\/6\/+b9\/\/j\/2wBDASstLTw1PHZBQXb4pYyl+Pj4+Pj4+Pj4+Pj4+Pj4+Pj4+Pj4+Pj4+Pj4+Pj4+Pj4+Pj4+Pj4+Pj4+Pj4+Pj4+Pj\/wAARCAAKACoDASIAAhEBAxEB\/8QAFgABAQEAAAAAAAAAAAAAAAAAAAEC\/8QAFhABAQEAAAAAAAAAAAAAAAAAAAER\/8QAFgEBAQEAAAAAAAAAAAAAAAAAAgAB\/8QAFhEBAQEAAAAAAAAAAAAAAAAAAAER\/9oADAMBAAIRAxEAPwCWs2rWKeDTTUENUBMf\/9k=\" alt=\"100% Saint\u00e9\" width=\"600\" height=\"150\"\/>  100% Saint\u00e9 \u00a9 Getty 100% Saint\u00e9, le brief<\/p>\n<p><a class=\"IciLink ici-link IciArticleLink g-ici-body-regular-1 underline brand svelte-lu7k6w\" href=\"https:\/\/www.francebleu.fr\/emissions\/100-sainte\/saint-etienne-loire\" rel=\"nofollow noopener\" target=\"_blank\"><strong>Tous les vendredis, de 18h \u00e0 19h<\/strong><\/a>\u00a0autour de Martin Moulier ou Olivier Roch\u00e9, on parlera \u00e9videmment de la rencontre \u00e0 venir dans la prochaine journ\u00e9e de championnat avec nos intervenant habituels <strong>:<\/strong>\u00a0J\u00e9r\u00e9my Marillier, Rodolphe Montagnier, Olivier Roch\u00e9, Paul Rivolier (evect.fr) et Joris Saby (evect.fr).<\/p>\n<p>Un web qui annonce le retour de l\u2019\u00e9mission, les nouvelles rubriques (paroles de supporters, la vie du club, back to 75) , comment les retrouver en podcasts, la future chaine youtube\u2026..<\/p>\n<p>100% Saint\u00e9, la chronique<\/p>\n<p><a class=\"IciLink ici-link IciArticleLink g-ici-body-regular-1 underline brand svelte-lu7k6w\" href=\"https:\/\/www.francebleu.fr\/emissions\/100-sainte-la-chronique\/saint-etienne-loire\" rel=\"nofollow noopener\" target=\"_blank\"><strong>Chaque matin \u00e0 6h40 et 8h40 du lundi au vendredi,<\/strong><\/a>\u00a0votre rendez-vous matinal avec l&rsquo;AS Saint-\u00c9tienne \u00e0 la radio et \u00e0 la t\u00e9l\u00e9 sur ICI Saint-\u00c9tienne Loire. On se concentre en deux minutes sur ce qui fait l&rsquo;actu ders Verts, les matchs, les supporters, le club et son histoire, des analyses, des statistiques, les entra\u00eenements et toutes les infos \u00e0 suivre\u00a0!<\/p>\n<p>100% Saint\u00e9, l&rsquo;apr\u00e8s-match<\/p>\n<p><a class=\"IciLink ici-link IciArticleLink g-ici-body-regular-1 underline brand svelte-lu7k6w\" href=\"https:\/\/www.francebleu.fr\/emissions\/100-sainte-l-apres-match\/saint-etienne-loire\" rel=\"nofollow noopener\" target=\"_blank\"><strong>Chaque soir de match apr\u00e8s le coup de sifflet final,<\/strong><\/a>\u00a0pas question de vous laisser partir sans parler de la rencontre qu&rsquo;on a v\u00e9cu ensemble \u00e0 la radio\u00a0! Dans l&rsquo;apr\u00e8s-match, on en change pas et on reviendra sur la performance des Verts sur la pelouse, ce qui a plu et d\u00e9plu, on d\u00e9cortique le score \u00e0 chaud\u00a0!<\/p>\n<p><img loading=\"lazy\" decoding=\"async\" class=\"VisualPreview svelte-1rldrkz\" src=\"data:image\/jpeg;base64,\/9j\/2wBDACgcHiMeGSgjISMtKygwPGRBPDc3PHtYXUlkkYCZlo+AjIqgtObDoKrarYqMyP\/L2u71\/\/\/\/m8H\/\/\/\/6\/+b9\/\/j\/2wBDASstLTw1PHZBQXb4pYyl+Pj4+Pj4+Pj4+Pj4+Pj4+Pj4+Pj4+Pj4+Pj4+Pj4+Pj4+Pj4+Pj4+Pj4+Pj4+Pj4+Pj\/wAARCAAKACoDASIAAhEBAxEB\/8QAFwABAQEBAAAAAAAAAAAAAAAAAgEAA\/\/EABUQAQEAAAAAAAAAAAAAAAAAAAAB\/8QAFgEAAwAAAAAAAAAAAAAAAAAAAAEC\/8QAFREBAQAAAAAAAAAAAAAAAAAAAAH\/2gAMAwEAAhEDEQA\/AFQrpQoIWjLFwiipFUH\/2Q==\" alt=\"100% Saint\u00e9\" width=\"600\" height=\"150\"\/>  100% Saint\u00e9 \u00a9 Getty <\/p>\n","protected":false},"excerpt":{"rendered":"Avec le retour du championnat, c&rsquo;est le retour de vos rendez-vous d\u00e8s le 22 ao\u00fbt sur ICI Saint-\u00c9tienne&hellip;\n","protected":false},"author":2,"featured_media":331893,"comment_status":"","ping_status":"","sticky":false,"template":"","format":"standard","meta":{"footnotes":""},"categories":[9653],"tags":[1111,11,2430,1777,674,1011,27,12,25,4001],"class_list":{"0":"post-331892","1":"post","2":"type-post","3":"status-publish","4":"format-standard","5":"has-post-thumbnail","7":"category-saint-etienne","8":"tag-actu","9":"tag-actualites","10":"tag-auvergne-rhone-alpes","11":"tag-eu","12":"tag-europe","13":"tag-fr","14":"tag-france","15":"tag-news","16":"tag-republique-francaise","17":"tag-saint-etienne"},"share_on_mastodon":{"url":"https:\/\/pubeurope.com\/@fr\/115061879394439926","error":""},"_links":{"self":[{"href":"https:\/\/www.europesays.com\/fr\/wp-json\/wp\/v2\/posts\/331892","targetHints":{"allow":["GET"]}}],"collection":[{"href":"https:\/\/www.europesays.com\/fr\/wp-json\/wp\/v2\/posts"}],"about":[{"href":"https:\/\/www.europesays.com\/fr\/wp-json\/wp\/v2\/types\/post"}],"author":[{"embeddable":true,"href":"https:\/\/www.europesays.com\/fr\/wp-json\/wp\/v2\/users\/2"}],"replies":[{"embeddable":true,"href":"https:\/\/www.europesays.com\/fr\/wp-json\/wp\/v2\/comments?post=331892"}],"version-history":[{"count":0,"href":"https:\/\/www.europesays.com\/fr\/wp-json\/wp\/v2\/posts\/331892\/revisions"}],"wp:featuredmedia":[{"embeddable":true,"href":"https:\/\/www.europesays.com\/fr\/wp-json\/wp\/v2\/media\/331893"}],"wp:attachment":[{"href":"https:\/\/www.europesays.com\/fr\/wp-json\/wp\/v2\/media?parent=331892"}],"wp:term":[{"taxonomy":"category","embeddable":true,"href":"https:\/\/www.europesays.com\/fr\/wp-json\/wp\/v2\/categories?post=331892"},{"taxonomy":"post_tag","embeddable":true,"href":"https:\/\/www.europesays.com\/fr\/wp-json\/wp\/v2\/tags?post=331892"}],"curies":[{"name":"wp","href":"https:\/\/api.w.org\/{rel}","templated":true}]}}