{"id":331894,"date":"2025-08-20T15:48:18","date_gmt":"2025-08-20T15:48:18","guid":{"rendered":"https:\/\/www.europesays.com\/fr\/331894\/"},"modified":"2025-08-20T15:48:18","modified_gmt":"2025-08-20T15:48:18","slug":"bassin-de-pompey-partez-a-la-decouverte-de-la-nature-au-rythme-des-anes","status":"publish","type":"post","link":"https:\/\/www.europesays.com\/fr\/331894\/","title":{"rendered":"Bassin de Pompey. Partez \u00e0 la d\u00e9couverte de la nature au rythme des \u00e2nes"},"content":{"rendered":"<p>Observer, sentir, toucher, exp\u00e9rimenter la biodiversit\u00e9 qui nous entoure\u2026 Voil\u00e0 ce que propose le Bassin de Pompey durant l\u2019\u00e9t\u00e9 \u00e0 travers son <a href=\"https:\/\/www.bassinpompey.fr\/information-transversale\/publications\/curieux-de-ntaure-10579\" target=\"_blank\" rel=\"noopener\">programme d\u2019animations \u00ab Curieux de nature \u00bb<\/a> , en partenariat avec le Centre permanent d\u2019initiatives pour l\u2019environnement (CPIE) Nancy-Champenoux.<\/p>\n<p>  Une balade avec trois \u00e2nes<\/p>\n<p>L\u2019invitation \u00e0 s\u2019\u00e9vader du quotidien et \u00e0 se reconnecter \u00e0 la nature s\u2019adresse aux familles, avec l\u2019objectif de leur faire d\u00e9couvrir les richesses d\u2019un environnement parfois mal connu et de sensibiliser les plus jeunes \u00e0 l\u2019importance de le pr\u00e9server.<\/p>\n<p>Ce jeudi 28 ao\u00fbt, de 10 h \u00e0 16 h 30, les \u00ab Curieux de nature \u00bb pourront prendre le d\u00e9part d\u2019une balade depuis Eulmont, accompagn\u00e9s par Violette, \u00c9glantine et Roxane, les baudets de la <a href=\"https:\/\/www.estrepublicain.fr\/culture-loisirs\/2025\/08\/06\/un-mois-de-juillet-positif-pour-la-compagnie-des-anes\" target=\"_blank\" rel=\"noopener\">Compagnie des \u00e2nes<\/a>. Agr\u00e9\u00e9e \u00ab \u00c9ducation populaire \u00bb, la Compagnie des \u00e2nes, une association de sensibilisation et d\u2019\u00e9ducation \u00e0 l\u2019environnement cr\u00e9\u00e9e en 2006 par Samy Alais, qui \u0153uvre aussi dans le champ de la m\u00e9diation animale.<\/p>\n<p>\u00ab Notre approche de la nature est multiple \u00bb, explique Samy Alais. \u00ab Au-del\u00e0 de la dimension scientifique avec la transmission de connaissances naturalistes, nous attachons beaucoup d\u2019importance \u00e0 la dimension ludique, sensorielle, artistique et cr\u00e9ative. Gr\u00e2ce \u00e0 nos animaux, nous intervenons aupr\u00e8s de publics diff\u00e9rents. \u00bb<\/p>\n<p>La balade, qui partira d\u2019Eulmont, emm\u00e8nera les participants en direction de Lay-Saint-Christophe, au rythme des \u00e2nes. Les marcheurs emprunteront des petits sentiers, en prenant le temps de d\u00e9couvrir les oiseaux, les insectes et la flore aux alentours.<\/p>\n<p>  Un parcours de 5 km avec repas tir\u00e9 du sac<\/p>\n<p>\u00ab Le parcours pr\u00e9vu est d\u2019environ 5 km \u00bb, d\u00e9taille l\u2019animateur. \u00ab Les animaux constituent le lien pour aller \u00e0 la rencontre de notre environnement. Avec les \u00e2nes, nous ferons beaucoup de haltes afin de permettre aux participants de profiter d\u2019ateliers d\u2019observation et d\u2019\u00e9coute. La pause se fera en pleine nature, avec repas tir\u00e9 du sac. \u00bb<\/p>\n<p>Le nombre d\u2019inscriptions est limit\u00e9. Les familles int\u00e9ress\u00e9es par cette sortie apaisante et riche en d\u00e9couvertes, peuvent s\u2019inscrire sur le <a href=\"https:\/\/www.compagniedesanes.com\/contacts\" target=\"_blank\" rel=\"noopener\">site de la Compagnie des \u00e2nes (lacompagniedesanes@gmail.com)<\/a> ou en t\u00e9l\u00e9phonant au 06 82 13 29 16.<\/p>\n","protected":false},"excerpt":{"rendered":"Observer, sentir, toucher, exp\u00e9rimenter la biodiversit\u00e9 qui nous entoure\u2026 Voil\u00e0 ce que propose le Bassin de Pompey durant&hellip;\n","protected":false},"author":2,"featured_media":331895,"comment_status":"","ping_status":"","sticky":false,"template":"","format":"standard","meta":{"footnotes":""},"categories":[9635],"tags":[1111,11,12080,1687,1704,1777,20012,674,1011,27,775,1702,12,25],"class_list":{"0":"post-331894","1":"post","2":"type-post","3":"status-publish","4":"format-standard","5":"has-post-thumbnail","7":"category-nancy","8":"tag-actu","9":"tag-actualites","10":"tag-cc-de-seille-et-grand-couronne-54b","11":"tag-culture-loisirs","12":"tag-edition-nancy-et-agglomeration","13":"tag-eu","14":"tag-eulmont","15":"tag-europe","16":"tag-fr","17":"tag-france","18":"tag-grand-est","19":"tag-nancy","20":"tag-news","21":"tag-republique-francaise"},"share_on_mastodon":{"url":"https:\/\/pubeurope.com\/@fr\/115061883249349019","error":""},"_links":{"self":[{"href":"https:\/\/www.europesays.com\/fr\/wp-json\/wp\/v2\/posts\/331894","targetHints":{"allow":["GET"]}}],"collection":[{"href":"https:\/\/www.europesays.com\/fr\/wp-json\/wp\/v2\/posts"}],"about":[{"href":"https:\/\/www.europesays.com\/fr\/wp-json\/wp\/v2\/types\/post"}],"author":[{"embeddable":true,"href":"https:\/\/www.europesays.com\/fr\/wp-json\/wp\/v2\/users\/2"}],"replies":[{"embeddable":true,"href":"https:\/\/www.europesays.com\/fr\/wp-json\/wp\/v2\/comments?post=331894"}],"version-history":[{"count":0,"href":"https:\/\/www.europesays.com\/fr\/wp-json\/wp\/v2\/posts\/331894\/revisions"}],"wp:featuredmedia":[{"embeddable":true,"href":"https:\/\/www.europesays.com\/fr\/wp-json\/wp\/v2\/media\/331895"}],"wp:attachment":[{"href":"https:\/\/www.europesays.com\/fr\/wp-json\/wp\/v2\/media?parent=331894"}],"wp:term":[{"taxonomy":"category","embeddable":true,"href":"https:\/\/www.europesays.com\/fr\/wp-json\/wp\/v2\/categories?post=331894"},{"taxonomy":"post_tag","embeddable":true,"href":"https:\/\/www.europesays.com\/fr\/wp-json\/wp\/v2\/tags?post=331894"}],"curies":[{"name":"wp","href":"https:\/\/api.w.org\/{rel}","templated":true}]}}