{"id":331898,"date":"2025-08-20T15:50:12","date_gmt":"2025-08-20T15:50:12","guid":{"rendered":"https:\/\/www.europesays.com\/fr\/331898\/"},"modified":"2025-08-20T15:50:12","modified_gmt":"2025-08-20T15:50:12","slug":"on-vous-raconte-comment-les-spahis-algeriens-ont-libere-le-beausset-le-20-aout-1944","status":"publish","type":"post","link":"https:\/\/www.europesays.com\/fr\/331898\/","title":{"rendered":"On vous raconte comment les spahis Alg\u00e9riens ont lib\u00e9r\u00e9 Le Beausset le 20 ao\u00fbt 1944"},"content":{"rendered":"<p>Pendant que le gros des troupes, d\u00e9barqu\u00e9es le 15 et 16 ao\u00fbt vers Saint-Tropez, s\u2019appr\u00eate \u00e0 investir Toulon par l\u2019est suivant un axe Puget-Ville, Cuers, Solli\u00e8s-Pont, La Farl\u00e8de, La Valette, les 2e et 3e spahis Alg\u00e9riens ont re\u00e7u pour mission d\u2019envelopper la ville par le nord et l\u2019ouest suivant l\u2019itin\u00e9raire Puget-Ville, Rocbaron, M\u00e9ounes, Signes, Le Beausset, \u00c9venos et Bandol.<\/p>\n<p>Dot\u00e9es de chars l\u00e9gers M5, d\u2019auto-canons AM8, de half-tracks, de scout-cars et de jeeps, ces unit\u00e9s sont soutenues par des Tanks Destroyers du 7e R\u00e9giment de Chasseurs d\u2019Afrique et des fantassins de la 3e Division d\u2019Infanterie Alg\u00e9rienne. Le 19 ao\u00fbt \u00e0 17h, les premiers spahis d\u00e9bouchent au carrefour du Camp. Ils sont accueillis par le feu nourri de postes de d\u00e9fense \u00e9tablis par les Allemands. Bilan: un tu\u00e9 (brigadier Magro) et plusieurs bless\u00e9s c\u00f4t\u00e9 spahi; plusieurs tu\u00e9s, bless\u00e9s et prisonniers c\u00f4t\u00e9 allemand.<\/p>\n<p>Le lendemain 20 ao\u00fbt vers 15h, la progression reprend en direction du Beausset. Une colonne emprunte les chemins du Jas Blanc et de la Pierre Mouraou, une autre la RN8, une troisi\u00e8me passe par Sainte-Anne de l\u2019Aouque et Le Br\u00fblat avant de se scinder en deux, moiti\u00e9 vers Le Beausset, moiti\u00e9 vers Le Castellet-village.<\/p>\n<p>Au Beausset, le premier engagement se produit \u00e0 16h. L\u2019AM8 Rogneuse (chef Labahnie) essuie les tirs de grenadiers allemands embusqu\u00e9s au quartier Notre-Dame. Mais l\u2019ennemi d\u00e9croche. Apr\u00e8s avoir travers\u00e9es le bourg jusqu\u2019\u00e0 la Maison des arts, Rogneuse et Rouiba (chef Mariel), sont prises \u00e0 partie. Il s\u2019agit cette fois d\u2019une pi\u00e8ce antichar post\u00e9e au rond-point Pompidou. S\u2019ensuit une puissante riposte, y compris des blind\u00e9s \u00e9chelonn\u00e9s sur la route du Castellet-village dont un gros obusier. L\u2019ennemi reflue alors vers \u00c9venos et Bandol. Dans la nuit, alors que l\u2019on croit l\u2019affaire r\u00e9gl\u00e9e, une contre-attaque lanc\u00e9e par une colonne de fuyards partie de Toulon est stopp\u00e9e en avant de la cave coop\u00e9rative.<\/p>\n<p>Au matin, on rel\u00e8vera plusieurs tu\u00e9s allemands dans les vignes. Le Beausset est libre! Ce m\u00eame jour, alors qu\u2019il progresse en direction de Sainte-Anne, le chasseur d\u2019Afrique Antoine Simoni est tu\u00e9 par un obus sur la RN8, lieu-dit La Cabane de bois (Var-matin du 18 ao\u00fbt).\u00a0<\/p>\n<p><strong>Infos:<\/strong> ce mercredi 20 ao\u00fbt, \u00e0 partir de 19 h, Le Beausset c\u00e9l\u00e8bre sa lib\u00e9ration.<\/p>\n","protected":false},"excerpt":{"rendered":"Pendant que le gros des troupes, d\u00e9barqu\u00e9es le 15 et 16 ao\u00fbt vers Saint-Tropez, s\u2019appr\u00eate \u00e0 investir Toulon&hellip;\n","protected":false},"author":2,"featured_media":331899,"comment_status":"","ping_status":"","sticky":false,"template":"","format":"standard","meta":{"footnotes":""},"categories":[9619],"tags":[1111,11,1777,674,1011,27,937,12,882,25,2310],"class_list":{"0":"post-331898","1":"post","2":"type-post","3":"status-publish","4":"format-standard","5":"has-post-thumbnail","7":"category-toulon","8":"tag-actu","9":"tag-actualites","10":"tag-eu","11":"tag-europe","12":"tag-fr","13":"tag-france","14":"tag-histoire","15":"tag-news","16":"tag-provence-alpes-cote-dazur","17":"tag-republique-francaise","18":"tag-toulon"},"share_on_mastodon":{"url":"https:\/\/pubeurope.com\/@fr\/115061891185860146","error":""},"_links":{"self":[{"href":"https:\/\/www.europesays.com\/fr\/wp-json\/wp\/v2\/posts\/331898","targetHints":{"allow":["GET"]}}],"collection":[{"href":"https:\/\/www.europesays.com\/fr\/wp-json\/wp\/v2\/posts"}],"about":[{"href":"https:\/\/www.europesays.com\/fr\/wp-json\/wp\/v2\/types\/post"}],"author":[{"embeddable":true,"href":"https:\/\/www.europesays.com\/fr\/wp-json\/wp\/v2\/users\/2"}],"replies":[{"embeddable":true,"href":"https:\/\/www.europesays.com\/fr\/wp-json\/wp\/v2\/comments?post=331898"}],"version-history":[{"count":0,"href":"https:\/\/www.europesays.com\/fr\/wp-json\/wp\/v2\/posts\/331898\/revisions"}],"wp:featuredmedia":[{"embeddable":true,"href":"https:\/\/www.europesays.com\/fr\/wp-json\/wp\/v2\/media\/331899"}],"wp:attachment":[{"href":"https:\/\/www.europesays.com\/fr\/wp-json\/wp\/v2\/media?parent=331898"}],"wp:term":[{"taxonomy":"category","embeddable":true,"href":"https:\/\/www.europesays.com\/fr\/wp-json\/wp\/v2\/categories?post=331898"},{"taxonomy":"post_tag","embeddable":true,"href":"https:\/\/www.europesays.com\/fr\/wp-json\/wp\/v2\/tags?post=331898"}],"curies":[{"name":"wp","href":"https:\/\/api.w.org\/{rel}","templated":true}]}}