{"id":331904,"date":"2025-08-20T15:53:10","date_gmt":"2025-08-20T15:53:10","guid":{"rendered":"https:\/\/www.europesays.com\/fr\/331904\/"},"modified":"2025-08-20T15:53:10","modified_gmt":"2025-08-20T15:53:10","slug":"les-rageux-raleurs-critiqueurs-professionnels-repondent-a-lassociation-pari-jeu-de-paume","status":"publish","type":"post","link":"https:\/\/www.europesays.com\/fr\/331904\/","title":{"rendered":"les \u00ab\u00a0rageux, r\u00e2leurs, critiqueurs professionnels&#8230;\u00a0\u00bb r\u00e9pondent \u00e0 l&rsquo;association PARI Jeu de Paume"},"content":{"rendered":"<p>            Par<br \/>\n        <strong><br \/>\n            <a href=\"https:\/\/actu.fr\/auteur\/c-nithard\" title=\"Consulter tous les articles de C\u00e9dric Nithard\" rel=\"nofollow noopener\" target=\"_blank\">C\u00e9dric Nithard<\/a><br \/>\n        <\/strong><\/p>\n<p>        Publi\u00e9 le<\/p>\n<p>            20 ao\u00fbt 2025 \u00e0 17h03        <\/p>\n<p>En d\u00e9fendant<strong> une vision optimiste<\/strong> des transformations de <strong>Montpellier<\/strong>,<a href=\"https:\/\/actu.fr\/occitanie\/montpellier_34172\/montpellier-avec-sa-lettre-ouverte-aux-eternels-mecontents-l-association-pari-jeu-de-paume-cree-le-debat_63046812.html\" rel=\"nofollow noopener\" target=\"_blank\"> la lettre ouverte publi\u00e9e par <strong>l\u2019association de commer\u00e7ants PARI Jeu de Paume<\/strong> sur les r\u00e9seaux sociaux<\/a> n\u2019a pas manqu\u00e9 de <strong>susciter des r\u00e9actions<\/strong>. Ceux nomm\u00e9s les \u00ab\u00a0rageux, r\u00e2leurs, critiqueurs professionnels, contradicteurs de service\u00a0\u00bb ont sorti leurs pl\u00fbmes affut\u00e9es. Tour d\u2019horizon de <strong>ces commentaires<\/strong> dont il est difficile pour certains de ne pas en faire <strong>une lecture politique<\/strong> mais qu\u2019il serait une erreur de limiter \u00e0 cela. Est-ce pour autant efficace quant au sujet d\u00e9fendu ?<\/p>\n<p>Deux visions<\/p>\n<p class=\" wall-content\">Compte tenu de sa nature et de celle des r\u00e9seaux sociaux, il aurait \u00e9t\u00e9 \u00e9tonnant que la lettre de l\u2019association de commer\u00e7ants PARI Jeu de Paume re\u00e7oive une accueille dithyrambique. Certains sont cependant all\u00e9s dans le m\u00eame sens comme Julia Delaunay : \u00ab\u00a0D\u2019accord avec l\u2019association. La critique peut \u00eatre constructive, et je suis la premi\u00e8re \u00e0 en faire sur d\u2019autres sujets, mais quand elle est permanente et de mauvaise foi, on ne l\u2019\u00e9coute plus\u00a0\u00bb ou encore \u00ab\u00a0Patrice Montpellier\u00a0\u00bb : \u00ab\u00a0Oui bravo \u00e0 cette association. La plupart du temps seuls les rageux s\u2019expriment sur les r\u00e9seaux sociaux. \u00c7a fait du bien de lire des gens qui savent reconnaitre ce qui va bien tout en restant lucides\u00a0\u00bb. Gilles Raynaud abonde : \u00ab\u00a0Tout \u00e0 fait en accord avec eux, \u00e7a suffit les d\u00e9tracteurs de tout poil qui nous pourrissent la vie en d\u00e9nigrant Montpellier. Si ils ne sont pas contents qu\u2019ils quittent Montpellier, basta\u2026. \u00c7a devient un v\u00e9ritable jeu amplifi\u00e9 par les \u00e9lections \u00e0 venir\u2026 Oui le maire a pris des engagements, il a fait ce qu\u2019il avait dit (pour une fois c\u2019est rare) alors laissez-nous vivre dans cette belle ville et continuons le vivre ensemble de Montpellier\u00a0\u00bb.<\/p>\n<p class=\" wall-content\">Un constat que ne partage pas Isabelle Rivi\u00e8re. \u00ab\u00a0Je vis \u00e0 Montpellier depuis 45 ans, j\u2019ai vu la ville changer et aujourd\u2019hui je ne reconnais plus ma ville dynamique, chaleureuse, joyeuse et pleine de vie. C\u2019est un immense chantier o\u00f9 l\u2019on casse ce qui a \u00e9t\u00e9 construit, certes tout n\u2019est pas n\u00e9gatif mais quand on voit comment se transforme Montpellier, on se dit que nos repr\u00e9sentants vivent probablement dans des quartiers \u00ab\u00a0prot\u00e9g\u00e9s\u00a0\u00bb ou hors de la ville. Cette ville a perdu sa douceur de vivre et c\u2019est bien triste. Alors, continuez \u00e0 taper sur les habitants qui ne sont pas d\u2019accord avec vous, c\u2019est une id\u00e9e de la d\u00e9mocratie que je ne partage pas\u2026\u00a0\u00bb souligne-t-elle. Sur la m\u00eame ligne, Sylvie Monnier appuie : \u00ab\u00a0Cela devient une habitude de traiter les gens de \u00ab\u00a0rageux\u00a0\u00bb ? Si le tableau est jug\u00e9 trop noir par certains, il faut convenir que faire preuve de citoyennet\u00e9 et donc de s\u2019exprimer est un droit pour tous. Se poser des questions sur les choix et orientations des d\u00e9cideurs n\u2019est pas une tare et la critique est une fa\u00e7on de participer au d\u00e9bat. Le m\u00e9pris et la condescendance aggravent la fracture, que les politiques ne se plaignent pas de la d\u00e9saffection du peuple lors des \u00e9lections, mais qu\u2019ils s\u2019en inqui\u00e8tent car c\u2019est la col\u00e8re qui devient la forme d\u2019expression principale\u00a0\u00bb. Un message entendu depuis longtemps maintenant expliquant l\u2019abstention qui, dans la lign\u00e9e des Gilets jaunes, s\u2019inscrit dans l\u2019id\u00e9e de la mobilisation annonc\u00e9e le 10 septembre.<\/p>\n<p>Une d\u00e9fense de Montpellier<\/p>\n<p class=\" wall-content\">Et si les messages s\u2019av\u00e8rent en opposition avec les politiques men\u00e9es, ils t\u00e9moignent pourtant de la m\u00eame inqui\u00e9tude globale pour la ville. Restent des chemins diff\u00e9rents pour y parvenir. \u00ab\u00a0Il est confortable de r\u00e9p\u00e9ter le discours officiel de la mairie. Mais sur le terrain, la r\u00e9alit\u00e9 est diff\u00e9rente : ce n\u2019est pas une \u201cvision politique\u201d ni des \u201cphotos tronqu\u00e9es\u201d. C\u2019est la r\u00e9alit\u00e9, des commerces qui ferment, de salari\u00e9s qui perdent leur emploi, de riverains qui se sentent coup\u00e9s de leur centre-ville\u00a0\u00bb <a href=\"https:\/\/www.facebook.com\/Kim.djenadi\/posts\/pfbid02dcfHYGmdGD1zcmonj8D5dEVsTSWMYRe8WEFnaqyEe5Yhu4H463GzFRT4c7wxXFg3l\" rel=\"nofollow noopener\" target=\"_blank\">observe Akkim Djenardi qui d\u00e9fend<\/a> : \u00ab\u00a0Alors oui, Montpellier est belle, oui elle a une \u00e9nergie unique, et oui nous l\u2019aimons profond\u00e9ment. Mais l\u2019aimer, c\u2019est aussi \u00eatre capable de dire quand \u00e7a ne va pas. L\u2019aimer, c\u2019est vouloir corriger ce qui met en danger son tissu \u00e9conomique et son \u00e2me commer\u00e7ante. Les commer\u00e7ants ne sont pas des \u201cm\u00e9contents professionnels\u201d. Ils ne cherchent pas \u00e0 briser l\u2019image de la ville, ils cherchent \u00e0 sauver leur vie. Car oui, quand une boutique ferme, ce n\u2019est pas seulement une vitrine qui s\u2019\u00e9teint : ce sont des familles qui s\u2019inqui\u00e8tent de demain. Je pr\u00e9f\u00e8re donc entendre leurs cris d\u2019alerte, m\u00eame d\u00e9rangeants, plut\u00f4t que de me bercer d\u2019illusions. Car c\u2019est dans ce dialogue franc, et non dans le d\u00e9ni, que pourra se dessiner un avenir r\u00e9ellement meilleur pour Montpellier\u00a0\u00bb.<\/p>\n<p>Vid\u00e9os : en ce moment sur ActuLe s\u00e9nateur Hussein Bourgi \u00e0 l&rsquo;offensive<\/p>\n<p>Le s\u00e9nateur de l&rsquo;H\u00e9rault Hussein Bourgi n&rsquo;est pas connu pour faire le dos rond sur les r\u00e9seaux sociaux. Le socialiste a d&rsquo;abord comment\u00e9 notre article en vantant les transformations pass\u00e9es du boulevard du Jeu de Paume et de la Place Albert 1er en appelant \u00ab\u00a0chacun \u00e0 se forger son opinion, en faisant preuve de lucidit\u00e9, de rigueur, de mesure, et si possible d\u2019objectivit\u00e9\u00a0\u00bb, ce qui a offert une premi\u00e8re passe d&rsquo;arme avec Isabelle Rivi\u00e8re accus\u00e9e d&rsquo;\u00eatre un faux-compte.<\/p>\n<p>L&rsquo;\u00e9change fut plus virulent avec B\u00e9reng\u00e8re Dubus, \u00e0 qui l&rsquo;\u00e9vocation dans notre article de la subvention \u00e0 l&rsquo;association et le timing de la lettre quant aux \u00e9lections municipales avaient visiblement \u00e9chapp\u00e9. Cette derni\u00e8re nous interpellant dans ce sens, Hussein Bourgi ne fit pas dans la finesse : \u00ab\u00a0Gnangnan gnangnan\u2026. Arr\u00eatez de geindre. Tout le monde ne court pas derri\u00e8re l\u2019argent. D\u00e9tendez-vous un peu\u00a0\u00bb ou encore \u00ab\u00a0Arr\u00eatez de pleurnicher. Vous voulez un paquet de mouchoirs ?\u00a0\u00bb Un message que la cheffe d&rsquo;entreprise montpelli\u00e9raine, habitu\u00e9e \u00e0 r\u00e9agir sur les m\u00e9dias et les r\u00e9seaux sociaux, appuy\u00e9e pour l&rsquo;occasion par son mari, a tr\u00e8s peu go\u00fbt\u00e9 : \u00ab\u00a0j\u2019ai pos\u00e9 ma question en tant que citoyenne engag\u00e9e dans le contr\u00f4le des d\u00e9penses publiques une question claire sur l\u2019usage des subventions \u00e0 l\u2019approche d\u2019\u00e9ch\u00e9ances \u00e9lectorales. Face \u00e0 cela, vous avez choisi de r\u00e9pondre  par des moqueries, du m\u00e9pris et une injonction infantilisante. Ce d\u00e9calage est frappant\u00a0\u00bb oppose-t-elle en demandant : \u00ab\u00a0Au lieu de m\u2019insulter puis me bloquer j\u2019invite Mr Bourgi \u00e0 pr\u00e9senter ses excuses et effacer ses commentaires qui mettent \u00e0 mal notre d\u00e9mocratie en montrant des \u00e9lus arrogants et m\u00e9prisants\u00a0\u00bb. L&rsquo;ambiance est toujours aussi agr\u00e9able sur les r\u00e9seaux sociaux&#8230;<\/p>\n<p class=\" wall-content\">En d\u00e9saccord avec la vision d\u00e9fendue par l\u2019association PARI Jeu de Paume, Martinelli Eleonore objecte : \u00ab\u00a0Vous dites que les critiques sont exag\u00e9r\u00e9es, mais elles ne sont rien d\u2019autres qu\u2019un miroir. Et si ce miroir d\u00e9range, ce n\u2019est pas \u00e0 nous d\u2019en rougir, c\u2019est aux d\u00e9cideurs de se demander pourquoi tant de citoyens s\u2019y reconnaissent. Car critiquer n\u2019est pas d\u00e9tester : c\u2019est s\u2019attacher, c\u2019est souffrir de voir sa ville ab\u00eem\u00e9e, et c\u2019est esp\u00e9rer mieux. Si nous n\u2019aimions pas Montpellier, nous ne perdrions pas notre temps \u00e0 \u00e9crire, \u00e0 t\u00e9moigner, \u00e0 essayer d\u2019alerter. Alors, oui, nous parlons. Oui, nous pointons ce qui ne va pas. Ce n\u2019est ni un caprice, ni un tabou, c\u2019est la base m\u00eame d\u2019une d\u00e9mocratie vivante. Parce que sans critique, il n\u2019y a plus qu\u2019une seule voix : celle du pouvoir en place. Et si cette voix est fausse ou trompeuse, c\u2019est toute la collectivit\u00e9 qui en paie le prix. Et au fond, ce n\u2019est pas une question d\u2019avoir une autre vision : ce qu\u2019on nous reproche, c\u2019est de ne pas applaudir\u00a0\u00bb.<\/p>\n<p>Votre r\u00e9gion, votre actu !<\/p>\n<p>Recevez chaque jour les infos qui comptent pour vous.<\/p>\n<p>\t<a href=\"https:\/\/actu.fr\/newsletter\" class=\"ac-btn ac-btn--corner ac-btn--medium ac-btn--blue800\" rel=\"nofollow noopener\" target=\"_blank\">S&rsquo;incrire<\/a><br \/>\nSous couvert d\u2019anonymat<\/p>\n<p class=\" wall-content\">Reste enfin le cas du profil Leana Attika. Sous couvert d\u2019anonymat, ce collectif, suivi dans le milieu politique et qui ne cache pas son soutien \u00e0 Philippe Saurel, tire \u00e0 boulets rouges sur Micha\u00ebl Delafosse et sa majorit\u00e9 depuis le d\u00e9but du mandat, s\u2019en prenant \u00e9galement \u00e0 notre m\u00e9dia et \u00e0 notre journaliste Jean-Marc Aubert, en d\u00e9passant r\u00e9guli\u00e8rement le cadre de la dignit\u00e9 et de la politesse du d\u00e9bat, voire de la vie priv\u00e9e. Plusieurs plaintes et une information judiciaire sont d\u2019ailleurs en cours d\u2019instruction contre les gestionnaires du compte. \u00c9videmment, la publication de l\u2019association de commer\u00e7ants ne leur a pas \u00e9chapp\u00e9 \u00e0 laquelle ils ont oppos\u00e9 une \u00ab\u00a0lettre ouverte \u00e0 l\u2019association pari jeu de paume et aux autres b\u00e9ni oui oui. \u00c0 vous, d\u00e9fenseurs aveugles, perroquets du discours officiel, optimistes de service\u00a0\u00bb en pr\u00e9sentant : \u00ab\u00a0Montpellier n\u2019est pas ce d\u00e9cor de carte postale que vous d\u00e9crivez \u00e0 longueur de posts. Montpellier n\u2019est pas cette ville paisible o\u00f9 il ferait bon fl\u00e2ner sans contrainte. Montpellier est aujourd\u2019hui meurtrie, ab\u00eem\u00e9e, \u00e9touff\u00e9e par des choix politiques qui ignorent le quotidien de ses habitants et de ses commer\u00e7ants\u00a0\u00bb.<\/p>\n<p class=\" wall-content\"><a href=\"https:\/\/www.facebook.com\/permalink.php?story_fbid=pfbid02P2igLQbN7b9WQQ1NMsPmxpyJyJYAGppyW5jUM2JjYd573TiJVE5hVCkd1Nxyj3fJl&amp;id=100090088694381\" rel=\"nofollow noopener\" target=\"_blank\">Une missive contenant diff\u00e9rents \u00e9l\u00e9ments de langage<\/a> r\u00e9utilis\u00e9s ensuite par de vrais et faux comptes augmentant l\u2019\u00e9cho n\u00e9gatif. Elle ou ils, brefs ces courageux anonymes, ayant mis en avant une subvention de 5 000\u20ac attribu\u00e9e par la Ville \u00e0 l\u2019association pour l\u2019organisation de diff\u00e9rentes animations, beaucoup ont repris l\u2019argument et dout\u00e9 de la sinc\u00e9rit\u00e9 de la lettre ouverte et de son pr\u00e9sident Laurent Roy. Celui-ci s\u2019\u00e9tant montr\u00e9 critique au d\u00e9but du mandat, cette prise de parole est ainsi davantage vue comme une prise de position \u00e0 quelques mois des municipales. \u00c0 ce compte, beaucoup risquent d\u2019\u00eatre suspects\u2026 De l\u00e0 \u00e0 \u00eatre coupable ? Encore faut-il en avoir les preuves. C\u2019est toute la diff\u00e9rence entre un ragot et une information mais ainsi va la politique et les r\u00e9seaux sociaux. Reste l\u2019honneur et la dignit\u00e9 de chacun ainsi que la v\u00e9rit\u00e9 des urnes\u2026 pour ceux qui ont le courage de se pr\u00e9senter face aux \u00e9lecteurs. \u00c7a tombe bien, il y a une \u00e9ch\u00e9ance dans quelques mois. Si certains veulent sortir de l\u2019anonymat ou franchir le cap des r\u00e9seaux sociaux, c\u2019est le moment.<\/p>\n<p class=\" wall-content\">Personnalisez votre actualit\u00e9 en ajoutant vos villes et m\u00e9dias en favori avec <a href=\"https:\/\/moncompte.actu.fr\" title=\"D\u00e9couvez Mon Actu\" rel=\"nofollow noopener\" data-trk=\"{&quot;cta&quot;:{&quot;action&quot;:&quot;https:\\\/\\\/moncompte.actu.fr&quot;,&quot;category&quot;:&quot;mon compte&quot;,&quot;from&quot;:&quot;article footer&quot;,&quot;name&quot;:&quot;Mon actu&quot;,&quot;type&quot;:&quot;cta&quot;}}\" target=\"_blank\">Mon Actu<\/a>.<\/p>\n","protected":false},"excerpt":{"rendered":"Par C\u00e9dric Nithard Publi\u00e9 le 20 ao\u00fbt 2025 \u00e0 17h03 En d\u00e9fendant une vision optimiste des transformations de&hellip;\n","protected":false},"author":2,"featured_media":331905,"comment_status":"","ping_status":"","sticky":false,"template":"","format":"standard","meta":{"footnotes":""},"categories":[9599],"tags":[1111,11,1777,674,1011,27,2208,12,2680,25,104],"class_list":{"0":"post-331904","1":"post","2":"type-post","3":"status-publish","4":"format-standard","5":"has-post-thumbnail","7":"category-montpellier","8":"tag-actu","9":"tag-actualites","10":"tag-eu","11":"tag-europe","12":"tag-fr","13":"tag-france","14":"tag-montpellier","15":"tag-news","16":"tag-occitanie","17":"tag-republique-francaise","18":"tag-societe"},"share_on_mastodon":{"url":"https:\/\/pubeurope.com\/@fr\/115061902926387068","error":""},"_links":{"self":[{"href":"https:\/\/www.europesays.com\/fr\/wp-json\/wp\/v2\/posts\/331904","targetHints":{"allow":["GET"]}}],"collection":[{"href":"https:\/\/www.europesays.com\/fr\/wp-json\/wp\/v2\/posts"}],"about":[{"href":"https:\/\/www.europesays.com\/fr\/wp-json\/wp\/v2\/types\/post"}],"author":[{"embeddable":true,"href":"https:\/\/www.europesays.com\/fr\/wp-json\/wp\/v2\/users\/2"}],"replies":[{"embeddable":true,"href":"https:\/\/www.europesays.com\/fr\/wp-json\/wp\/v2\/comments?post=331904"}],"version-history":[{"count":0,"href":"https:\/\/www.europesays.com\/fr\/wp-json\/wp\/v2\/posts\/331904\/revisions"}],"wp:featuredmedia":[{"embeddable":true,"href":"https:\/\/www.europesays.com\/fr\/wp-json\/wp\/v2\/media\/331905"}],"wp:attachment":[{"href":"https:\/\/www.europesays.com\/fr\/wp-json\/wp\/v2\/media?parent=331904"}],"wp:term":[{"taxonomy":"category","embeddable":true,"href":"https:\/\/www.europesays.com\/fr\/wp-json\/wp\/v2\/categories?post=331904"},{"taxonomy":"post_tag","embeddable":true,"href":"https:\/\/www.europesays.com\/fr\/wp-json\/wp\/v2\/tags?post=331904"}],"curies":[{"name":"wp","href":"https:\/\/api.w.org\/{rel}","templated":true}]}}