{"id":331906,"date":"2025-08-20T15:54:15","date_gmt":"2025-08-20T15:54:15","guid":{"rendered":"https:\/\/www.europesays.com\/fr\/331906\/"},"modified":"2025-08-20T15:54:15","modified_gmt":"2025-08-20T15:54:15","slug":"info-76actu-on-en-sait-plus-sur-lhomme-retrouve-mort-dans-la-seine-a-rouen-fin-juillet","status":"publish","type":"post","link":"https:\/\/www.europesays.com\/fr\/331906\/","title":{"rendered":"INFO 76ACTU. On en sait plus sur l&rsquo;homme retrouv\u00e9 mort dans la Seine \u00e0 Rouen, fin juillet"},"content":{"rendered":"<p>            Par<br \/>\n        <strong><br \/>\n            <a href=\"https:\/\/actu.fr\/auteur\/julien-bouteiller\" title=\"Consulter tous les articles de Julien Bouteiller\" target=\"_blank\" rel=\"noopener\">Julien Bouteiller<\/a><br \/>\n        <\/strong><\/p>\n<p>        Publi\u00e9 le<\/p>\n<p>            20 ao\u00fbt 2025 \u00e0 17h14        <\/p>\n<p>Souvenez-vous, le mercredi 30\u00a0juillet 2025, <a href=\"https:\/\/actu.fr\/normandie\/rouen_76540\/un-corps-repeche-dans-la-seine-a-rouen-ce-mercredi-matin_62975426.html\" target=\"_blank\" rel=\"noopener\">le corps d\u2019un homme avait \u00e9t\u00e9 retrouv\u00e9 dans la Seine<\/a> \u00e0 <strong>Rouen<\/strong>. Jusqu\u2019\u00e0 pr\u00e9sent, aucun \u00e9l\u00e9ment n\u2019avait pu \u00eatre communiqu\u00e9 sur la victime ou les circonstances de son d\u00e9c\u00e8s. Mais, ce 20\u00a0ao\u00fbt, <strong>le parquet de Rouen en a r\u00e9v\u00e9l\u00e9 davantage \u00e0\u00a076actu.<\/strong><\/p>\n<p>Qui est l\u2019homme retrouv\u00e9 dans la Seine en juillet<\/p>\n<p class=\" wall-content\">Le 30\u00a0juillet, le corps avait \u00e9t\u00e9 retrouv\u00e9 aux alentours de 8h30, \u00e0 proximit\u00e9 du pont Jeanne-d\u2019Arc. Rep\u00each\u00e9 par les sapeurs-pompiers, il avait \u00e9t\u00e9 laiss\u00e9 \u00e0 la police, <strong>charg\u00e9e de l\u2019enqu\u00eate sur ce d\u00e9c\u00e8s.<\/strong><\/p>\n<p class=\" wall-content\">Aujourd\u2019hui, on apprend que la victime \u00e9tait un homme de 28\u00a0ans, port\u00e9 disparu le 27\u00a0juillet. Sa famille avait alors <a href=\"https:\/\/actu.fr\/normandie\/rouen_76540\/un-homme-de-28-ans-a-disparu-a-rouen-sa-famille-lance-un-appel-a-l-aide-on-le-cherche-partout_62987914.html\" target=\"_blank\" rel=\"noopener\">lanc\u00e9 un appel \u00e0 t\u00e9moins pour le retrouver<\/a>.<\/p>\n<p class=\" wall-content\">Le jeune homme<strong> r\u00e9sidant en r\u00e9gion parisienne<\/strong> \u00e9tait en vacances familiales en Normandie. Dans la nuit du 26 au 27\u00a0juillet, pris de maux de ventre, il est transport\u00e9 \u00e0 l\u2019h\u00f4pital par les pompiers. <strong>\u00ab\u2009Et depuis, plus rien\u2009\u00bb<\/strong>, nous relatait son fr\u00e8re quelques jours plus tard. Il confiait que sa famille l\u2019avait cherch\u00e9 partout, en vain.<\/p>\n<p>Mort par noyade<\/p>\n<p class=\" wall-content\">On sait d\u00e9sormais par le parquet qu\u2019il \u00ab\u2009quittait les urgences alors que sa prise en charge n\u2019\u00e9tait pas achev\u00e9e et sans qu\u2019il attende une prise en charge par des proches\u2009\u00bb.<\/p>\n<p class=\" wall-content\">Apr\u00e8s examen du corps et enqu\u00eate, \u00ab\u2009aucun \u00e9l\u00e9ment en faveur de l\u2019intervention d\u2019un tiers n\u2019a \u00e9t\u00e9 r\u00e9v\u00e9l\u00e9e, <strong>la mort \u00e9tant intervenue par noyade dans<\/strong> des conditions non d\u00e9termin\u00e9es\u2009\u00bb. La proc\u00e9dure a donc \u00e9t\u00e9 class\u00e9e sans suite.<\/p>\n<p>Suivez l\u2019actualit\u00e9 de Rouen <a href=\"https:\/\/www.whatsapp.com\/channel\/0029VaKfnf99hXF2ddApFB1D\" target=\"_blank\" rel=\"noopener\">sur notre cha\u00eene WhatsApp<\/a> et <a href=\"https:\/\/www.tiktok.com\/@76actu.fr?lang=fr\" target=\"_blank\" rel=\"noopener\">sur notre compte TikTok<\/a><\/p>\n<p class=\" wall-content\">Personnalisez votre actualit\u00e9 en ajoutant vos villes et m\u00e9dias en favori avec <a href=\"https:\/\/moncompte.actu.fr\" title=\"D\u00e9couvez Mon Actu\" rel=\"nofollow noopener\" data-trk=\"{&quot;cta&quot;:{&quot;action&quot;:&quot;https:\\\/\\\/moncompte.actu.fr&quot;,&quot;category&quot;:&quot;mon compte&quot;,&quot;from&quot;:&quot;article footer&quot;,&quot;name&quot;:&quot;Mon actu&quot;,&quot;type&quot;:&quot;cta&quot;}}\" target=\"_blank\">Mon Actu<\/a>.<\/p>\n<p>                    <script async src=\"\/\/www.tiktok.com\/embed.js\"><\/script><\/p>\n","protected":false},"excerpt":{"rendered":"Par Julien Bouteiller Publi\u00e9 le 20 ao\u00fbt 2025 \u00e0 17h14 Souvenez-vous, le mercredi 30\u00a0juillet 2025, le corps d\u2019un&hellip;\n","protected":false},"author":2,"featured_media":331907,"comment_status":"","ping_status":"","sticky":false,"template":"","format":"standard","meta":{"footnotes":""},"categories":[9587],"tags":[1111,11,3676,1777,674,118,1011,27,5353,12,5161,25,9590],"class_list":{"0":"post-331906","1":"post","2":"type-post","3":"status-publish","4":"format-standard","5":"has-post-thumbnail","7":"category-rouen","8":"tag-actu","9":"tag-actualites","10":"tag-disparition-inquietante","11":"tag-eu","12":"tag-europe","13":"tag-faits-divers","14":"tag-fr","15":"tag-france","16":"tag-la-seine","17":"tag-news","18":"tag-normandie","19":"tag-republique-francaise","20":"tag-rouen"},"share_on_mastodon":{"url":"https:\/\/pubeurope.com\/@fr\/115061906806005333","error":""},"_links":{"self":[{"href":"https:\/\/www.europesays.com\/fr\/wp-json\/wp\/v2\/posts\/331906","targetHints":{"allow":["GET"]}}],"collection":[{"href":"https:\/\/www.europesays.com\/fr\/wp-json\/wp\/v2\/posts"}],"about":[{"href":"https:\/\/www.europesays.com\/fr\/wp-json\/wp\/v2\/types\/post"}],"author":[{"embeddable":true,"href":"https:\/\/www.europesays.com\/fr\/wp-json\/wp\/v2\/users\/2"}],"replies":[{"embeddable":true,"href":"https:\/\/www.europesays.com\/fr\/wp-json\/wp\/v2\/comments?post=331906"}],"version-history":[{"count":0,"href":"https:\/\/www.europesays.com\/fr\/wp-json\/wp\/v2\/posts\/331906\/revisions"}],"wp:featuredmedia":[{"embeddable":true,"href":"https:\/\/www.europesays.com\/fr\/wp-json\/wp\/v2\/media\/331907"}],"wp:attachment":[{"href":"https:\/\/www.europesays.com\/fr\/wp-json\/wp\/v2\/media?parent=331906"}],"wp:term":[{"taxonomy":"category","embeddable":true,"href":"https:\/\/www.europesays.com\/fr\/wp-json\/wp\/v2\/categories?post=331906"},{"taxonomy":"post_tag","embeddable":true,"href":"https:\/\/www.europesays.com\/fr\/wp-json\/wp\/v2\/tags?post=331906"}],"curies":[{"name":"wp","href":"https:\/\/api.w.org\/{rel}","templated":true}]}}