{"id":331910,"date":"2025-08-20T15:56:16","date_gmt":"2025-08-20T15:56:16","guid":{"rendered":"https:\/\/www.europesays.com\/fr\/331910\/"},"modified":"2025-08-20T15:56:16","modified_gmt":"2025-08-20T15:56:16","slug":"pres-de-grenoble-cette-maladie-tropicale-continue-denvahir-cette-commune-lars-alerte","status":"publish","type":"post","link":"https:\/\/www.europesays.com\/fr\/331910\/","title":{"rendered":"Pr\u00e8s de Grenoble. Cette maladie tropicale continue d&rsquo;envahir cette commune, l&rsquo;ARS alerte"},"content":{"rendered":"<p>            Par<br \/>\n        <strong><br \/>\n            <a href=\"https:\/\/actu.fr\/auteur\/julien-sournies\" title=\"Consulter tous les articles de Julien Sournies\" rel=\"nofollow noopener\" target=\"_blank\">Julien Sournies<\/a><br \/>\n        <\/strong><\/p>\n<p>        Publi\u00e9 le<\/p>\n<p>            20 ao\u00fbt 2025 \u00e0 17h15        <\/p>\n<p>La propagation de cette <a href=\"https:\/\/actu.fr\/auvergne-rhone-alpes\/eybens_38158\/pres-de-grenoble-une-deuxieme-commune-de-la-metropole-touchee-par-cette-maladie-tropicale_63027724.html\" rel=\"nofollow noopener\" target=\"_blank\">maladie tropicale<\/a> se poursuit en <a href=\"https:\/\/actu.fr\/auvergne-rhone-alpes\/isere_38\" rel=\"nofollow noopener\" target=\"_blank\">Is\u00e8re<\/a>. Alors que la commune d\u2019Eybens, pr\u00e8s de <a href=\"https:\/\/actu.fr\/grenoble\/\" rel=\"nofollow noopener\" target=\"_blank\">Grenoble<\/a>, a fait face \u00e0 un premier cas de chikungunya la semaine derni\u00e8re, l\u2019Agence r\u00e9gionale de sant\u00e9 (ARS) a inform\u00e9 la municipalit\u00e9 eybinoise de deux nouveaux cas autochtones av\u00e9r\u00e9s sur le territoire communal ce lundi 18\u00a0ao\u00fbt.<\/p>\n<p>Une op\u00e9ration de d\u00e9moustication \u00e0 venir<\/p>\n<p class=\" wall-content\">En cons\u00e9quence, <strong>sur d\u00e9cision de l\u2019ARS<\/strong>, une<strong> nouvelle op\u00e9ration de d\u00e9moustication<\/strong>, men\u00e9e par l\u2019Entente interd\u00e9partementale de d\u00e9moustication (EID), est programm\u00e9e dans la nuit du jeudi\u00a021 au vendredi 22\u00a0ao\u00fbt.<\/p>\n<p class=\" wall-content\">\u00ab\u2009Les habitants concern\u00e9s par cette op\u00e9ration de d\u00e9moustication ont \u00e9t\u00e9 inform\u00e9s par un <strong>flyer<\/strong> dans leurs bo\u00eetes aux lettres expliquant la conduite \u00e0 tenir pendant et apr\u00e8s le traitement\u2009\u00bb, pr\u00e9cise la mairie dans son communiqu\u00e9.<\/p>\n<blockquote class=\"ac-article-quote wall-content\">\n<p>L&rsquo;objectif de ce traitement est de limiter les risques de transmission \u00e0 d&rsquo;autres personnes en \u00e9liminant les moustiques adultes, vecteurs du virus.<\/p>\n<p>    <strong>Ville d&rsquo;Eybens<\/strong>\n            <\/p><\/blockquote>\n<p>    <a href=\"https:\/\/www.google.com\/maps\/embed?pb=!1m18!1m12!1m3!1d16149.470970462233!2d5.728083492388135!3d45.152654313670475!2m3!1f0!2f0!3f0!3m2!1i1024!2i768!4f13.1!3m3!1m2!1s0x478a8ad40a11ad13%3A0x487cc0ace6284eda!2s38320%20Eybens!5e1!3m2!1sfr!2sfr!4v1755702162963!5m2!1sfr!2sfr\" title=\"Ouvrie le lien\" rel=\"nofollow noopener\" target=\"_blank\">Cliquez ici pour visualiser le contenu<\/a><\/p>\n<p>Des cas autochtones<\/p>\n<p class=\" wall-content\">\u00c0 noter qu\u2019\u00e0 l\u2019instar du premier, ces deux nouveaux cas sont\u00a0autochtones, c\u2019est-\u00e0-dire que les personnes ont contract\u00e9 le chikungunya en Is\u00e8re sans s\u2019\u00eatre rendues dans une zone \u00e0 risque.<\/p>\n<p class=\" wall-content\">L\u2019ARS ajoute par ailleurs que les deux individus \u00ab\u2009ont \u00e9t\u00e9 contamin\u00e9s <strong>avant la premi\u00e8re op\u00e9ration<\/strong> de d\u00e9moustication\u2009\u00bb.<\/p>\n<p>Votre r\u00e9gion, votre actu !<\/p>\n<p>Recevez chaque jour les infos qui comptent pour vous.<\/p>\n<p>\t<a href=\"https:\/\/actu.fr\/newsletter\" class=\"ac-btn ac-btn--corner ac-btn--medium ac-btn--blue800\" rel=\"nofollow noopener\" target=\"_blank\">S&rsquo;incrire<\/a><\/p>\n<p class=\" wall-content\">Il s\u2019agit donc \u00e0 ce jour des 7e et 8e cas de chikungunya r\u00e9pertori\u00e9s dans la m\u00e9tropole de Grenoble. Pour rappel, les cinq autres cas ont \u00e9t\u00e9 localis\u00e9s \u00e0 <a href=\"https:\/\/actu.fr\/auvergne-rhone-alpes\/claix_38111\/grenoble-moustique-tigre-cette-commune-a-nouveau-concernee-par-une-mesure-d-urgence-de-l-ars_62996947.html\" rel=\"nofollow noopener\" target=\"_blank\">Claix<\/a>.<\/p>\n<p class=\" wall-content\">Personnalisez votre actualit\u00e9 en ajoutant vos villes et m\u00e9dias en favori avec <a href=\"https:\/\/moncompte.actu.fr\" title=\"D\u00e9couvez Mon Actu\" rel=\"nofollow noopener\" data-trk=\"{&quot;cta&quot;:{&quot;action&quot;:&quot;https:\\\/\\\/moncompte.actu.fr&quot;,&quot;category&quot;:&quot;mon compte&quot;,&quot;from&quot;:&quot;article footer&quot;,&quot;name&quot;:&quot;Mon actu&quot;,&quot;type&quot;:&quot;cta&quot;}}\" target=\"_blank\">Mon Actu<\/a>.<\/p>\n","protected":false},"excerpt":{"rendered":"Par Julien Sournies Publi\u00e9 le 20 ao\u00fbt 2025 \u00e0 17h15 La propagation de cette maladie tropicale se poursuit&hellip;\n","protected":false},"author":2,"featured_media":331911,"comment_status":"","ping_status":"","sticky":false,"template":"","format":"standard","meta":{"footnotes":""},"categories":[9566],"tags":[1111,11,2430,1777,674,1011,27,2731,2856,12,25,71,104],"class_list":{"0":"post-331910","1":"post","2":"type-post","3":"status-publish","4":"format-standard","5":"has-post-thumbnail","7":"category-grenoble","8":"tag-actu","9":"tag-actualites","10":"tag-auvergne-rhone-alpes","11":"tag-eu","12":"tag-europe","13":"tag-fr","14":"tag-france","15":"tag-grenoble","16":"tag-moustique-tigre","17":"tag-news","18":"tag-republique-francaise","19":"tag-sante","20":"tag-societe"},"share_on_mastodon":{"url":"https:\/\/pubeurope.com\/@fr\/115061914606312683","error":""},"_links":{"self":[{"href":"https:\/\/www.europesays.com\/fr\/wp-json\/wp\/v2\/posts\/331910","targetHints":{"allow":["GET"]}}],"collection":[{"href":"https:\/\/www.europesays.com\/fr\/wp-json\/wp\/v2\/posts"}],"about":[{"href":"https:\/\/www.europesays.com\/fr\/wp-json\/wp\/v2\/types\/post"}],"author":[{"embeddable":true,"href":"https:\/\/www.europesays.com\/fr\/wp-json\/wp\/v2\/users\/2"}],"replies":[{"embeddable":true,"href":"https:\/\/www.europesays.com\/fr\/wp-json\/wp\/v2\/comments?post=331910"}],"version-history":[{"count":0,"href":"https:\/\/www.europesays.com\/fr\/wp-json\/wp\/v2\/posts\/331910\/revisions"}],"wp:featuredmedia":[{"embeddable":true,"href":"https:\/\/www.europesays.com\/fr\/wp-json\/wp\/v2\/media\/331911"}],"wp:attachment":[{"href":"https:\/\/www.europesays.com\/fr\/wp-json\/wp\/v2\/media?parent=331910"}],"wp:term":[{"taxonomy":"category","embeddable":true,"href":"https:\/\/www.europesays.com\/fr\/wp-json\/wp\/v2\/categories?post=331910"},{"taxonomy":"post_tag","embeddable":true,"href":"https:\/\/www.europesays.com\/fr\/wp-json\/wp\/v2\/tags?post=331910"}],"curies":[{"name":"wp","href":"https:\/\/api.w.org\/{rel}","templated":true}]}}