{"id":331912,"date":"2025-08-20T15:57:16","date_gmt":"2025-08-20T15:57:16","guid":{"rendered":"https:\/\/www.europesays.com\/fr\/331912\/"},"modified":"2025-08-20T15:57:16","modified_gmt":"2025-08-20T15:57:16","slug":"grenoble-loktoberfest-debarque-a-alpexpo-en-octobre","status":"publish","type":"post","link":"https:\/\/www.europesays.com\/fr\/331912\/","title":{"rendered":"Grenoble. L\u2019Oktoberfest d\u00e9barque \u00e0 Alpexpo en octobre"},"content":{"rendered":"<p>Pour la premi\u00e8re fois, Alpexpo va vivre l\u2019esprit festif de l\u2019Oktoberfest, la mythique f\u00eate de la bi\u00e8re allemande. Cet \u00e9v\u00e9nement in\u00e9dit est directement inspir\u00e9 du c\u00e9l\u00e8bre banquet bavarois. Un banquet g\u00e9ant pour un moment de convivialit\u00e9 \u00e0 la grenobloise.<\/p>\n<p>Dans une ambiance chaleureuse et ouverte aux plus de 18 ans, les participants prendront place sur de grandes tabl\u00e9es pour partager une exp\u00e9rience culinaire et musicale unique. \u00c0 l\u2019honneur dans les assiettes\u00a0: les incontournables de la gastronomie bavaroise revisit\u00e9s par le chef grenoblois Laurent Bouilloud du Vieux Moulin, avec au menu une escalope viennoise croustillante, un demi-poulet frites savoureux ou une assiette v\u00e9g\u00e9tarienne, le tout pr\u00e9par\u00e9 avec soin \u00e0 partir de produits locaux. Rythm\u00e9 aux sons de la Fanfare express, les cuivres animeront la soir\u00e9e avec diff\u00e9rents medleys, pop, rock, anciens et actuels, revisit\u00e9s pour le plus grand plaisir des convives qui pourront chanter dans une ambiance bon enfant, festive et bienveillante.<\/p>\n<p class=\"note\">Vendredi\u00a017 et samedi 18\u00a0octobre de 17\u00a0h\u00a030 \u00e0 23 heures\u00a0; Dimanche 19\u00a0octobre de 11 \u00e0 17 heures \u00e0 Alpexpo \u00e0 Grenoble. L\u2019entr\u00e9e \u00e0 l\u2019Oktoberfest se fait uniquement sur r\u00e9servation et les tables sont r\u00e9servables \u00e0 partir de quatre personnes (140\u00a0\u20ac) et jusqu\u2019\u00e0 16 personnes (560\u00a0\u20ac). Rens.\u00a0: oktoberfestgrenoble.fr<\/p>\n","protected":false},"excerpt":{"rendered":"Pour la premi\u00e8re fois, Alpexpo va vivre l\u2019esprit festif de l\u2019Oktoberfest, la mythique f\u00eate de la bi\u00e8re allemande.&hellip;\n","protected":false},"author":2,"featured_media":331913,"comment_status":"","ping_status":"","sticky":false,"template":"","format":"standard","meta":{"footnotes":""},"categories":[9566],"tags":[1111,11,2430,5738,11679,1687,112,1777,674,1011,27,2731,2732,108,12,25,3365],"class_list":{"0":"post-331912","1":"post","2":"type-post","3":"status-publish","4":"format-standard","5":"has-post-thumbnail","7":"category-grenoble","8":"tag-actu","9":"tag-actualites","10":"tag-auvergne-rhone-alpes","11":"tag-bourses","12":"tag-brocantes","13":"tag-culture-loisirs","14":"tag-edition-grenoble-agglomeration","15":"tag-eu","16":"tag-europe","17":"tag-fr","18":"tag-france","19":"tag-grenoble","20":"tag-grenoble-bassin","21":"tag-isere","22":"tag-news","23":"tag-republique-francaise","24":"tag-vide-greniers"},"share_on_mastodon":{"url":"https:\/\/pubeurope.com\/@fr\/115061918569601500","error":""},"_links":{"self":[{"href":"https:\/\/www.europesays.com\/fr\/wp-json\/wp\/v2\/posts\/331912","targetHints":{"allow":["GET"]}}],"collection":[{"href":"https:\/\/www.europesays.com\/fr\/wp-json\/wp\/v2\/posts"}],"about":[{"href":"https:\/\/www.europesays.com\/fr\/wp-json\/wp\/v2\/types\/post"}],"author":[{"embeddable":true,"href":"https:\/\/www.europesays.com\/fr\/wp-json\/wp\/v2\/users\/2"}],"replies":[{"embeddable":true,"href":"https:\/\/www.europesays.com\/fr\/wp-json\/wp\/v2\/comments?post=331912"}],"version-history":[{"count":0,"href":"https:\/\/www.europesays.com\/fr\/wp-json\/wp\/v2\/posts\/331912\/revisions"}],"wp:featuredmedia":[{"embeddable":true,"href":"https:\/\/www.europesays.com\/fr\/wp-json\/wp\/v2\/media\/331913"}],"wp:attachment":[{"href":"https:\/\/www.europesays.com\/fr\/wp-json\/wp\/v2\/media?parent=331912"}],"wp:term":[{"taxonomy":"category","embeddable":true,"href":"https:\/\/www.europesays.com\/fr\/wp-json\/wp\/v2\/categories?post=331912"},{"taxonomy":"post_tag","embeddable":true,"href":"https:\/\/www.europesays.com\/fr\/wp-json\/wp\/v2\/tags?post=331912"}],"curies":[{"name":"wp","href":"https:\/\/api.w.org\/{rel}","templated":true}]}}